{"id":286428,"date":"2026-03-03T03:49:14","date_gmt":"2026-03-03T03:49:14","guid":{"rendered":"https:\/\/www.europesays.com\/pl\/286428\/"},"modified":"2026-03-03T03:49:14","modified_gmt":"2026-03-03T03:49:14","slug":"z-dubaju-odlecial-pierwszy-samolot-tyle-osob-sledzi-ten-lot-onet","status":"publish","type":"post","link":"https:\/\/www.europesays.com\/pl\/286428\/","title":{"rendered":"Z Dubaju odlecia\u0142 pierwszy samolot. Tyle os\u00f3b \u015bledzi ten lot &#8211; Onet"},"content":{"rendered":"<ol>\n<li><a href=\"https:\/\/news.google.com\/rss\/articles\/CBMiwwFBVV95cUxQdnozWk8ycDN6OXZrcEdGdHVQWGRZeGd3QzAxRzd4Q1QzbzFoYldWVW5NN3JJTFI1Y0o0RnB4NUpKeVRaaXowZDRROEVHNFd3WmFjOHVoNkpLNzdRSXZtTEE3NWFSVHA0cEhwRVh6MjRRaTlpb3huRnV6bDc5YUhNR2NuUE15SlhQb1MyRlRfRVd3Z1l6TFZfdWVGTVBhdnFVbXBocnhaQXllNDRZZjRjTTNXVDNBaFpZQnNyNXMzRTRuR1k?oc=5\" target=\"_blank\" rel=\"nofollow noopener\">Z Dubaju odlecia\u0142 pierwszy samolot. Tyle os\u00f3b \u015bledzi ten lot<\/a>&nbsp;&nbsp;Onet<\/li>\n<li><a href=\"https:\/\/news.google.com\/rss\/articles\/CBMiugFBVV95cUxNRHlRWkNPZWZTV1gydHp1VnQtREcyTU5TcldzUEZSYWMzeTFpNHpYSnF4M2tVQkN1OXdNdXZ2WlZWbzc3NHBSZ1ZJMEFIMkd1aEp0TC1SeWhOZ2s4bzlZX0FhcVBLZk9tNzFZR2c4UjB6NkVlNngzbzB4Mjk2X3pXOC1hUmJJNXp5bnU2eDU3dHFRV05XRlFkaW5vT0stcVo5Snk0UktPajBnZWhQbmlVMGowYnNoTW9WckE?oc=5\" target=\"_blank\" rel=\"nofollow noopener\">Ira\u0144skie rakiety nad ZEA i Izraelem. W kolejnych krajach rozbrzmiewaj\u0105 alarmy [RELACJA NA \u017bYWO]<\/a>&nbsp;&nbsp;Wiadomo\u015bci Onet<\/li>\n<li><a href=\"https:\/\/news.google.com\/rss\/articles\/CBMitwFBVV95cUxPczBoZzIzRHdiSmpEMlBNNXp3U3FtR1BIOGNUOG9fNm81bm9oZmp0VlFuZlpuSXhSVDZnRGM4VVJiZ0tyYUpaUDhEZ3ZGaG94TnJ3NVlLbVhUVjVyc2N3a2QzdGhaS1FJQ3dqX3plblFWbnY2MHZHcFM0UnhjcHJmNTZkaVlTVnNDRW9wQ0stck83Qkl4RXE1bjVQVnpCREFXQTMzWUtNLWZhd1czNTY2bk1faUI2UkE?oc=5\" target=\"_blank\" rel=\"nofollow noopener\">Skutki wojny USA z Iranem. Czy arabskie linie poradz\u0105 sobie z kryzysem wizerunkowym?<\/a>&nbsp;&nbsp;Rzeczpospolita<\/li>\n<li><a href=\"https:\/\/news.google.com\/rss\/articles\/CBMilgFBVV95cUxQYlEzdDJkb1JRaEk1UDZCVXNTSWYwRS03ZXNhMnplYWJZZU5QV3pNSnVZY2lkUlhpVW9LYzVKdzBPR2RIemRGVE9saXZuT3NTa3dXcTZBNk9ORVpXT3VSM2dFVjhDS0YyeUZvazRoTmV2TmJyZlFpZXJRUGpnTmtHNE9YTW1wdkNqTmdKU0xwZVEyYU95MVE?oc=5\" target=\"_blank\" rel=\"nofollow noopener\">Zrobi\u0105, jak Polska. Te\u017c nie b\u0119d\u0105 \u015bci\u0105ga\u0107 obywateli<\/a>&nbsp;&nbsp;WP Wiadomo\u015bci<\/li>\n<li><a href=\"https:\/\/news.google.com\/rss\/articles\/CBMixAFBVV95cUxNdTFBSGZKQ1NFQVFFWkc3M3ZRT2dOR09QclNQbmVqcjA5dHZxd0xGcm5xbDFVamF4UDVFQ1VuZTF3WVhZc0wzS25aWHZOQ09NalZBR0w4aHc5QU1Vc2NNX0VMMFhKTmh3c200di1ZUG5yVXEwaUNMT3RiSjc5YjltNTM4OEg5UkQzeUE0UTJJZTlwOXBJejFXcWJ5azdPQV80ek50ZHJDaTJYVXdMQzREZThlVTVjMW1ha1BBRzN1TWhBVllG?oc=5\" target=\"_blank\" rel=\"nofollow noopener\">Linie Emirates przywracaj\u0105 po\u0142\u0105czenia. Wa\u017cne informacje dla pasa\u017cer\u00f3w<\/a>&nbsp;&nbsp;Business Insider Polska<\/li>\n<\/ol>\n","protected":false},"excerpt":{"rendered":"Z Dubaju odlecia\u0142 pierwszy samolot. Tyle os\u00f3b \u015bledzi ten lot&nbsp;&nbsp;Onet Ira\u0144skie rakiety nad ZEA i Izraelem. W kolejnych&hellip;\n","protected":false},"author":2,"featured_media":286429,"comment_status":"","ping_status":"","sticky":false,"template":"","format":"standard","meta":{"footnotes":"","_share_on_mastodon":"0"},"categories":[14],"tags":[32,33,244,1625,35614,27,67,307,34,35,2466,28,31,53,25,52,68,51,55,10421,40,41,47,80,29,30,65,50,26,82,83,84],"class_list":["post-286428","post","type-post","status-publish","format-standard","has-post-thumbnail","category-swiat","tag-breaking-news","tag-breakingnews","tag-ctr_tst","tag-dubaj","tag-emirates","tag-headlines","tag-intextvideo_splayer","tag-iran_kraj","tag-latest-news","tag-latestnews","tag-lotnictwo_samoloty_samolot_przemysl_lotniczy_linie_lotnicze_lotnictwo_wojskowe_ruch_lotniczy","tag-naglowki","tag-najwazniejsze-artykuly","tag-new_header","tag-news","tag-onet3","tag-onet3d","tag-onet3d_2i","tag-phx","tag-podroze_onet","tag-polish","tag-polski","tag-screening_general","tag-swiat","tag-top-stories","tag-topstories","tag-update_me","tag-v2021","tag-wiadomosci","tag-world","tag-world-news","tag-worldnews"],"share_on_mastodon":{"url":"","error":"Validation failed: Text character limit of 500 exceeded"},"_links":{"self":[{"href":"https:\/\/www.europesays.com\/pl\/wp-json\/wp\/v2\/posts\/286428","targetHints":{"allow":["GET"]}}],"collection":[{"href":"https:\/\/www.europesays.com\/pl\/wp-json\/wp\/v2\/posts"}],"about":[{"href":"https:\/\/www.europesays.com\/pl\/wp-json\/wp\/v2\/types\/post"}],"author":[{"embeddable":true,"href":"https:\/\/www.europesays.com\/pl\/wp-json\/wp\/v2\/users\/2"}],"replies":[{"embeddable":true,"href":"https:\/\/www.europesays.com\/pl\/wp-json\/wp\/v2\/comments?post=286428"}],"version-history":[{"count":0,"href":"https:\/\/www.europesays.com\/pl\/wp-json\/wp\/v2\/posts\/286428\/revisions"}],"wp:featuredmedia":[{"embeddable":true,"href":"https:\/\/www.europesays.com\/pl\/wp-json\/wp\/v2\/media\/286429"}],"wp:attachment":[{"href":"https:\/\/www.europesays.com\/pl\/wp-json\/wp\/v2\/media?parent=286428"}],"wp:term":[{"taxonomy":"category","embeddable":true,"href":"https:\/\/www.europesays.com\/pl\/wp-json\/wp\/v2\/categories?post=286428"},{"taxonomy":"post_tag","embeddable":true,"href":"https:\/\/www.europesays.com\/pl\/wp-json\/wp\/v2\/tags?post=286428"}],"curies":[{"name":"wp","href":"https:\/\/api.w.org\/{rel}","templated":true}]}}