{"id":286492,"date":"2026-03-03T05:56:22","date_gmt":"2026-03-03T05:56:22","guid":{"rendered":"https:\/\/www.europesays.com\/pl\/286492\/"},"modified":"2026-03-03T05:56:22","modified_gmt":"2026-03-03T05:56:22","slug":"szesciu-kierowcow-w-weekend-stracilo-prawo-jazdy-hej-mielec-pl","status":"publish","type":"post","link":"https:\/\/www.europesays.com\/pl\/286492\/","title":{"rendered":"Sze\u015bciu kierowc\u00f3w w weekend straci\u0142o prawo jazdy &#8211; HEJ.MIELEC.PL"},"content":{"rendered":"<p>            Tylko w ci\u0105gu minionego weekendu policjanci z mieleckiego wydzia\u0142u ruchu drogowego zatrzymali sze\u015bciu kierowc\u00f3w, kt\u00f3rzy przekroczyli dopuszczaln\u0105 pr\u0119dko\u015b\u0107 o ponad 50 km\/h w obszarze zabudowanym. Opr\u00f3cz utraty prawa jazdy na 3 miesi\u0105ce, kieruj\u0105cy musieli liczy\u0107 si\u0119 z konsekwencjami w postaci wysokich mandat\u00f3w.<\/p>\n<p>W pi\u0105tek, 27 lutego, na al. Kwiatkowskiego w Mielcu mundurowi zatrzymali kieruj\u0105cego motocyklem yamaha, 25-letni mieszkaniec gminy Radomy\u015bl Wielki, porusza\u0142 si\u0119 z pr\u0119dko\u015bci\u0105 131 km\/h.<\/p>\n<p>W sobot\u0119 mundurowi zatrzymali czterech kierowc\u00f3w: kieruj\u0105cy volkswagenem, 28-letni mieszkaniec Wadowic Dolnych, porusza\u0142 si\u0119 z pr\u0119dko\u015bci\u0105 105 km\/h, (na al. Kwiatkowskiego w Mielcu), kieruj\u0105cy renault, 40-letni mieszkaniec powiatu ropczycko-s\u0119dziszowskiego, w Kliszowie porusza\u0142 si\u0119 z pr\u0119dko\u015bci\u0105 105 km\/h,\u00a0kieruj\u0105cy motocyklem kawasaki, 36-letni mieszkaniec Bia\u0142ego Boru, w Tuszymie porusza\u0142 si\u0119 z pr\u0119dko\u015bci\u0105 122 km\/h,\u00a0kieruj\u0105cy chevroletem, 24-letni mielczanin, na al. Kwiatkowskiego porusza\u0142 si\u0119 z pr\u0119dko\u015bci\u0105 125 km\/h.<\/p>\n<p>Z kolei w niedziel\u0119, 1 marca, przed\u00a0 godz. 19 w miejscowo\u015bci Tuszyma, kieruj\u0105cy mercedesem, 24-letni mieszkaniec powiatu d\u0119bickiego, porusza\u0142 si\u0119 z pr\u0119dko\u015bci\u0105 120 km\/h.<\/p>\n<p>Wysokie mandaty i punkty karne, to nie jedyne konsekwencje, z kt\u00f3rymi musieli zmierzy\u0107 si\u0119 kierowcy. Dodatkowo, policjanci ka\u017cdemu z nich zatrzymali prawo jazdy na okres 3 miesi\u0119cy.<\/p>\n<p class=\"bbcode\">::addons{&#8222;type&#8221;:&#8221;alert&#8221;}<\/p>\n","protected":false},"excerpt":{"rendered":"Tylko w ci\u0105gu minionego weekendu policjanci z mieleckiego wydzia\u0142u ruchu drogowego zatrzymali sze\u015bciu kierowc\u00f3w, kt\u00f3rzy przekroczyli dopuszczaln\u0105 pr\u0119dko\u015b\u0107&hellip;\n","protected":false},"author":2,"featured_media":286493,"comment_status":"","ping_status":"","sticky":false,"template":"","format":"standard","meta":{"footnotes":"","_share_on_mastodon":"0"},"categories":[12],"tags":[32,33,36,37,27,34,35,14432,28,31,25,42,38,414,40,39,41,13306,29,30,26],"class_list":["post-286492","post","type-post","status-publish","format-standard","has-post-thumbnail","category-polska","tag-breaking-news","tag-breakingnews","tag-featured-news","tag-featurednews","tag-headlines","tag-latest-news","tag-latestnews","tag-mielec","tag-naglowki","tag-najwazniejsze-artykuly","tag-news","tag-pl","tag-poland","tag-policja","tag-polish","tag-polska","tag-polski","tag-prawo-jazdy","tag-top-stories","tag-topstories","tag-wiadomosci"],"share_on_mastodon":{"url":"https:\/\/pubeurope.com\/@pl\/116163705730245251","error":""},"_links":{"self":[{"href":"https:\/\/www.europesays.com\/pl\/wp-json\/wp\/v2\/posts\/286492","targetHints":{"allow":["GET"]}}],"collection":[{"href":"https:\/\/www.europesays.com\/pl\/wp-json\/wp\/v2\/posts"}],"about":[{"href":"https:\/\/www.europesays.com\/pl\/wp-json\/wp\/v2\/types\/post"}],"author":[{"embeddable":true,"href":"https:\/\/www.europesays.com\/pl\/wp-json\/wp\/v2\/users\/2"}],"replies":[{"embeddable":true,"href":"https:\/\/www.europesays.com\/pl\/wp-json\/wp\/v2\/comments?post=286492"}],"version-history":[{"count":0,"href":"https:\/\/www.europesays.com\/pl\/wp-json\/wp\/v2\/posts\/286492\/revisions"}],"wp:featuredmedia":[{"embeddable":true,"href":"https:\/\/www.europesays.com\/pl\/wp-json\/wp\/v2\/media\/286493"}],"wp:attachment":[{"href":"https:\/\/www.europesays.com\/pl\/wp-json\/wp\/v2\/media?parent=286492"}],"wp:term":[{"taxonomy":"category","embeddable":true,"href":"https:\/\/www.europesays.com\/pl\/wp-json\/wp\/v2\/categories?post=286492"},{"taxonomy":"post_tag","embeddable":true,"href":"https:\/\/www.europesays.com\/pl\/wp-json\/wp\/v2\/tags?post=286492"}],"curies":[{"name":"wp","href":"https:\/\/api.w.org\/{rel}","templated":true}]}}