{"id":286702,"date":"2026-03-03T08:12:16","date_gmt":"2026-03-03T08:12:16","guid":{"rendered":"https:\/\/www.europesays.com\/pl\/286702\/"},"modified":"2026-03-03T08:12:16","modified_gmt":"2026-03-03T08:12:16","slug":"natalia-kukulska-konczy-50-lat-od-dzieciecej-gwiazdy-po-muzyczna-niezaleznosc","status":"publish","type":"post","link":"https:\/\/www.europesays.com\/pl\/286702\/","title":{"rendered":"Natalia Kukulska ko\u0144czy 50 lat. Od dzieci\u0119cej gwiazdy po muzyczn\u0105 niezale\u017cno\u015b\u0107"},"content":{"rendered":"<p>Urodzona 3 marca 1976 r. artystka mi\u0142o\u015b\u0107 do muzyki wynios\u0142a z domu \u2014 jest w ko\u0144cu c\u00f3rk\u0105 legendarnej ju\u017c <a href=\"https:\/\/kultura.onet.pl\/anna-jantar-piosenkarka\" id=\"7657bca3-9e82-430e-b068-84d14964da33\" rel=\"nofollow noopener\" target=\"_blank\">gwiazdy polskiej estrady Anny Jantar<\/a> oraz kompozytora wielu niezapomnianych przeboj\u00f3w,<a href=\"https:\/\/kultura.onet.pl\/jaroslaw-kukulski\" id=\"399c8acb-5db7-4229-ad5f-e501cec8ef0e\" rel=\"nofollow noopener\" target=\"_blank\"> Jaros\u0142awa Kukulskiego.<\/a><a href=\"https:\/\/kultura.onet.pl\/natalia-kukulska-piosenkarka\" id=\"0e0e1c5d-63a9-498d-a1fb-0886de1cf20b\" rel=\"nofollow noopener\" target=\"_blank\">Natalia Kukulska<\/a> rozpocz\u0119\u0142a karier\u0119 muzyczn\u0105 ju\u017c jako 7-latka. Dalszy ci\u0105g artyku\u0142u pod materia\u0142em wideo    <\/p>\n<p> Jakie albumy wyda\u0142a Natalia Kukulska w dzieci\u0144stwie? <\/p>\n<p> Kto jest ojcem Natalii Kukulskiej? <\/p>\n<p> Jakie zmiany zasz\u0142y w muzyce Kukulskiej po 2000 roku? <\/p>\n<p> Ile dzieci ma Natalia Kukulska? <\/p>\n<p>  Natalia Kukulska ko\u0144czy 50 lat. Tak si\u0119 zmienia\u0142a [ZDJ\u0118CIA]Jej pierwsze albumy z piosenkami dla dzieci, &#8222;Natalia&#8221; i &#8222;Bajki Natalki&#8221;, by\u0142y prawdziwym prekursorem <a href=\"https:\/\/kultura.onet.pl\/muzyka\/zdjecia\/od-fasolek-do-show-biznesu\/nx0l657\" id=\"345cee0b-f345-420f-8b43-0bbafde2aa1c\" rel=\"nofollow noopener\" target=\"_blank\">(u boku Fasolek)<\/a> gatunku muzyki skierowanej do najm\u0142odszych na polskim rynku muzycznym. Kt\u00f3\u017c dzi\u015b nie zna s\u0142\u00f3w do szlagieru &#8222;Puszek-okruszek&#8221; z muzyk\u0105 Jaros\u0142awa Kukulskiego i tekstem Jerzego D\u0105browskiego?<\/p>\n<p>Na przebojach z obu p\u0142yt wychowywa\u0142y si\u0119 ca\u0142e pokolenia, a kr\u0105\u017cki sprzeda\u0142y si\u0119 w ponad dw\u00f3ch milionach egzemplarzy. Dzi\u0119ki temu \u2014 jak czytamy w biogramie na jej oficjalnej stronie internetowej \u2014 wokalistka otrzyma\u0142a pierwsz\u0105 w historii polskiej fonografii platynow\u0105 p\u0142yt\u0119.<\/p>\n<p> <img decoding=\"async\" src=\"https:\/\/www.europesays.com\/pl\/wp-content\/uploads\/2026\/03\/Ecbk9lBaHR0cHM6Ly9vY2RuLmV1L3B1bHNjbXMvTURBXy8zOGEzYWU4M2M0ZjIxYTNiMzkzNjlkMWUxMjZmM2ViYi5qcGeSlQMAA.jpeg\" height=\"800\" width=\"528\" alt=\"Natalia Kukulska i aktor Mieczys\u0142aw Gajda w 1985 r.\" loading=\"lazy\" class=\"ods-c-image__img ods-c-image__img--vertical\"\/> <\/p>\n<p>Natalia Kukulska i aktor Mieczys\u0142aw Gajda w 1985 r.Andrzej Borecki \/ PAP<\/p>\n<p>Od dzieci\u0119cej gwiazdy przesz\u0142a d\u0142ug\u0105 drog\u0119 po muzyczn\u0105 niezale\u017cno\u015b\u0107. Prze\u0142omowe by\u0142y dla niej lata 90. W 1996 r. Kukulska wyda\u0142a sw\u00f3j pierwszy &#8222;doros\u0142y&#8221; album &#8222;\u015awiat\u0142o&#8221; (pochodzi\u0142 z niego m.in. singiel &#8222;D\u0142o\u0144&#8221;), a rok p\u00f3\u017aniej &#8222;Puls&#8221;, kt\u00f3ry odni\u00f3s\u0142 ogromny sukces.<\/p>\n<p>To tam znalaz\u0142y si\u0119 przeboje, jak &#8222;Im wi\u0119cej ciebie, tym mniej&#8221; czy &#8222;W biegu&#8221;, kt\u00f3re nuci\u0142a ca\u0142a Polska. Repertuar pomagali jej tworzy\u0107 m.in. Ryszard Kunce, a tak\u017ce Jacek Cygan, Ryszard Sygitowicz oraz jej ojciec. Z biegiem czasu jednak artystka nieco dystansuje si\u0119 od tych dokona\u0144. Dzi\u015b zdaj\u0105 si\u0119 jej zbyt patetyczne i podnios\u0142e, a zamiast balladowego i melancholijnego popu, woli stawia\u0107 na bardziej awangardowe muzyczne rozwi\u0105zania.<\/p>\n<p>\u2014 Widz\u0119 w tej piosence [&#8222;D\u0142o\u0144&#8221;] taki rodzaj naiwno\u015bci, kt\u00f3rego we mnie ju\u017c nie ma. Dzi\u015b inaczej my\u015bl\u0119 o pewnych sprawach. Poza tym nie potrafi\u0119 ju\u017c \u015bpiewa\u0107 takich patetycznych, zaanga\u017cowanych utwor\u00f3w. [&#8230;] Wiem, \u017ce s\u0105 ludzie, kt\u00f3rzy kochaj\u0105 ten utw\u00f3r i to jest w porz\u0105dku. Ja nie my\u015bl\u0119 o nim \u017ale. Po prostu jestem ju\u017c w innym miejscu \u2014 nie ma mnie w tej piosence \u2014 <a href=\"https:\/\/plejada.pl\/wywiady\/natalia-kukulska-nie-moze-juz-sluchac-dloni-dzis-woli-muzyke-chopina-wywiad\/jrkx063\" id=\"2ae7dc21-3d06-43f9-b12e-636614e48dc4\" rel=\"nofollow noopener\" target=\"_blank\">opowiada\u0142a w 2020 r. w rozmowie z Plejad\u0105.<\/a> <img decoding=\"async\" src=\"https:\/\/www.europesays.com\/pl\/wp-content\/uploads\/2026\/03\/cfzk9lBaHR0cHM6Ly9vY2RuLmV1L3B1bHNjbXMvTURBXy81MTkwNTA2ZWRhZjFlYmJkN2I3NjRlOTQ1MTY1NDcwMi5qcGeRlQLNB.jpeg\" height=\"800\" width=\"521\" alt=\"Natalia Kukulska (1993 r.)\" loading=\"lazy\" class=\"ods-c-image__img ods-c-image__img--vertical\"\/> <\/p>\n<p>Natalia Kukulska (1993 r.)Janusz Mazur \/ PAP<\/p>\n<p>  <img decoding=\"async\" src=\"https:\/\/www.europesays.com\/pl\/wp-content\/uploads\/2026\/03\/DbGk9lBaHR0cHM6Ly9vY2RuLmV1L3B1bHNjbXMvTURBXy8yZGYzNGQyYzhlY2E0OGNhMzYwYTc2MmYzM2YxN2M2Ny5qcGeRlQLNB.jpeg\" height=\"800\" width=\"563\" alt=\"Natalia Kukulska (2002 r.)\" loading=\"lazy\" class=\"ods-c-image__img ods-c-image__img--vertical\"\/> <\/p>\n<p>Natalia Kukulska (2002 r.)Jacek Turczyk \/ PAP<\/p>\n<p> Jeszcze do po\u0142owy lat 00. artystka wykonywa\u0142a popowe ballady, ale prze\u0142om nast\u0105pi\u0142 wraz <a href=\"https:\/\/kultura.onet.pl\/muzyka\/gatunki\/pop\/natalia-kukulska-sexi-flexi\/yq31r6k\" id=\"c34d0544-83ea-4a57-a840-4f0c8846be7a\" rel=\"nofollow noopener\" target=\"_blank\">z albumem &#8222;Sexi Flexi&#8221; (2007) <\/a>zarejestrowanym u boku Bartka Kr\u00f3lika i Marka Piotrowskiego z grupy Sistars. Jej brzmienie sta\u0142o si\u0119 bardziej funkowe i soulowe, a w kolejnych latach artystka zacz\u0119\u0142a eksplorowa\u0107 inne muzyczne rejony, jak muzyka elektroniczna, jazz, a nawet muzyka powa\u017cna.\u2014 Oni [producenci] mi bardzo otworzyli oczy i uszy na nowe rzeczy. Ich spos\u00f3b pracy by\u0142 dla mnie zupe\u0142nie czym\u015b nowym. Spojrza\u0142am inaczej na muzyk\u0119 i zacz\u0119\u0142am si\u0119 ni\u0105 bawi\u0107 i to s\u0142ycha\u0107 na tej p\u0142ycie. \u017be jest luz, \u017ce jest zabawa, nie [takie] powa\u017cne traktowanie tekstu i muzyki \u2014 opowiada\u0142a o albumie w 2014 r. w Programie Pierwszym Polskiego Radia artystka. <a href=\"https:\/\/kultura.onet.pl\/muzyka\/recenzje\/recenzja-natalia-kukulska-osmy-plan\/vbbp0qh\" id=\"ab1b9df8-c74c-4250-b376-00f6c7be18c3\" rel=\"nofollow noopener\" target=\"_blank\">W 2015 r. wyda\u0142a kr\u0105\u017cek &#8222;\u00d3smy plan&#8221;.<\/a> <img decoding=\"async\" src=\"https:\/\/www.europesays.com\/pl\/wp-content\/uploads\/2026\/03\/gZok9lBaHR0cHM6Ly9vY2RuLmV1L3B1bHNjbXMvTURBXy9jMTcyMjU3NTg4YTNmNzhmNTZkZjQwMjkwZTE4YWIxNS5qcGeRlQLNB.jpeg\" height=\"800\" width=\"531\" alt=\"Natalia Kukulska (2007 r.)\" loading=\"lazy\" class=\"ods-c-image__img ods-c-image__img--vertical\"\/> <\/p>\n<p>Natalia Kukulska (2007 r.)Leszek Szyma\u0144ski \/ PAP<\/p>\n<p> Natalia Kukulska nie liczy na przeboje. &#8222;Rozg\u0142o\u015bnie radiowe nie wpuszczaj\u0105 moich nowych utwor\u00f3w na anten\u0119&#8221;W 2020 r. zaanga\u017cowa\u0142a si\u0119 w powstanie nietypowego na polskim rynku kr\u0105\u017cka do muzyki Fryderyka Chopina, &#8222;Czu\u0142e struny&#8221;. <a href=\"https:\/\/kultura.onet.pl\/muzyka\/wywiady-i-artykuly\/natalia-kukulska-mtv-unplugged-wywiad-zatoczylam-kolo-znalazlam-nowa-intymnosc\/wxz6n1x\" id=\"454a4bf4-695f-4f9d-b606-b8c9ed72e09d\" rel=\"nofollow noopener\" target=\"_blank\">W 2022 r. swoje przeboje wykona\u0142a w ramach s\u0142ynnej serii &#8222;MTV Unplugged&#8221;<\/a>, a dwa lata p\u00f3\u017aniej na p\u00f3\u0142kach sklepowych pojawi\u0142 si\u0119 album &#8222;Dobrostan&#8221;. Dzi\u015b jako artystka Kukulska jest najbardziej \u015bwiadoma tego, co chce przekaza\u0107 sw\u0105 muzyk\u0105 i nie ma zamiaru konkurowa\u0107 o miejsca na listach przeboj\u00f3w. Interesuj\u0105ce jest dla niej poznawanie w\u0142asnych muzycznych granic.<\/p>\n<p>\u2014 Ja ju\u017c ten g\u0142\u00f3d [przeboj\u00f3w] mam dawno zaspokojony. Mimo \u017ce rozg\u0142o\u015bnie radiowe nie wpuszczaj\u0105 moich nowych utwor\u00f3w na anten\u0119, to podczas koncert\u00f3w ludzie \u015bwietnie na nie reaguj\u0105. Niekt\u00f3rzy s\u0105 bardzo zaskoczeni w sensie pozytywnym, \u017ce mam taki repertuar i dziwi\u0105 si\u0119, dlaczego radia tego nie graj\u0105. Ale jaki ja mam na to wp\u0142yw? \u017baden. Rozwijam si\u0119, robi\u0119 swoje i cz\u0119sto, je\u015bli kto\u015b przypadkiem trafi na moj\u0105 muzyk\u0119, do\u0142\u0105cza do moich odbiorc\u00f3w \u2014 m\u00f3wi\u0142a w Plejadzie.<\/p>\n<p> <img decoding=\"async\" src=\"https:\/\/www.europesays.com\/pl\/wp-content\/uploads\/2026\/03\/Py6k9lBaHR0cHM6Ly9vY2RuLmV1L3B1bHNjbXMvTURBXy9lNjRlZDE3MTgxMDI0ZDk3ZTk2NGUxN2M4NTk2NjIxNS5qcGeRlQLNB.jpeg\" height=\"800\" width=\"549\" alt=\"Natalia Kukulska z m\u0119\u017cem Micha\u0142em D\u0105br\u00f3wk\u0105 (2015 r.)\" loading=\"lazy\" class=\"ods-c-image__img ods-c-image__img--vertical\"\/> <\/p>\n<p>Natalia Kukulska z m\u0119\u017cem Micha\u0142em D\u0105br\u00f3wk\u0105 (2015 r.)TRICOLORS\/EAST NEWS \/ East News<\/p>\n<p> Mama artystki,<a href=\"https:\/\/kultura.onet.pl\/muzyka\/wiadomosci\/natalia-kukulska-ujawnila-osobista-notatke-swojej-mamy\/kevs8v2\" id=\"2fe0ff31-9524-4bce-9c31-1a5612cd276f\" rel=\"nofollow noopener\" target=\"_blank\"> Anna Jantar, zgin\u0119\u0142a w katastrofie samolotu, gdy jej c\u00f3rka mia\u0142a zaledwie cztery lata.<\/a> Jak opowiada\u0142a w wywiadzie dla WP Kobieta, jako ma\u0142a dziewczynka nie by\u0142a do ko\u0144ca \u015bwiadoma tej straty, a po latach najmocniej zazdro\u015bci\u0142a r\u00f3wie\u015bniczkom relacji ze swoimi mamami. Dzi\u0119ki pami\u0105tkowym nagraniom zarejestrowanym na magnetofon przez tat\u0119, po latach mog\u0142a cho\u0107by wyobrazi\u0107 sobie, jak mog\u0142o wygl\u0105da\u0107 ich wsp\u00f3lne \u017cycie rodzinne.<\/p>\n<p>&#8222;M\u00f3j tata mia\u0142 odruch nagrywania na kasetach domowego \u017cycia, gdy by\u0142am ma\u0142a i zaczyna\u0142am \u015bmiesznie m\u00f3wi\u0107. S\u0105 tam prywatne rozmowy i mog\u0119 sobie wyobrazi\u0107, jak wygl\u0105da\u0142a ta nasza codzienno\u015b\u0107. S\u0105 zarejestrowane momenty, gdy tworzyli piosenki, gdy mama m\u00f3wi\u0142a: tutaj tak, a tutaj nie tak. Albo rozmowy ze mn\u0105. Albo jak mama mi co\u015b \u015bpiewa. Albo jak przekomarza si\u0119&#8221; \u2014 opowiada\u0142a w &#8222;Vivie!&#8221; o wspomnieniach zwi\u0105zanych z rodzicami.<\/p>\n<p> <img decoding=\"async\" src=\"https:\/\/www.europesays.com\/pl\/wp-content\/uploads\/2026\/03\/FTpk9lBaHR0cHM6Ly9vY2RuLmV1L3B1bHNjbXMvTURBXy85M2NiYWUzMzRjYmE3NWNhNmY3MzcwMjEyOTc3OTYwYy5qcGeRlQLNB.jpeg\" height=\"800\" width=\"533\" alt=\"Natalia Kukulska (2020 r.)\" loading=\"lazy\" class=\"ods-c-image__img ods-c-image__img--vertical\"\/> <\/p>\n<p>Natalia Kukulska (2020 r.)Mateusz Jagielski \/ East News \/ East News<\/p>\n<p> Bycie c\u00f3rk\u0105 gwiazdy piosenki przez lata powodowa\u0142o, \u017ce Kukulska by\u0142a niemal bezustannie por\u00f3wnywana do s\u0142ynnej matki. \u2014 My\u015bl\u0119, \u017ce nie ka\u017cdy chcia\u0142by by\u0107 zawsze postrzegany jako dziecko swoich rodzic\u00f3w. Ja tak mia\u0142am na pocz\u0105tku swojej kariery. To na pewno te\u017c bardzo pobudzi\u0142o moje du\u017ce ambicje, \u017ceby pracowa\u0107 jeszcze bardziej. No i w sumie si\u0119 uda\u0142o \u2014 <a href=\"https:\/\/www.onet.pl\/styl-zycia\/plejada\/natalia-kukulska-reaguje-na-porownania-corki-do-anny-jantar-odpiera-zarzuty-o\/v0k8c00,0898b825\" id=\"2e36583b-99da-4479-8f93-73ab9c6ada6a\" rel=\"nofollow noopener\" target=\"_blank\">opowiada\u0142a niedawno w rozmowie z Plejad\u0105.<\/a><\/p>\n<p>Artystka od ponad 35 lat jest zwi\u0105zana z Micha\u0142em D\u0105br\u00f3wk\u0105, perkusist\u0105, z kt\u00f3rym doczeka\u0142a si\u0119 tr\u00f3jki dzieci \u2014 syna Jana (ur. 2000 r.) i c\u00f3rek Anny (ur. 2005 r.) oraz Laury (ur. 2017 r.). W rozmowie z Plejad\u0105 dystansowa\u0142a si\u0119 od opinii ludzi, kt\u00f3rzy twierdz\u0105, \u017ce jej rozpoznawalno\u015b\u0107 ma wp\u0142yw na sukcesy zawodowe dzieci. Musz\u0105 one boryka\u0107 si\u0119 z podobnymi opiniami, co ona sama przed laty.<\/p>\n<p> <img decoding=\"async\" src=\"https:\/\/www.europesays.com\/pl\/wp-content\/uploads\/2026\/03\/tDSk9lBaHR0cHM6Ly9vY2RuLmV1L3B1bHNjbXMvTURBXy8wMTlmZDE1ZDIxNzE0ZDEzNDA4MTNjMzhhNzI5N2RiNC5qcGeRlQLNB.jpeg\" height=\"627\" width=\"940\" alt=\"Natalia Kukulska (2025 r.)\" loading=\"lazy\" class=\"ods-c-image__img ods-c-image__img--viewport-width\"\/> <\/p>\n<p>Natalia Kukulska (2025 r.)Pawe\u0142 Wodzy\u0144ski \/ East News<\/p>\n<p>\u2014 Sytuacja naszej rodziny nie jest \u0142atwa medialnie. Moja c\u00f3rka jest nara\u017cona na komentarze, \u017ce &#8222;mo\u017ce mama pomog\u0142a&#8221;. To jest bardzo trudne. To nie jest jej wina, to znaczy wina \u2014 [ona] w og\u00f3le nie mia\u0142a wp\u0142ywu na to, \u017ce po prostu urodzi\u0142a si\u0119 w ju\u017c znanej rodzinie artystycznej. Poza tym mama za ni\u0105 nie za\u015bpiewa\u0142a. Ona jest Ann\u0105 D\u0105br\u00f3wk\u0105, nie Kukulsk\u0105 i mocno j\u0105 wspieram \u2014 m\u00f3wi\u0142a Plejadzie.<\/p>\n<p>Natalia Kukulska w jednym z wywiad\u00f3w wyzna\u0142a, \u017ce z biegiem lat &#8222;przesta\u0142a obra\u017ca\u0107 si\u0119 na \u017cycie&#8221;.<\/p>\n<blockquote class=\"ods-o-quote\">\n<p class=\"ods-o-quote__paragraph\">A\u202fwi\u0119c tak ono wygl\u0105da, to na tym ono polega \u2014 my\u015bl\u0119 sobie. Nie na tym, \u017ce wszystko ma by\u0107 tak, jak ja chc\u0119. Dosta\u0142am od \u017cycia lekcj\u0119 pokory. Ono ewidentnie samo wie lepiej i\u202fci\u0105gle mnie zaskakuje. Tych zaskocze\u0144 i\u202fstrat w\u202fmoim \u017cyciu by\u0142o rzeczywi\u015bcie bardzo du\u017co. Jedne by\u0142y wi\u0119ksze, inne mniejsze, ale ca\u0142y czas p\u0142yn\u0119, wi\u0119c wiem, \u017ce si\u0119 da. \u017be mo\u017cna si\u0119 podnie\u015b\u0107 nawet z\u202fnajczarniejszej chwili. Czasem jest si\u0119 o\u202fwiele bogatszym o\u202fto, co si\u0119 prze\u017cy\u0142o, czasami o\u202fwiele ubo\u017cszym \u2014 o\u202fodebrane nadzieje i\u202fszanse<\/p>\n<\/blockquote>\n<p>\u2014 opowiada\u0142a w rozmowie z portalem WP Kobieta.<\/p>\n<p>Zobacz te\u017c:<\/p>\n","protected":false},"excerpt":{"rendered":"Urodzona 3 marca 1976 r. artystka mi\u0142o\u015b\u0107 do muzyki wynios\u0142a z domu \u2014 jest w ko\u0144cu c\u00f3rk\u0105 legendarnej&hellip;\n","protected":false},"author":2,"featured_media":286703,"comment_status":"","ping_status":"","sticky":false,"template":"","format":"standard","meta":{"footnotes":"","_share_on_mastodon":"0"},"categories":[22],"tags":[47465,122,47466,1252,39701,48,21618,46,42,38,40,39,41,123,47,3064],"class_list":["post-286702","post","type-post","status-publish","format-standard","has-post-thumbnail","category-rozrywka","tag-anna_jantar","tag-entertainment","tag-jaroslaw_kukulski","tag-muzyka","tag-najnowsze_wiadomosci","tag-nat_styl","tag-natalia_kukulska","tag-omp","tag-pl","tag-poland","tag-polish","tag-polska","tag-polski","tag-rozrywka","tag-screening_general","tag-wywiady_i_artykuly"],"share_on_mastodon":{"url":"https:\/\/pubeurope.com\/@pl\/116164240718071727","error":""},"_links":{"self":[{"href":"https:\/\/www.europesays.com\/pl\/wp-json\/wp\/v2\/posts\/286702","targetHints":{"allow":["GET"]}}],"collection":[{"href":"https:\/\/www.europesays.com\/pl\/wp-json\/wp\/v2\/posts"}],"about":[{"href":"https:\/\/www.europesays.com\/pl\/wp-json\/wp\/v2\/types\/post"}],"author":[{"embeddable":true,"href":"https:\/\/www.europesays.com\/pl\/wp-json\/wp\/v2\/users\/2"}],"replies":[{"embeddable":true,"href":"https:\/\/www.europesays.com\/pl\/wp-json\/wp\/v2\/comments?post=286702"}],"version-history":[{"count":0,"href":"https:\/\/www.europesays.com\/pl\/wp-json\/wp\/v2\/posts\/286702\/revisions"}],"wp:featuredmedia":[{"embeddable":true,"href":"https:\/\/www.europesays.com\/pl\/wp-json\/wp\/v2\/media\/286703"}],"wp:attachment":[{"href":"https:\/\/www.europesays.com\/pl\/wp-json\/wp\/v2\/media?parent=286702"}],"wp:term":[{"taxonomy":"category","embeddable":true,"href":"https:\/\/www.europesays.com\/pl\/wp-json\/wp\/v2\/categories?post=286702"},{"taxonomy":"post_tag","embeddable":true,"href":"https:\/\/www.europesays.com\/pl\/wp-json\/wp\/v2\/tags?post=286702"}],"curies":[{"name":"wp","href":"https:\/\/api.w.org\/{rel}","templated":true}]}}