{"id":287403,"date":"2026-03-03T16:35:16","date_gmt":"2026-03-03T16:35:16","guid":{"rendered":"https:\/\/www.europesays.com\/pl\/287403\/"},"modified":"2026-03-03T16:35:16","modified_gmt":"2026-03-03T16:35:16","slug":"zuzel-wazny-komunikat-wilkow-krosno-chodzi-o-sponsora-tytularnego-sportowefakty","status":"publish","type":"post","link":"https:\/\/www.europesays.com\/pl\/287403\/","title":{"rendered":"\u017bu\u017cel. Wa\u017cny komunikat Wilk\u00f3w Krosno. Chodzi o sponsora tytularnego &#8211; SportoweFakty"},"content":{"rendered":"<ol>\n<li><a href=\"https:\/\/news.google.com\/rss\/articles\/CBMiqwFBVV95cUxNYlNJN2wycldhU3hwUFgtdUdtcVN4RWRLQWhvalNDUUtXdXRoNkZaYzgySURxQk9BVFBQdE00SklZd1dwUWNJQTlydFVPbUw1aTVqNEhqeWtLY0hLZ01McTNYMGp1RDkwS2RvQmdtWHlnQWFkS2JyS2R5dGRLQUhpdlY4NzFZSGhqSjNTSkdUQTlwOHA5Z0RIYkhmQjluX0R5X2lzaTFXY3ppWFE?oc=5\" target=\"_blank\" rel=\"nofollow noopener\">\u017bu\u017cel. Wa\u017cny komunikat Wilk\u00f3w Krosno. Chodzi o sponsora tytularnego<\/a>&nbsp;&nbsp;SportoweFakty<\/li>\n<li><a href=\"https:\/\/news.google.com\/rss\/articles\/CBMisgFBVV95cUxPb05BUkZibE1NclRWalFNRy1UVXVzUnluclU1aEpIVDlFNlpjRHJ1ZWpOVkRmRG12Wl9RenhMcEViZjVRcWdwQzBpRXZLaUxUMlRBTHJnOEV6QkdIQ3NFTlBOaUNuakIxX0NydHF3aXRXWl9VQUpqUndCSmdHQklqVTl2M2hwc3Rod2NVdnRBdVlpR21Sam5PY1VNZ3ppWGlGcTVIUGlJQUJ1dV8tbUhLMWJn?oc=5\" target=\"_blank\" rel=\"nofollow noopener\">Pierwszoligowiec zbudowa\u0142 sk\u0142ad na awans. Chc\u0105 zatrzyma\u0107 faworyta<\/a>&nbsp;&nbsp;Przegl\u0105d Sportowy<\/li>\n<li><a href=\"https:\/\/news.google.com\/rss\/articles\/CBMitwFBVV95cUxOci1PZlhRN01xN1VNcHdIcFdMVmhGYkpiaWJQRU5OLTNXVDdpU1hXcFlOR0dzc3NkYkIxbkFDS1BIVTFsXzZWX1hMSlNMQWNldC1GSHZtSldjWGYxaVlxNW96bVJnY05VcW13YlFfNnJsZXFpYWliYzI4cElELTAxOHpYNThYeS1RZmdPZ1R1VkJnQ1FQU25OeXZYb1NNS3BIQ0RSaUs4V05hTkw0Xy1UeTN5eTR5TXM?oc=5\" target=\"_blank\" rel=\"nofollow noopener\">Pot\u0119\u017cne wzmocnienia w Kro\u015bnie. Trener odkrywa karty po obozie<\/a>&nbsp;&nbsp;Sport Interia<\/li>\n<li><a href=\"https:\/\/news.google.com\/rss\/articles\/CBMihwJBVV95cUxQTFVJSUhDZ2Ywd1VPWk1nSEhxRDkzbl9PMlBKbjRpNm9YU3pORzVCZF9GMWlOWnFtbDBQTnRuQ0hlLXQ2cGRsXzdSTEFQZExsODctdW5ZTzA3N0NhRFRFQUVhWnZqNEVSeVgwNnRkc2ZSaTN4Uy03dmtvWnF4NVg0a2l5eXZha3VEc180b2dNampvMkZHQVlyS2VnbHFmNzNEWEpmSjR4aEtZVVdFZExtQnJ5aWdmb3ZVTzRvMlkwWGRpdHZESGZSMmZBYmJ5MnV5QlpyQUx5WjJMUlFtdVQwcW9BX0MwWkFWbS1vQ3dDNFlnVU5WMGl6QnFSTnZrMDBISGY0dDUwOA?oc=5\" target=\"_blank\" rel=\"nofollow noopener\">Cellfast Partnerem Tytularnym Wilk\u00f3w Krosno tak\u017ce w sezonie 2026! Wataha po awans do PGE Ekstraligi pojedzie pod nazw\u0105 Cellfast Wilki Krosno<\/a>&nbsp;&nbsp;Nowiny 24<\/li>\n<li><a href=\"https:\/\/news.google.com\/rss\/articles\/CBMinwFBVV95cUxQelBXMEZmODNKWUxmM2RiY19SeEloOWZCa2s1NGtBZlhMVld4TnhoZ19icldIOFF6ZmdtT2JYcDZzV1RJcEllcWMyY1FuNFNyMkZmQ0tzWUZ6c04zLXU1aEFkbzBlMXd1ZXJhV1BaYnhiejJId1paVmZvTU9zajY3czFGQ0pnVGhxZTY5cUZvcTlFaTZYNEZsclZVei1DM0k?oc=5\" target=\"_blank\" rel=\"nofollow noopener\">\u017bu\u017cel: Prezes Le\u015bniak odpali\u0142 bomb\u0119! Kibice w Kro\u015bnie mog\u0105 odetchn\u0105\u0107 z ulg\u0105<\/a>&nbsp;&nbsp;speedwaynews.pl<\/li>\n<\/ol>\n","protected":false},"excerpt":{"rendered":"\u017bu\u017cel. Wa\u017cny komunikat Wilk\u00f3w Krosno. Chodzi o sponsora tytularnego&nbsp;&nbsp;SportoweFakty Pierwszoligowiec zbudowa\u0142 sk\u0142ad na awans. Chc\u0105 zatrzyma\u0107 faworyta&nbsp;&nbsp;Przegl\u0105d Sportowy&hellip;\n","protected":false},"author":2,"featured_media":287404,"comment_status":"","ping_status":"","sticky":false,"template":"","format":"standard","meta":{"footnotes":"","_share_on_mastodon":"0"},"categories":[24],"tags":[1331,2969,979,42,38,40,39,41,127,126,174],"class_list":["post-287403","post","type-post","status-publish","format-standard","has-post-thumbnail","category-sport","tag-cellfast-wilki-krosno","tag-krosno","tag-metalkas-2-ekstraliga","tag-pl","tag-poland","tag-polish","tag-polska","tag-polski","tag-sport","tag-sports","tag-zuzel"],"share_on_mastodon":{"url":"https:\/\/pubeurope.com\/@pl\/116166218694301946","error":""},"_links":{"self":[{"href":"https:\/\/www.europesays.com\/pl\/wp-json\/wp\/v2\/posts\/287403","targetHints":{"allow":["GET"]}}],"collection":[{"href":"https:\/\/www.europesays.com\/pl\/wp-json\/wp\/v2\/posts"}],"about":[{"href":"https:\/\/www.europesays.com\/pl\/wp-json\/wp\/v2\/types\/post"}],"author":[{"embeddable":true,"href":"https:\/\/www.europesays.com\/pl\/wp-json\/wp\/v2\/users\/2"}],"replies":[{"embeddable":true,"href":"https:\/\/www.europesays.com\/pl\/wp-json\/wp\/v2\/comments?post=287403"}],"version-history":[{"count":0,"href":"https:\/\/www.europesays.com\/pl\/wp-json\/wp\/v2\/posts\/287403\/revisions"}],"wp:featuredmedia":[{"embeddable":true,"href":"https:\/\/www.europesays.com\/pl\/wp-json\/wp\/v2\/media\/287404"}],"wp:attachment":[{"href":"https:\/\/www.europesays.com\/pl\/wp-json\/wp\/v2\/media?parent=287403"}],"wp:term":[{"taxonomy":"category","embeddable":true,"href":"https:\/\/www.europesays.com\/pl\/wp-json\/wp\/v2\/categories?post=287403"},{"taxonomy":"post_tag","embeddable":true,"href":"https:\/\/www.europesays.com\/pl\/wp-json\/wp\/v2\/tags?post=287403"}],"curies":[{"name":"wp","href":"https:\/\/api.w.org\/{rel}","templated":true}]}}