{"id":287429,"date":"2026-03-03T16:57:26","date_gmt":"2026-03-03T16:57:26","guid":{"rendered":"https:\/\/www.europesays.com\/pl\/287429\/"},"modified":"2026-03-03T16:57:26","modified_gmt":"2026-03-03T16:57:26","slug":"maciej-stuhr-po-raz-pierwszy-u-boku-daniela-olbrychskiego-polaczyl-ich-jan-englert-2","status":"publish","type":"post","link":"https:\/\/www.europesays.com\/pl\/287429\/","title":{"rendered":"Maciej Stuhr po raz pierwszy u boku Daniela Olbrychskiego. Po\u0142\u0105czy\u0142 ich Jan Englert"},"content":{"rendered":"<p>&#8222;Bezimienne dzie\u0142o&#8221; to dramat pe\u0142en zagadek i tajemnic. Witkacy, znany z zastawiania intelektualnych pu\u0142apek na swoich odbiorc\u00f3w, zawar\u0142 w nim niepokoj\u0105c\u0105 refleksj\u0119 nad rzeczywisto\u015bci\u0105. \u2014 Wydaje mi si\u0119, \u017ce Jan Englert ma sw\u00f3j klucz do odczytania tego dzie\u0142a. Mi\u0119dzy innymi tym zach\u0119ci\u0142 mnie do przyj\u0119cia tej propozycji \u2014 podkre\u015bla <a href=\"https:\/\/plejada.pl\/temat\/maciej-stuhr-aktor\/y6tyv5n\" id=\"914948fe-6064-4f0a-9864-c4bd7f0520fa\" rel=\"nofollow noopener\" target=\"_blank\">Maciej Stuhr<\/a>.<\/p>\n<blockquote class=\"ods-o-quote\">\n<p class=\"ods-o-quote__paragraph\">Bra\u0142em udzia\u0142 w przeniesieniach kilku spektakli teatralnych do telewizji, ale przez ostatnich 13 lat nie zagra\u0142em w \u017cadnym przedstawieniu od pocz\u0105tku tworzonym z my\u015bl\u0105 o Teatrze Telewizji. Musz\u0119 przyzna\u0107, \u017ce t\u0119skni\u0142em. (&#8230;) Do zagrania w &#8222;Bezimiennym dziele&#8221; nam\u00f3wi\u0142 mnie Jan Englert, kt\u00f3ry czeka\u0142 na mnie z t\u0105 realizacj\u0105. Skusi\u0142 mnie te\u017c do tego Witkacy, kt\u00f3rego bardzo lubi\u0119. Wychowa\u0142em si\u0119 na jego dramatach, ale nigdy w \u017cyciu w nich nie wyst\u0119powa\u0142em<\/p>\n<\/blockquote>\n<p>\u2014 dodaje aktor.<\/p>\n<p>\u2014 Lubi\u0119 wraca\u0107 do dramat\u00f3w re\u017cyserowanych przeze mnie na przestrzeni ostatnich kilkudziesi\u0119ciu lat. Ze zdumieniem odkrywam, \u017ce czytam je zawsze na nowo. Zmieniaj\u0105 si\u0119 konwencje teatralne, narz\u0119dzia, kt\u00f3rymi si\u0119 pos\u0142ugujemy i j\u0119zyk, kt\u00f3rym si\u0119 porozumiewamy \u2014 m\u00f3wi z kolei <a href=\"https:\/\/plejada.pl\/temat\/jan-englert\/jsmhr30\" id=\"e5e65e2b-3b40-4504-b77f-39610bcfce6b\" rel=\"nofollow noopener\" target=\"_blank\">Jan Englert<\/a>.      Dalszy ci\u0105g artyku\u0142u pod materia\u0142em wideo    <\/p>\n<p> Kiedy odb\u0119dzie si\u0119 premiera 'Bezimiennego dzie\u0142a&#8217;? <\/p>\n<p> Jak\u0105 rol\u0119 zagra Maciej Stuhr w 'Bezimiennym dziele&#8217;? <\/p>\n<p> Kto re\u017cyseruje 'Bezimienne dzie\u0142o&#8217;? <\/p>\n<p> Jakie s\u0105 inne nazwiska aktor\u00f3w wyst\u0119puj\u0105cych w spektaklu? <\/p>\n<p>  Maciej Stuhr po raz pierwszy u boku Daniela Olbrychskiego. Po\u0142\u0105czy\u0142 ich Teatr TVCho\u0107 od powstania dramatu min\u0119\u0142o ponad 100 lat, utw\u00f3r pozostaje zaskakuj\u0105co aktualny. To polityczny thriller o rewolucji, w\u0142adzy i mechanizmach przemocy. Stuhr w roli Plazmonika Blodestauga oraz <a href=\"https:\/\/plejada.pl\/temat\/daniel-olbrychski-aktor\/jfw2f7r\" id=\"f430a8b7-874f-411e-927d-7bba9b658e31\" rel=\"nofollow noopener\" target=\"_blank\">Daniel Olbrychski<\/a> jako jego ojciec \u2014 ich spotkanie na planie przejdzie do historii Teatru Telewizji.     <\/p>\n<blockquote class=\"ods-o-quote\">\n<p class=\"ods-o-quote__paragraph\">Mimo \u017ce brali\u015bmy udzia\u0142 z Danielem Olbrychskim w kilku tych samych produkcjach, nigdy ze sob\u0105 nie grali\u015bmy, nie mieli\u015bmy wsp\u00f3lnych scen. To dla mnie wielki zaszczyt, \u017ce w ko\u0144cu mia\u0142em szans\u0119 spotka\u0107 si\u0119 w pracy z legend\u0105<\/p>\n<\/blockquote>\n<p>\u2014 m\u00f3wi Stuhr. \u2014 Jego dorobek wzbudza m\u00f3j ogromny szacunek. Gdy czyta\u0142em we wspomnieniach Daniela Olbrychskiego, \u017ce je\u017adzi\u0142 z planu &#8222;Potopu&#8221; na plan &#8222;Wesela&#8221;, to r\u0119ce same sk\u0142ada\u0142y mi si\u0119 do oklask\u00f3w. Dzi\u015b a\u017c trudno sobie wyobrazi\u0107, \u017ce w jednym czasie mo\u017cna by\u0142o gra\u0107 w dw\u00f3ch tak wiekopomnych dzie\u0142ach \u2014 podkre\u015bla.<\/p>\n<p> <img decoding=\"async\" src=\"https:\/\/www.europesays.com\/pl\/wp-content\/uploads\/2026\/03\/lTyk9lBaHR0cHM6Ly9vY2RuLmV1L3B1bHNjbXMvTURBXy8xOGYxMjAwNDY4N2RjNzQ4ZjQ3NGM0ZTE0MWQ0MzAxMC5qcGeRlQLNB.jpeg\" height=\"626\" width=\"940\" alt=\"Maciej Stuhr w &quot;Bezimiennym dziele&quot;\" loading=\"lazy\" class=\"ods-c-image__img ods-c-image__img--viewport-width\"\/> <\/p>\n<p>Maciej Stuhr w &#8222;Bezimiennym dziele&#8221;Archiwum TVP<\/p>\n<p> &#8222;Bezimienne dzie\u0142o&#8221;: polityczny thriller, kt\u00f3ry nie traci na aktualno\u015bci<\/p>\n<p>W dramacie Witkacego w\u0142adz\u0119 nad \u015bwiatem pr\u00f3buje przej\u0105\u0107 duch rewolucji, a polityczna intryga wydaje si\u0119 perfekcyjnie przygotowana. Uczestnicz\u0105 w niej zar\u00f3wno ci, kt\u00f3rzy w imi\u0119 mi\u0142o\u015bci gotowi s\u0105 przyj\u0105\u0107 rol\u0119 zdrajcy, jak i cyniczni gracze, niewahaj\u0105cy si\u0119 po\u015bwi\u0119ci\u0107 innych dla w\u0142asnej kariery.<\/p>\n<blockquote class=\"ods-o-quote\">\n<p class=\"ods-o-quote__paragraph\">Kiedy\u015b Teatr Telewizji ogl\u0105dany by\u0142 masowo. W trakcie spektakli ulice pustosza\u0142y, jak podczas atrakcyjnych mecz\u00f3w futbolowych. Jak b\u0119dzie teraz? Nie wiem. Dzi\u015b poda\u017c jest wi\u0119ksza, kana\u0142\u00f3w telewizyjnych i platform streamingowych jest mn\u00f3stwo. Ale mam nadziej\u0119, \u017ce nasz spektakl b\u0119dzie mia\u0142 swoj\u0105 publiczno\u015b\u0107. &#8222;Bezimienne dzie\u0142o&#8221; warto obejrze\u0107. I sam jestem ciekaw, jak widzowie odbior\u0105 ten spektakl. Uwa\u017cam, \u017ce Jan Englert dobrze nas obsadzi\u0142 i s\u0142usznie obdarzy\u0142 zaufaniem. Ale to \u015bwietny re\u017cyser. Umie<\/p>\n<\/blockquote>\n<p>\u2014 Piotr Wojtowicz fantastycznie spektakl sfotografowa\u0142. Ja po raz pierwszy spotka\u0142em si\u0119 przed kamer\u0105 z bardzo ciekawymi kolegami, z kt\u00f3rymi wcze\u015bniej nie mia\u0142em szcz\u0119\u015bcia zagra\u0107, stan\u0105\u0142em obok Ma\u0107ka Stuhra, Dominiki Klu\u017aniak, Grzegorza Ma\u0142eckiego. Widzowie sami to oceni\u0105 \u2014 komentuje Daniel Olbrychski.<\/p>\n<p>      <img decoding=\"async\" src=\"https:\/\/www.europesays.com\/pl\/wp-content\/uploads\/2026\/03\/wpYk9lBaHR0cHM6Ly9vY2RuLmV1L3B1bHNjbXMvTURBXy82OTkwYmEyOGEzZTA4ZTMyYmRkNDc4ZmJmODM1ZWI1ZC5qcGeRlQLNB.jpeg\" height=\"626\" width=\"940\" alt=\"Daniel Olbrychski i Beata \u015acibak\u00f3wna w &quot;Bezimiennym dziele&quot;\" loading=\"lazy\" class=\"ods-c-image__img ods-c-image__img--viewport-width\"\/> <\/p>\n<p>Daniel Olbrychski i Beata \u015acibak\u00f3wna w &#8222;Bezimiennym dziele&#8221;Archiwum TVP<\/p>\n<p>Witkacy bezlito\u015bnie obna\u017ca mechanizmy polityki, pokazuj\u0105c, jak niewiele dobrego przynosi ona ludzko\u015bci. \u2014 Grany przeze mnie bohater m\u00f3wi w pewnym momencie, \u017ce s\u0105 tylko dwa miejsca dla metafizycznych jednostek: wi\u0119zienie i szpital wariat\u00f3w. Bywa\u0142y takie chwile w moim \u017cyciu, gdy sam zaczyna\u0142em w\u0105tpi\u0107 we w\u0142asne zmys\u0142y i rozum. Zastanawia\u0142em si\u0119, czy to \u015bwiat zwariowa\u0142, czy ja. A tak\u017ce \u2014 gdzie jest moje miejsce, skoro to, co wydaje mi si\u0119 normalne, uwa\u017cane jest za szale\u0144stwo. Oczywi\u015bcie, u Witkacego posuni\u0119te jest to do ekstremum. Ten bohater wyg\u0142asza r\u00f3\u017cne manifesty, do\u015bwiadcza te\u017c pewnej przemiany. Nie doszukiwa\u0142bym si\u0119 jednak zbyt wielu analogii mi\u0119dzy jego a moim \u017cyciem \u2014 stwierdza Stuhr.<\/p>\n<blockquote class=\"ods-o-quote\">\n<p class=\"ods-o-quote__paragraph\">Teatr Telewizji jest fenomenem. Pos\u0142uguje si\u0119 obrazem, ale fundamentem spektaklu jest tekst i jego interpretacja, nie tylko aktorska. Forma teatru telewizyjnego to najbardziej intymna rozmowa z widzem. Re\u017cyser wraz z monta\u017cyst\u0105 decyduj\u0105, co w niej jest najbardziej istotne, jak sterowa\u0107 emocjami. Teatr Telewizji nie wybacza s\u0142abego aktorstwa. Jest egzaminem osobowo\u015bci tw\u00f3rczych<\/p>\n<\/blockquote>\n<p>\u2014 Jestem fanem Teatru Telewizji. Czasem fanom zdarza si\u0119, \u017ce ich mi\u0142o\u015b\u0107 jest odwzajemniona. Bardzo rzadko, ale zdarza si\u0119. Mam nadziej\u0119, \u017ce w wypadku &#8222;Bezimiennego dzie\u0142a&#8221; tak si\u0119 stanie \u2014 podsumowuje Jan Englert, kt\u00f3ry r\u00f3wnie\u017c pojawia si\u0119 na scenie w &#8222;Bezimiennym dziele&#8221;.<\/p>\n<p> <img decoding=\"async\" src=\"https:\/\/www.europesays.com\/pl\/wp-content\/uploads\/2026\/03\/QE5k9lBaHR0cHM6Ly9vY2RuLmV1L3B1bHNjbXMvTURBXy83MTY4ZGZkZDBjN2FiZTZmZTJmNTQ2ZjAzMzgxYTU3Zi5qcGeRlQLNB.jpeg\" height=\"627\" width=\"940\" alt=\"Jan Englert w &quot;Bezimiennym dziele&quot;\" loading=\"lazy\" class=\"ods-c-image__img ods-c-image__img--viewport-width\"\/> <\/p>\n<p>Jan Englert w &#8222;Bezimiennym dziele&#8221;Archiwum TVP<\/p>\n<p> W spektaklu wyst\u0119puj\u0105 tak\u017ce Grzegorz Ma\u0142ecki, Justyna Kowalska, Dominika Klu\u017aniak, Arkadiusz Janiczek, Ireneusz Czop, <a href=\"https:\/\/plejada.pl\/temat\/beata-scibakowna\/evv95ey\" id=\"14b67409-8e76-41b0-95a2-ec2a6d970dc4\" rel=\"nofollow noopener\" target=\"_blank\">Beata \u015acibak\u00f3wna<\/a>, Mateusz Tomaszewski, Anna U\u0142as, Gabriela Kowalewska, Jakub Sasak i inni. Za zdj\u0119cia odpowiada Piotr Wojtowicz, scenografi\u0119 \u2014 Arkadiusz Ko\u015bmider, kostiumy \u2014 Dorota Roqueplo, muzyk\u0119 \u2014 Piotr Moss, monta\u017c \u2014 Milenia Fiedler.     <\/p>\n<p>Premiera &#8222;Bezimiennego dzie\u0142a&#8221; ju\u017c 2 marca o godz. 20.30 na antenie TVP1 oraz na platformie TVP VOD. Po spektaklu widzowie b\u0119d\u0105 mogli obejrze\u0107 program &#8222;Postscriptum&#8221;, w kt\u00f3rym Gra\u017cyna Torbicka porozmawia z tw\u00f3rcami o kulisach pracy nad jednym z najwa\u017cniejszych dzie\u0142 Witkacego.<\/p>\n<p> <img decoding=\"async\" src=\"https:\/\/www.europesays.com\/pl\/wp-content\/uploads\/2026\/03\/wFAk9lBaHR0cHM6Ly9vY2RuLmV1L3B1bHNjbXMvTURBXy80YmU0MWM0OWM2YWZlMTc3ZjViNWIxNjFmZWY4ZjQ3Ny5qcGeRlQLNB.jpeg\" height=\"528\" width=\"940\" alt=\"&quot;Bezimienne dzie\u0142o&quot;\" loading=\"lazy\" class=\"ods-c-image__img ods-c-image__img--viewport-width\"\/> <\/p>\n<p>&#8222;Bezimienne dzie\u0142o&#8221;Archiwum TVP<\/p>\n<p>  <img decoding=\"async\" src=\"https:\/\/www.europesays.com\/pl\/wp-content\/uploads\/2026\/03\/91yk9lBaHR0cHM6Ly9vY2RuLmV1L3B1bHNjbXMvTURBXy9hOTNlODdiNGYyZjgyZGI2YTJkMzhkY2FhODMwMTJiYS5qcGeRlQLNB.jpeg\" height=\"626\" width=\"940\" alt=\"Maciej Stuhr w &quot;Bezimiennym dziele\" loading=\"lazy\" class=\"ods-c-image__img ods-c-image__img--viewport-width\"\/> <\/p>\n<p>Maciej Stuhr w &#8222;Bezimiennym dzieleArchiwum TVP<\/p>\n<p>  <img decoding=\"async\" src=\"https:\/\/www.europesays.com\/pl\/wp-content\/uploads\/2026\/03\/geKk9lBaHR0cHM6Ly9vY2RuLmV1L3B1bHNjbXMvTURBXy9hZWYxMTc1OWFhMzJkODU2ZTU1YTZhY2E5NWZkNWQ4MS5qcGeRlQLNB.jpeg\" height=\"627\" width=\"940\" alt=\"Justyna Kowalska i Maciej Stuhr w &quot;Bezimiennym dziele&quot;\" loading=\"lazy\" class=\"ods-c-image__img ods-c-image__img--viewport-width\"\/> <\/p>\n<p>Justyna Kowalska i Maciej Stuhr w &#8222;Bezimiennym dziele&#8221;Archiwum TVP<\/p>\n<p> Dzi\u0119kujemy, \u017ce przeczyta\u0142a\u015b\/e\u015b nasz artyku\u0142 do ko\u0144ca. W serwisie Plejada.pl ka\u017cdego dnia piszemy o najwa\u017cniejszych wydarzeniach show-biznesowych. B\u0105d\u017a na bie\u017c\u0105co!<a rel=\"nofollow noopener\" href=\"https:\/\/profile.google.com\/cp\/Cg0vZy8xMWJ6X19wdHBx\" id=\"c107a163-83d5-4f53-a34e-d894c9ed915f\" target=\"_blank\"> Obserwuj<\/a> Plejad\u0119 w Google. Odwied\u017a nas tak\u017ce na<a rel=\"nofollow noopener\" href=\"https:\/\/www.facebook.com\/plejadapl\" id=\"688ef360-47dc-4eea-8125-7b266d9213af\" target=\"_blank\"> Facebooku<\/a>,<a rel=\"nofollow noopener\" href=\"https:\/\/www.instagram.com\/plejadapl\/\" id=\"bf73c09b-6def-40fd-8e65-c9e157414a9c\" target=\"_blank\"> Instagramie<\/a>,<a rel=\"nofollow noopener\" href=\"https:\/\/www.youtube.com\/c\/plejada\" id=\"1df089e5-65f7-40c4-8fae-06402725a0ce\" target=\"_blank\"> YouTubie<\/a> oraz<a rel=\"nofollow noopener\" href=\"https:\/\/www.tiktok.com\/@plejada_pl\" id=\"77131a1b-7fe1-4bb8-9618-290d1ba0cb59\" target=\"_blank\"> TikToku<\/a>.Chcesz podzieli\u0107 si\u0119 ciekawym newsem lub zaproponowa\u0107 temat? Skontaktuj si\u0119 z nami, pisz\u0105c maila na adres: plejada@redakcjaon<a rel=\"nofollow noopener\" href=\"https:\/\/et.pl\/\" id=\"baf2b4fa-1276-45ac-b89a-3823e65d47ff\" target=\"_blank\">et.pl<\/a>.<script async src=\"\/\/www.instagram.com\/embed.js\"><\/script><script async src=\"\/\/www.tiktok.com\/embed.js\"><\/script><\/p>\n","protected":false},"excerpt":{"rendered":"&#8222;Bezimienne dzie\u0142o&#8221; to dramat pe\u0142en zagadek i tajemnic. Witkacy, znany z zastawiania intelektualnych pu\u0142apek na swoich odbiorc\u00f3w, zawar\u0142&hellip;\n","protected":false},"author":2,"featured_media":287430,"comment_status":"","ping_status":"","sticky":false,"template":"","format":"standard","meta":{"footnotes":"","_share_on_mastodon":"0"},"categories":[22],"tags":[4691,122,4688,7234,48,125,46,42,38,40,39,41,123,47,30664],"class_list":["post-287429","post","type-post","status-publish","format-standard","has-post-thumbnail","category-rozrywka","tag-daniel_olbrychski","tag-entertainment","tag-jan_englert","tag-maciej_stuhr","tag-nat_styl","tag-newsy","tag-omp","tag-pl","tag-poland","tag-polish","tag-polska","tag-polski","tag-rozrywka","tag-screening_general","tag-teatr_telewizji"],"share_on_mastodon":{"url":"https:\/\/pubeurope.com\/@pl\/116166305027714215","error":""},"_links":{"self":[{"href":"https:\/\/www.europesays.com\/pl\/wp-json\/wp\/v2\/posts\/287429","targetHints":{"allow":["GET"]}}],"collection":[{"href":"https:\/\/www.europesays.com\/pl\/wp-json\/wp\/v2\/posts"}],"about":[{"href":"https:\/\/www.europesays.com\/pl\/wp-json\/wp\/v2\/types\/post"}],"author":[{"embeddable":true,"href":"https:\/\/www.europesays.com\/pl\/wp-json\/wp\/v2\/users\/2"}],"replies":[{"embeddable":true,"href":"https:\/\/www.europesays.com\/pl\/wp-json\/wp\/v2\/comments?post=287429"}],"version-history":[{"count":0,"href":"https:\/\/www.europesays.com\/pl\/wp-json\/wp\/v2\/posts\/287429\/revisions"}],"wp:featuredmedia":[{"embeddable":true,"href":"https:\/\/www.europesays.com\/pl\/wp-json\/wp\/v2\/media\/287430"}],"wp:attachment":[{"href":"https:\/\/www.europesays.com\/pl\/wp-json\/wp\/v2\/media?parent=287429"}],"wp:term":[{"taxonomy":"category","embeddable":true,"href":"https:\/\/www.europesays.com\/pl\/wp-json\/wp\/v2\/categories?post=287429"},{"taxonomy":"post_tag","embeddable":true,"href":"https:\/\/www.europesays.com\/pl\/wp-json\/wp\/v2\/tags?post=287429"}],"curies":[{"name":"wp","href":"https:\/\/api.w.org\/{rel}","templated":true}]}}