{"id":287660,"date":"2026-03-03T19:59:15","date_gmt":"2026-03-03T19:59:15","guid":{"rendered":"https:\/\/www.europesays.com\/pl\/287660\/"},"modified":"2026-03-03T19:59:15","modified_gmt":"2026-03-03T19:59:15","slug":"natalia-kukulska-dorastala-na-naszych-oczach-tak-zmieniala-sie-przez-lata","status":"publish","type":"post","link":"https:\/\/www.europesays.com\/pl\/287660\/","title":{"rendered":"Natalia Kukulska dorasta\u0142a na naszych oczach. Tak zmienia\u0142a si\u0119 przez lata"},"content":{"rendered":"<p><a href=\"https:\/\/plejada.pl\/temat\/natalia-kukulska-piosenkarka\/b894vjl\" id=\"36e7b617-32e8-4783-a7e9-8acb0e7f6595\" rel=\"nofollow noopener\" target=\"_blank\">Natalia Kukulska<\/a> urodzi\u0142a si\u0119 3 marca 1976 r., a talent i pasj\u0119 do muzyki zapewne w du\u017cej mierze zawdzi\u0119cza genom \u2014 jej ojciec Stanis\u0142aw Kukulski by\u0142 cenionym kompozytorem, a matka <a href=\"https:\/\/plejada.pl\/temat\/anna-jantar-piosenkarka\/y97kr4r\" id=\"b8a4aa80-0e9b-40a2-b7d9-e620654e9219\" rel=\"nofollow noopener\" target=\"_blank\">Anna Jantar<\/a>, jedn\u0105 z najwa\u017cniejszych postaci polskiej sceny muzycznej lat 70. XX wieku. Sama Natalia zacz\u0119\u0142a \u015bpiewa\u0107 profesjonalnie ju\u017c jako o\u015bmiolatka, a dwa lata p\u00f3\u017aniej wyda\u0142a debiutancki album z piosenkami dla dzieci. To w\u0142a\u015bnie z tej p\u0142yty pochodz\u0105 takie utwory jak &#8222;Puszek okruszek&#8221; czy &#8222;Co powie tata&#8221;. W 1987 r. na rynku muzycznym pojawi\u0142 si\u0119 kolejny album Kukulskiej &#8222;Bajki Natalki&#8221;.W 2004 r. Natali\u0119 Kukulsk\u0105 mo\u017cna by\u0142o zobaczy\u0107 na deskach warszawskiego Teatru Muzycznego Roma, gdzie odgrywa\u0142a g\u0142\u00f3wn\u0105 rol\u0119 w jednym ze spektakli. Gwiazda by\u0142a zaanga\u017cowana r\u00f3wnie\u017c w kilka program\u00f3w rozrywkowych \u2014 w 2012 r. zosta\u0142a trenerk\u0105 w &#8222;Bitwie na g\u0142osy&#8221;, a cztery lata p\u00f3\u017aniej zasiad\u0142a na jurorskim fotelu w si\u00f3dmej edycji &#8222;<a href=\"https:\/\/plejada.pl\/temat\/the-voice-of-poland-program\/qkvmfy1\" id=\"8375fe90-1929-46d2-9580-f7894b8131b0\" rel=\"nofollow noopener\" target=\"_blank\">The Voice of Poland<\/a>&#8222;.<\/p>\n<p>Kukulska niejednokrotnie wyst\u0119powa\u0142a na najbardziej presti\u017cowym wydarzeniu muzycznym w Polsce \u2014 Krajowym Festiwalu Piosenki Polskiej w Opolu i ma na swoim koncie wiele wa\u017cnych nagr\u00f3d, w tym Fryderyka i statuetk\u0119 odebran\u0105 podczas Festiwalu Piosenki w Sopocie.<\/p>\n","protected":false},"excerpt":{"rendered":"Natalia Kukulska urodzi\u0142a si\u0119 3 marca 1976 r., a talent i pasj\u0119 do muzyki zapewne w du\u017cej mierze&hellip;\n","protected":false},"author":2,"featured_media":287661,"comment_status":"","ping_status":"","sticky":false,"template":"","format":"standard","meta":{"footnotes":"","_share_on_mastodon":"0"},"categories":[22],"tags":[47465,122,42024,48,21618,125,46,42,38,40,39,41,123,47],"class_list":["post-287660","post","type-post","status-publish","format-standard","has-post-thumbnail","category-rozrywka","tag-anna_jantar","tag-entertainment","tag-float_tst2","tag-nat_styl","tag-natalia_kukulska","tag-newsy","tag-omp","tag-pl","tag-poland","tag-polish","tag-polska","tag-polski","tag-rozrywka","tag-screening_general"],"share_on_mastodon":{"url":"https:\/\/pubeurope.com\/@pl\/116167020569645568","error":""},"_links":{"self":[{"href":"https:\/\/www.europesays.com\/pl\/wp-json\/wp\/v2\/posts\/287660","targetHints":{"allow":["GET"]}}],"collection":[{"href":"https:\/\/www.europesays.com\/pl\/wp-json\/wp\/v2\/posts"}],"about":[{"href":"https:\/\/www.europesays.com\/pl\/wp-json\/wp\/v2\/types\/post"}],"author":[{"embeddable":true,"href":"https:\/\/www.europesays.com\/pl\/wp-json\/wp\/v2\/users\/2"}],"replies":[{"embeddable":true,"href":"https:\/\/www.europesays.com\/pl\/wp-json\/wp\/v2\/comments?post=287660"}],"version-history":[{"count":0,"href":"https:\/\/www.europesays.com\/pl\/wp-json\/wp\/v2\/posts\/287660\/revisions"}],"wp:featuredmedia":[{"embeddable":true,"href":"https:\/\/www.europesays.com\/pl\/wp-json\/wp\/v2\/media\/287661"}],"wp:attachment":[{"href":"https:\/\/www.europesays.com\/pl\/wp-json\/wp\/v2\/media?parent=287660"}],"wp:term":[{"taxonomy":"category","embeddable":true,"href":"https:\/\/www.europesays.com\/pl\/wp-json\/wp\/v2\/categories?post=287660"},{"taxonomy":"post_tag","embeddable":true,"href":"https:\/\/www.europesays.com\/pl\/wp-json\/wp\/v2\/tags?post=287660"}],"curies":[{"name":"wp","href":"https:\/\/api.w.org\/{rel}","templated":true}]}}