{"id":289410,"date":"2026-03-04T18:37:34","date_gmt":"2026-03-04T18:37:34","guid":{"rendered":"https:\/\/www.europesays.com\/pl\/289410\/"},"modified":"2026-03-04T18:37:34","modified_gmt":"2026-03-04T18:37:34","slug":"dramatyczny-poscig-w-slupsku-rozbil-auto-w-srodku-byly-zona-i-dziecko","status":"publish","type":"post","link":"https:\/\/www.europesays.com\/pl\/289410\/","title":{"rendered":"Dramatyczny po\u015bcig w S\u0142upsku. Rozbi\u0142 auto. W \u015brodku by\u0142y \u017cona i dziecko"},"content":{"rendered":"<p>Do zdarzenia dosz\u0142o w pi\u0105tek 27 lutego rano, gdy policjanci drog\u00f3wki pr\u00f3bowali zatrzyma\u0107 do kontroli kierowc\u0119 Volkswagena. Ten, widz\u0105c sygna\u0142y \u015bwietlne i s\u0142ysz\u0105c d\u017awi\u0119kowe, przyspieszy\u0142. Po chwili zjecha\u0142 z g\u0142\u00f3wnej drogi, pr\u00f3buj\u0105c zgubi\u0107 patrol na le\u015bnych oraz gruntowych trasach. Po kr\u00f3tkim po\u015bcigu funkcjonariusze odnale\u017ali auto wbite w skarp\u0119 i fragment ogrodzenia. W \u015brodku znajdowa\u0142y si\u0119 \u017cona oraz ma\u0142e dziecko, kt\u00f3re kierowca zostawi\u0142, a sam uciek\u0142.<\/p>\n<p> <img decoding=\"async\" src=\"https:\/\/www.europesays.com\/pl\/wp-content\/uploads\/2026\/03\/hvqk9lBaHR0cHM6Ly9vY2RuLmV1L3B1bHNjbXMvTURBXy9jMmY4M2IwMGQ5MDJmNjE0OTQxZGU2ODk0MDE0YWNhMS5qcGeRlQLNB.jpeg\" height=\"437\" width=\"640\" alt=\"M\u0119\u017cczyzna zostawi\u0142 samoch\u00f3d i pr\u00f3bowa\u0142 ucieka\u0107 pieszo\" loading=\"lazy\" class=\"ods-c-image__img ods-c-image__img--viewport-width\"\/> <\/p>\n<p>M\u0119\u017cczyzna zostawi\u0142 samoch\u00f3d i pr\u00f3bowa\u0142 ucieka\u0107 pieszoKomenda Miejska Policji w S\u0142upsku \/ Policja<\/p>\n<p>  Dalszy ci\u0105g artyku\u0142u pod materia\u0142em wideo    <\/p>\n<p> Jakie zarzuty us\u0142ysza\u0142 zatrzymany m\u0119\u017cczyzna? <\/p>\n<p> Gdzie m\u0119\u017cczyzna zosta\u0142 zatrzymany przez policj\u0119? <\/p>\n<p> Ile wynios\u0142y mandaty dla 26-latka? <\/p>\n<p> Kiedy dosz\u0142o do po\u015bcigu policyjnego? <\/p>\n<p>  Policyjny po\u015bcig w S\u0142upsku. Kierowca rozbi\u0142 auto. Zostawi\u0142 w nim \u017con\u0119 i dziecko     <\/p>\n<p>Policjanci ustalili, \u017ce m\u0119\u017cczyzna narazi\u0142 \u017cycie i zdrowie pasa\u017cer\u00f3w, przewo\u017c\u0105c c\u00f3rk\u0119 bez fotelika i doprowadzaj\u0105c do kolizji. Zesp\u00f3\u0142 kryminalnych z Komisariatu Policji II w S\u0142upsku rozpocz\u0105\u0142 dzia\u0142ania operacyjne, kt\u00f3re pozwoli\u0142y na szybkie ustalenie miejsca pobytu 26-latka. Po kilku godzinach policjanci zatrzymali go w jednym z dom\u00f3w na terenie gminy Redzikowo.<\/p>\n<p> <img decoding=\"async\" src=\"https:\/\/www.europesays.com\/pl\/wp-content\/uploads\/2026\/03\/xfVk9lBaHR0cHM6Ly9vY2RuLmV1L3B1bHNjbXMvTURBXy8wZjdkZjFhYzkyNTkxYzRhYTliZmFhMjgwY2Q5NDBjYS5qcGeRlQLNB.jpeg\" height=\"425\" width=\"600\" alt=\"Kierowca zostawi\u0142 w samochodzie \u017con\u0119 oraz 5-letni\u0105 c\u00f3rk\u0119\" loading=\"lazy\" class=\"ods-c-image__img ods-c-image__img--viewport-width\"\/> <\/p>\n<p>Kierowca zostawi\u0142 w samochodzie \u017con\u0119 oraz 5-letni\u0105 c\u00f3rk\u0119Komenda Miejska Policji w S\u0142upsku \/ Policja<\/p>\n<p>Policja zabezpieczy\u0142a pojazd i sprawdzi\u0142a, czy pasa\u017cerki nie potrzebuj\u0105 pomocy medycznej. Sporz\u0105dzono dokumentacj\u0119 dotycz\u0105c\u0105 ca\u0142ego zdarzenia i przekazano spraw\u0119 do dalszego prowadzenia. Kryminalni przewie\u017ali zatrzymanego do komisariatu w celu wykonania czynno\u015bci procesowych.<\/p>\n<p>      <img decoding=\"async\" src=\"https:\/\/www.europesays.com\/pl\/wp-content\/uploads\/2026\/03\/Mi_k9lBaHR0cHM6Ly9vY2RuLmV1L3B1bHNjbXMvTURBXy81MTQyNzMwZGRiNDc3MGI4NjdiOTM1YzI5NWZhMmY5NS5qcGeRlQLNB.jpeg\" height=\"421\" width=\"553\" alt=\"Po kilku godzinach policji uda\u0142o si\u0119 zatrzyma\u0107 26-latka\" loading=\"lazy\" class=\"ods-c-image__img ods-c-image__img--viewport-width\"\/> <\/p>\n<p>Po kilku godzinach policji uda\u0142o si\u0119 zatrzyma\u0107 26-latkaKomenda Miejska Policji w S\u0142upsku \/ Policja<\/p>\n<p>Zaraz po zatrzymaniu m\u0119\u017cczyzna us\u0142ysza\u0142 zarzuty niezatrzymania si\u0119 do kontroli drogowej oraz nara\u017cenia innych os\u00f3b na bezpo\u015brednie niebezpiecze\u0144stwo utraty \u017cycia lub zdrowia poprzez ra\u017c\u0105ce naruszenie zasad bezpiecze\u0144stwa w ruchu l\u0105dowym. Prokuratura zastosowa\u0142a wobec niego doz\u00f3r policyjny oraz zakaz opuszczania kraju. Dodatkowo 26-latek zosta\u0142 ukarany mandatami na \u0142\u0105czn\u0105 kwot\u0119 5300 z\u0142 za przewo\u017cenie dziecka bez fotelika i spowodowanie kolizji. Teraz m\u0119\u017cczyzna odpowie przed s\u0105dem.<\/p>\n","protected":false},"excerpt":{"rendered":"Do zdarzenia dosz\u0142o w pi\u0105tek 27 lutego rano, gdy policjanci drog\u00f3wki pr\u00f3bowali zatrzyma\u0107 do kontroli kierowc\u0119 Volkswagena. Ten,&hellip;\n","protected":false},"author":2,"featured_media":289411,"comment_status":"","ping_status":"","sticky":false,"template":"","format":"standard","meta":{"footnotes":"","_share_on_mastodon":"0"},"categories":[12],"tags":[32,33,36,37,27,496,2505,34,35,28,31,48,25,46,42,38,414,40,39,41,572,47,8287,29,30,4000,26],"class_list":["post-289410","post","type-post","status-publish","format-standard","has-post-thumbnail","category-polska","tag-breaking-news","tag-breakingnews","tag-featured-news","tag-featurednews","tag-headlines","tag-kierowcy","tag-kontrola_drogowa","tag-latest-news","tag-latestnews","tag-naglowki","tag-najwazniejsze-artykuly","tag-nat_styl","tag-news","tag-omp","tag-pl","tag-poland","tag-policja","tag-polish","tag-polska","tag-polski","tag-poscig","tag-screening_general","tag-slupsk_miasto","tag-top-stories","tag-topstories","tag-trojmiasto","tag-wiadomosci"],"share_on_mastodon":{"url":"https:\/\/pubeurope.com\/@pl\/116172360589717781","error":""},"_links":{"self":[{"href":"https:\/\/www.europesays.com\/pl\/wp-json\/wp\/v2\/posts\/289410","targetHints":{"allow":["GET"]}}],"collection":[{"href":"https:\/\/www.europesays.com\/pl\/wp-json\/wp\/v2\/posts"}],"about":[{"href":"https:\/\/www.europesays.com\/pl\/wp-json\/wp\/v2\/types\/post"}],"author":[{"embeddable":true,"href":"https:\/\/www.europesays.com\/pl\/wp-json\/wp\/v2\/users\/2"}],"replies":[{"embeddable":true,"href":"https:\/\/www.europesays.com\/pl\/wp-json\/wp\/v2\/comments?post=289410"}],"version-history":[{"count":0,"href":"https:\/\/www.europesays.com\/pl\/wp-json\/wp\/v2\/posts\/289410\/revisions"}],"wp:featuredmedia":[{"embeddable":true,"href":"https:\/\/www.europesays.com\/pl\/wp-json\/wp\/v2\/media\/289411"}],"wp:attachment":[{"href":"https:\/\/www.europesays.com\/pl\/wp-json\/wp\/v2\/media?parent=289410"}],"wp:term":[{"taxonomy":"category","embeddable":true,"href":"https:\/\/www.europesays.com\/pl\/wp-json\/wp\/v2\/categories?post=289410"},{"taxonomy":"post_tag","embeddable":true,"href":"https:\/\/www.europesays.com\/pl\/wp-json\/wp\/v2\/tags?post=289410"}],"curies":[{"name":"wp","href":"https:\/\/api.w.org\/{rel}","templated":true}]}}