{"id":289552,"date":"2026-03-04T20:21:09","date_gmt":"2026-03-04T20:21:09","guid":{"rendered":"https:\/\/www.europesays.com\/pl\/289552\/"},"modified":"2026-03-04T20:21:09","modified_gmt":"2026-03-04T20:21:09","slug":"dzuma-czy-cholera-oto-wybor-przed-ktorym-stoja-panstwa-zatoki-perskiej","status":"publish","type":"post","link":"https:\/\/www.europesays.com\/pl\/289552\/","title":{"rendered":"D\u017cuma czy cholera: oto wyb\u00f3r, przed kt\u00f3rym stoj\u0105 pa\u0144stwa Zatoki Perskiej"},"content":{"rendered":"<p>W czerwcu ubieg\u0142ego roku w serwisie Danwatch pojawi\u0142 si\u0119 tekst zatytuowany &#8222;Mi\u0119dzy Trumpem, Netanjahu i Chameneim: pa\u0144stwa Zatoki Perskiej w tr\u00f3jk\u0105cie bermudzkim&#8221;. <a href=\"https:\/\/www.onet.pl\/informacje\/onetwiadomosci\/odwet-iranu-na-usa-wybuchy-w-okolicy-amerykanskich-baz\/y8sn47x,79cfc278\" id=\"59bdc46b-b401-4c47-9e32-ccec7efca386\" rel=\"nofollow noopener\" target=\"_blank\">W\u00f3wczas Iran zaatakowa\u0142 jedno pa\u0144stwo Zatoki Perskiej \u2014 Katar<\/a>. Od soboty Teheran wystrzeli\u0142 rakiety i drony w kierunku wszystkich sze\u015bciu pa\u0144stw regionu po tym, jak w sobot\u0119 28 lutego Stany Zjednoczone i Izrael wypowiedzia\u0142y wojn\u0119 Iranowi.<\/p>\n<p>Czerwcowy atak by\u0142 skierowany przeciwko ameryka\u0144skiej bazie wojskowej w Dosze, ale tym razem Iran zaatakowa\u0142 r\u00f3wnie\u017c infrastruktur\u0119 cywiln\u0105, tak\u0105 jak lotniska, hotele i porty.<\/p>\n<p>I chocia\u017c <a href=\"https:\/\/wiadomosci.onet.pl\/swiat\/nie-zyje-ali-chamenei-przywodca-iranu-zginal-w-ataku-usa-i-izraela\/6bsmt0e\" id=\"3a0b9c2a-84af-48db-b6e6-abde3e8b7dc0\" rel=\"nofollow noopener\" target=\"_blank\">ajatollah Ali Chamenei zosta\u0142 wykluczony z r\u00f3wnania geopolitycznego<\/a>, pa\u0144stwa Zatoki Perskiej stoj\u0105 przed wyborem mi\u0119dzy d\u017cum\u0105 a choler\u0105: wypowiedzie\u0107 wojn\u0119 czy patrze\u0107, jak rakiety spadaj\u0105 na P\u00f3\u0142wysep Arabski? To dylemat, kt\u00f3rego pa\u0144stwa Zatoki Perskiej od dawna usilnie stara\u0142y si\u0119 unikn\u0105\u0107 w miar\u0119 nasilania si\u0119 konfliktu mi\u0119dzy Teheranem a Waszyngtonem.<\/p>\n<p class=\"Paragraph_desktopParagraph__U31Gm\">Katar i Oman pr\u00f3bowa\u0142y mediowa\u0107 mi\u0119dzy Stanami Zjednoczonymi a Iranem, a po pierwszym ataku Amerykan\u00f3w na Iran w weekend minister spraw zagranicznych Omanu Badr Albusaidi napisa\u0142 na portalu spo\u0142eczno\u015bciowym X:<\/p>\n<p class=\"Paragraph_desktopParagraph__U31Gm\">&#8222;Jestem przera\u017cony. Aktywne i powa\u017cne negocjacje po raz kolejny zosta\u0142y podwa\u017cone. Nie s\u0142u\u017cy to ani interesom Stan\u00f3w Zjednoczonych, ani sprawie pokoju na \u015bwiecie. Modl\u0119 si\u0119 za niewinnych, kt\u00f3rzy b\u0119d\u0105 cierpie\u0107. Apeluj\u0119 do Stan\u00f3w Zjednoczonych, aby nie da\u0142y si\u0119 w to wci\u0105gn\u0105\u0107. To nie jest wasza wojna&#8221;.<\/p>\n<p class=\"Paragraph_desktopParagraph__U31Gm\">Zaledwie dzie\u0144 po o\u015bwiadczeniu Albusaidiego Iran zaatakowa\u0142 <a href=\"https:\/\/www.onet.pl\/turystyka\/onetpodroze\/kolejny-kraj-trafil-na-liste-zakazanych-ministerstwo-ostrzega-przed-podrozami\/fxbw96w,07640b54\" id=\"ade2e449-19b3-420c-afc5-d994384e3345\" rel=\"nofollow noopener\" target=\"_blank\">port Duqm w Omanie<\/a>.<\/p>\n<p class=\"Paragraph_desktopParagraph__U31Gm\">Arabia Saudyjska r\u00f3wnie\u017c pr\u00f3bowa\u0142a z\u0142agodzi\u0107 konflikt \u2014 27 stycznia saudyjski ksi\u0105\u017c\u0119 Mohammed bin Salman zadzwoni\u0142 do prezydenta Iranu Masouda Pezeszkiana. Ksi\u0105\u017c\u0119 obieca\u0142, \u017ce Arabia Saudyjska nie pozwoli na wykorzystanie swojej przestrzeni powietrznej lub terytorium do atak\u00f3w militarnych na Iran.<\/p>\n<p class=\"Paragraph_desktopParagraph__U31Gm\">Cztery anonimowe \u017ar\u00f3d\u0142a twierdz\u0105 jednak w wywiadzie dla &#8222;Washington Post&#8221;, \u017ce bin Salaman potajemnie mia\u0142 nak\u0142ania\u0107 prezydenta USA do zaatakowania Iranu, ale wielu ekspert\u00f3w znaj\u0105cych sytuacj\u0119 w Arabii Saudyjskiej podaje to w w\u0105tpliwo\u015b\u0107, a sama ambasada saudyjska w Waszyngtonie zaprzecza tej informacji.<\/p>\n<p class=\"Paragraph_desktopParagraph__U31Gm\">Strona saudyjska pr\u00f3buje r\u00f3wnie\u017c bagatelizowa\u0107 ataki z ostatnich dni. Podczas gdy zagraniczne media informowa\u0142y o ira\u0144skim ataku na saudyjsk\u0105 rafineri\u0119 ropy naftowej Ras Tanura w poniedzia\u0142ek rano, kontrolowane przez pa\u0144stwo saudyjskie media nie poda\u0142y tej informacji.<\/p>\n<p class=\"Paragraph_desktopParagraph__U31Gm\">W poniedzia\u0142ek po po\u0142udniu saudyjskie ministerstwo spraw wewn\u0119trznych og\u0142osi\u0142o, \u017ce \u017cycie toczy si\u0119 normalnie, a u\u017cytkownicy medi\u00f3w spo\u0142eczno\u015bciowych powinni przesta\u0107 rozpowszechnia\u0107 plotki i fa\u0142szywe filmy.<\/p>\n<p class=\"Paragraph_desktopParagraph__U31Gm\">Pytanie brzmi, co zamierzaj\u0105 zrobi\u0107 pa\u0144stwa Zatoki Perskiej. Czy maj\u0105 przymkn\u0105\u0107 oko na liczne ataki Iranu i pogodzi\u0107 si\u0119 ze zniszczeniem wa\u017cnej infrastruktury? A mo\u017ce powinny zaatakowa\u0107 Iran, staj\u0105c tym samym po stronie USA i Izraela w tej wojnie? Nie b\u0119dzie to zapewne popularna decyzja ani w\u015br\u00f3d ludno\u015bci tych kraj\u00f3w, ani w pozosta\u0142ej cz\u0119\u015bci \u015bwiata arabskiego.<\/p>\n<p class=\"Paragraph_desktopParagraph__U31Gm\">Pomimo dyplomatycznych zbli\u017ce\u0144 z Iranem, w wi\u0119kszo\u015bci miejsc na P\u00f3\u0142wyspie Arabskim prawdopodobnie p\u0142acze si\u0119 suchymi \u0142zami nad \u015bmierci\u0105 Chameneia. W ko\u0144cu to w\u0142a\u015bnie jego saudyjski ksi\u0105\u017c\u0119 w 2018 r. nazwa\u0142 &#8222;nowym Hitlerem Bliskiego Wschodu&#8221;.<\/p>\n<p class=\"Paragraph_desktopParagraph__U31Gm\">Jednak fakt, \u017ce kraje takie jak Arabia Saudyjska, Katar i Zjednoczone Emiraty Arabskie by\u0142y mimo wszystko pow\u015bci\u0105gliwe wobec ameryka\u0144skiej interwencji, wynika \u2014 opr\u00f3cz ofiar cywilnych \u2014 r\u00f3wnie\u017c z d\u0142ugoterminowych konsekwencji, jakie b\u0119dzie mia\u0142a wojna regionalna, co pokaza\u0142y ju\u017c dotychczasowe ataki.<\/p>\n<p class=\"Paragraph_desktopParagraph__U31Gm\">W ostatnich latach wiele z tych kraj\u00f3w intensywnie inwestowa\u0142o w rozw\u00f3j bran\u017cy turystycznej, w kt\u00f3rej to w\u0142a\u015bnie <a href=\"https:\/\/businessinsider.com.pl\/gospodarka\/tak-atak-na-iran-zmienia-dubaj-juz-nie-bedzie-bezpieczna-przystania\/c9lfebx\" id=\"92bd9bef-e03d-412b-85db-d55181dba4ed\" rel=\"nofollow noopener\" target=\"_blank\">wysoki poziom bezpiecze\u0144stwa i dobrobyt <\/a>mia\u0142y przyci\u0105ga\u0107 turyst\u00f3w.<\/p>\n<p class=\"Paragraph_desktopParagraph__U31Gm\">Zdj\u0119cia p\u0142on\u0105cego hotelu Fairmont w Dubaju po ataku rakietowym raczej nie zach\u0119c\u0105 obcokrajowc\u00f3w do odwiedzania emiratu. Tysi\u0105ce pasa\u017cer\u00f3w, kt\u00f3rzy utkn\u0119li na lotniskach w Dubaju i Dosze, r\u00f3wnie\u017c mog\u0105 mie\u0107 wp\u0142yw na wyb\u00f3r miejsca mi\u0119dzyl\u0105dowania podczas nast\u0119pnych podr\u00f3\u017cy. Dla kraj\u00f3w, kt\u00f3re stawiaj\u0105 na organizacj\u0119 du\u017cych wydarze\u0144 kulturalnych i sportowych, eksplozje tak\u017ce nie s\u0105 idealn\u0105 sytuacj\u0105.<\/p>\n<p class=\"Paragraph_desktopParagraph__U31Gm\">Na serwisie spo\u0142eczno\u015bciowym X ludzie pytaj\u0105 o bezpiecze\u0144stwo ikony futbolu Cristiano Ronaldo w Arabii Saudyjskiej, a Katar postanowi\u0142 zawiesi\u0107 wszystkie rozgrywki pi\u0142karskie na kilka tygodni przed organizacj\u0105 meczu Finalissima pomi\u0119dzy Argentyn\u0105 a Hiszpani\u0105.<\/p>\n<p class=\"Paragraph_desktopParagraph__U31Gm\">W ostatnich latach zw\u0142aszcza Arabia Saudyjska i Zjednoczone Emiraty Arabskie mocno postawi\u0142y na sektor sztucznej inteligencji i technologii, pr\u00f3buj\u0105c zach\u0119ci\u0107 zagraniczne firmy do rozpocz\u0119cia dzia\u0142alno\u015bci w regionie.<\/p>\n<p class=\"Paragraph_desktopParagraph__U31Gm\">Jedn\u0105 z firm, kt\u00f3re przenios\u0142y si\u0119 do Zjednoczonych Emirat\u00f3w Arabskich, jest ameryka\u0144ski Amazon. W poniedzia\u0142ek rano gigant poinformowa\u0142, \u017ce tymczasowo zamyka swoje centrum danych w tym kraju po tym, jak rano wybuch\u0142 po\u017car w wyniku ira\u0144skiego ataku.<\/p>\n<p class=\"Paragraph_desktopParagraph__U31Gm\">Opr\u00f3cz sektor\u00f3w, kt\u00f3re kraje Zatoki Perskiej pr\u00f3buj\u0105 rozwija\u0107, kilka z nich ponios\u0142o szkody zwi\u0105zane z bran\u017cami, kt\u00f3re stanowi\u0105 podstaw\u0119 ich obecnych dochod\u00f3w. Saudi Arabian Ras Tanura Facility to najwi\u0119ksza rafineria ropy naftowej nale\u017c\u0105ca do pa\u0144stwowej sp\u00f3\u0142ki Aramco, kt\u00f3ra wed\u0142ug agencji Reutersa zosta\u0142a tymczasowo zamkni\u0119ta w wyniku ira\u0144skiego ataku dron\u00f3w w poniedzia\u0142ek rano.<\/p>\n<p class=\"Paragraph_desktopParagraph__U31Gm\">Jednocze\u015bnie Katar \u2014 r\u00f3wnie\u017c w wyniku poniedzia\u0142kowego ataku \u2014 zdecydowa\u0142 si\u0119 wstrzyma\u0107 produkcj\u0119 skroplonego gazu ziemnego. Ten kraj dostarcza oko\u0142o 20 proc. \u015bwiatowego skroplonego gazu ziemnego, co potencjalnie mo\u017ce r\u00f3wnie\u017c dotkn\u0105\u0107 europejskich konsument\u00f3w.<\/p>\n<p class=\"Paragraph_desktopParagraph__U31Gm\">Jest jednak jeszcze zbyt wcze\u015bnie, aby stwierdzi\u0107, ile ostatnie dni b\u0119d\u0105 kosztowa\u0107 pa\u0144stwa Zatoki Perskiej w d\u0142u\u017cszej perspektywie.<\/p>\n<p class=\"Paragraph_desktopParagraph__U31Gm\">Rada Wsp\u00f3\u0142pracy Pa\u0144stw Zatoki Perskiej (GCC) wyda\u0142a komunikat prasowy, w kt\u00f3rym stwierdzi\u0142a, \u017ce kraje te zastrzegaj\u0105 sobie prawo do odpowiedzi na ira\u0144skie ataki, ale wci\u0105\u017c nie jest jasne, czy pa\u0144stwa Zatoki Perskiej rzeczywi\u015bcie zamierzaj\u0105 zaanga\u017cowa\u0107 si\u0119 w wojn\u0119, kt\u00f3ra tylko pogorszy ich sytuacj\u0119 ekonomiczn\u0105.<\/p>\n<p class=\"Paragraph_desktopParagraph__U31Gm\">Jedno jest jasne: pa\u0144stwa Zatoki Perskiej wyrazi\u0142y &#8222;ambicje mediacyjne&#8221;, a dla cz\u0119\u015bci z nich dyplomacja mi\u0119dzynarodowa (w tym Omanu i Arabii Saudyjskiej) jest wa\u017cnym elementem polityki zagranicznej. Jednak po ostatnich wydarzeniach wydaje si\u0119 ma\u0142o prawdopodobne, aby by\u0142y w stanie wynegocjowa\u0107 pok\u00f3j mi\u0119dzy Rosj\u0105 a Ukrain\u0105 lub Izraelem a Gaz\u0105, skoro nie uda\u0142o im si\u0119 przekona\u0107 Iranu, aby nie atakowa\u0142 ich samych na P\u00f3\u0142wyspie Arabskim.<\/p>\n","protected":false},"excerpt":{"rendered":"W czerwcu ubieg\u0142ego roku w serwisie Danwatch pojawi\u0142 si\u0119 tekst zatytuowany &#8222;Mi\u0119dzy Trumpem, Netanjahu i Chameneim: pa\u0144stwa Zatoki&hellip;\n","protected":false},"author":2,"featured_media":289553,"comment_status":"","ping_status":"","sticky":false,"template":"","format":"standard","meta":{"footnotes":"","_share_on_mastodon":"0"},"categories":[14],"tags":[3427,56,47053,32,33,66,27,67,307,3057,22566,34,35,28,31,53,25,20577,52,68,51,55,40,41,47,80,29,30,50,26,82,83,84,37860,19975],"class_list":["post-289552","post","type-post","status-publish","format-standard","has-post-thumbnail","category-swiat","tag-arabia_saudyjska","tag-article_premium","tag-bahrajn_kraj","tag-breaking-news","tag-breakingnews","tag-give_me_perspective","tag-headlines","tag-intextvideo_splayer","tag-iran_kraj","tag-katar","tag-kuwejt","tag-latest-news","tag-latestnews","tag-naglowki","tag-najwazniejsze-artykuly","tag-new_header","tag-news","tag-oman","tag-onet3","tag-onet3d","tag-onet3d_2i","tag-phx","tag-polish","tag-polski","tag-screening_general","tag-swiat","tag-top-stories","tag-topstories","tag-v2021","tag-wiadomosci","tag-world","tag-world-news","tag-worldnews","tag-zatoka_perska","tag-zea"],"share_on_mastodon":{"url":"https:\/\/pubeurope.com\/@pl\/116172769486357272","error":""},"_links":{"self":[{"href":"https:\/\/www.europesays.com\/pl\/wp-json\/wp\/v2\/posts\/289552","targetHints":{"allow":["GET"]}}],"collection":[{"href":"https:\/\/www.europesays.com\/pl\/wp-json\/wp\/v2\/posts"}],"about":[{"href":"https:\/\/www.europesays.com\/pl\/wp-json\/wp\/v2\/types\/post"}],"author":[{"embeddable":true,"href":"https:\/\/www.europesays.com\/pl\/wp-json\/wp\/v2\/users\/2"}],"replies":[{"embeddable":true,"href":"https:\/\/www.europesays.com\/pl\/wp-json\/wp\/v2\/comments?post=289552"}],"version-history":[{"count":0,"href":"https:\/\/www.europesays.com\/pl\/wp-json\/wp\/v2\/posts\/289552\/revisions"}],"wp:featuredmedia":[{"embeddable":true,"href":"https:\/\/www.europesays.com\/pl\/wp-json\/wp\/v2\/media\/289553"}],"wp:attachment":[{"href":"https:\/\/www.europesays.com\/pl\/wp-json\/wp\/v2\/media?parent=289552"}],"wp:term":[{"taxonomy":"category","embeddable":true,"href":"https:\/\/www.europesays.com\/pl\/wp-json\/wp\/v2\/categories?post=289552"},{"taxonomy":"post_tag","embeddable":true,"href":"https:\/\/www.europesays.com\/pl\/wp-json\/wp\/v2\/tags?post=289552"}],"curies":[{"name":"wp","href":"https:\/\/api.w.org\/{rel}","templated":true}]}}