{"id":289930,"date":"2026-03-05T02:36:20","date_gmt":"2026-03-05T02:36:20","guid":{"rendered":"https:\/\/www.europesays.com\/pl\/289930\/"},"modified":"2026-03-05T02:36:20","modified_gmt":"2026-03-05T02:36:20","slug":"rola-w-krzyzakach-byla-jej-przeklenstwem-smutny-los-grazyny-staniszewskiej-2","status":"publish","type":"post","link":"https:\/\/www.europesays.com\/pl\/289930\/","title":{"rendered":"Rola w &#8222;Krzy\u017cakach&#8221; by\u0142a jej przekle\u0144stwem. Smutny los Gra\u017cyny Staniszewskiej"},"content":{"rendered":"<p class=\"Paragraph_desktopParagraph__U31Gm\">W skr\u00f3cie:<\/p>\n<ul class=\"UnorderedList_container__nmfSl\">\n<li class=\"UnorderedList_listElement__Py7xi UnorderedList_listElementDefault__oEOOV\">Gra\u017cyna Staniszewska nie musia\u0142a zabiega\u0107 o rol\u0119 Danusi. To do niej si\u0119 zg\u0142oszono. Bez wahania zgodzi\u0142a si\u0119 zagra\u0107 w filmie Aleksandra Forda<\/li>\n<li class=\"UnorderedList_listElement__Py7xi UnorderedList_listElementDefault__oEOOV\">Po &#8222;Krzy\u017cakach&#8221; nie zagra\u0142a w filmie kinowym przez&#8230; kolejnych 13 lat<\/li>\n<li class=\"UnorderedList_listElement__Py7xi UnorderedList_listElementDefault__oEOOV\">Jej pierwsze spotkanie z przysz\u0142ym m\u0119\u017cem by\u0142o do\u015b\u0107 niezwyk\u0142e. Jak opowiada\u0142 po latach Wojciech Noszczyk, by\u0142o ono wynikiem\u2026 jego zak\u0142adu z kuzynem<\/li>\n<\/ul>\n<p class=\"Paragraph_desktopParagraph__U31Gm\">&#8222;Ratunku! Nie przygotowa\u0142am si\u0119 do egzaminu!&#8221; \u2014 wykrzykn\u0119\u0142a podobno Gra\u017cyna Staniszewska przed komisj\u0105 rekrutacyjn\u0105 warszawskiej szko\u0142y teatralnej. Ten okrzyk przera\u017cenia by\u0142 sprawdzianem jej aktorskich zdolno\u015bci i wypad\u0142 bardzo prawdziwie, gdy\u017c\u2026 faktycznie przyjecha\u0142a na egzamin bez przygotowanego tekstu. Na studiowanie aktorstwa zdecydowa\u0142a si\u0119 impulsywnie, dos\u0142ownie w ostatniej chwili \u0142api\u0105c poci\u0105g do stolicy z rodzinnej \u0141odzi. Okaza\u0142o si\u0119, \u017ce wyuczona recytacja nie by\u0142a do niczego potrzebna \u2014 debiutantka dosta\u0142a si\u0119 na uczelni\u0119 za pierwszym razem.<\/p>\n<p class=\"Paragraph_desktopParagraph__U31Gm\">Szybko tak\u017ce odkryto jej niezwyk\u0142y aktorski talent. Kiedy by\u0142a jeszcze na studiach, wyst\u0105pi\u0142a w &#8222;Popiele i diamencie&#8221; <a href=\"https:\/\/plejada.pl\/temat\/andrzej-wajda\/9xwkj33\" id=\"2b9bcacb-d8d0-4a72-a84c-06ecb7c38efc\" rel=\"nofollow noopener\" target=\"_blank\">Andrzeja Wajdy<\/a> i &#8222;Krzy\u017cu walecznych&#8221; <a href=\"https:\/\/plejada.pl\/temat\/kazimierz-kutz\/kllgt5j\" id=\"0f837282-01ed-4e58-97a1-3c1a8f12cc31\" rel=\"nofollow noopener\" target=\"_blank\">Kazimierza Kutza<\/a>. Dwa lata p\u00f3\u017aniej zagra\u0142a swoj\u0105 wielk\u0105 rol\u0119, z kt\u00f3rej do dzisiaj wszyscy j\u0105 pami\u0119taj\u0105, czyli Danusi\u0119 w &#8222;Krzy\u017cakach&#8221; <a href=\"https:\/\/plejada.pl\/aleksander-ford\" id=\"98d968ec-b2d2-45ca-b267-12f8386dd417\" rel=\"nofollow noopener\" target=\"_blank\">Aleksandra Forda<\/a>. Wielk\u0105 i\u2026 jedn\u0105 z ostatnich. M\u00f3wiono potem, \u017ce niewinna i s\u0142odka Danusia przynios\u0142a aktorce pecha.<\/p>\n<p>Gra\u017cyna Staniszewska wcale nie zbiega\u0142a o rol\u0119 w &#8222;Krzy\u017cakach&#8221; <\/p>\n<p class=\"Paragraph_desktopParagraph__U31Gm\">Aleksander Ford, kompletuj\u0105c obsad\u0119 do &#8222;Krzy\u017cak\u00f3w&#8221;, \u017cyczy\u0142 sobie, by g\u0142\u00f3wne role odegra\u0142y ma\u0142o znane twarze. Poszukiwa\u0142 aktor\u00f3w \u015bwie\u017cych i naturalnych. Gra\u017cyna Staniszewska by\u0142a \u015bliczna i m\u0142oda, do tego pe\u0142na entuzjazmu i utalentowana. Re\u017cyser widzia\u0142 j\u0105 wcze\u015bniej na ekranie, pono\u0107 zrobi\u0142a na nim wra\u017cenie, graj\u0105c w &#8222;Zamachu&#8221; Jerzego Passendorfera. Zdobywszy uznanie Forda, nie musia\u0142a nawet specjalnie zabiega\u0107 o rol\u0119 Danusi, bo produkcja zwr\u00f3ci\u0142a si\u0119 bezpo\u015brednio do niej z propozycj\u0105 pracy. Zgodzi\u0142a si\u0119 bez wahania. Po latach tak wspomina\u0142a w rozmowie z Interi\u0105:<\/p>\n<blockquote>\n<p class=\"Paragraph_desktopParagraph__U31Gm\">Danusia musia\u0142a mie\u0107 jak\u0105\u015b twarz, czyj\u0105\u015b sylwetk\u0119. U\u017cyczy\u0142am jej swojej i na tym w\u0142a\u015bciwie ko\u0144czy\u0142 si\u0119 m\u00f3j aktorski wk\u0142ad<\/p>\n<\/blockquote>\n<p class=\"Paragraph_desktopParagraph__U31Gm\">I cho\u0107 w niekt\u00f3rych scenach aktorka w d\u0142ugiej blond peruce czu\u0142a si\u0119 podobno, jakby przebywa\u0142a w futrzanej czapce na pustyni, praca na planie przebiega\u0142a g\u0142adko. W cytowanym wy\u017cej wywiadzie m\u00f3wi\u0142a:<\/p>\n<blockquote>\n<p class=\"Paragraph_desktopParagraph__U31Gm\">Ford niczego nie narzuca\u0142, odzywa\u0142 si\u0119 tylko, gdy by\u0142 z czego\u015b niezadowolony<\/p>\n<\/blockquote>\n<p class=\"Paragraph_desktopParagraph__U31Gm\">Premiera &#8222;Krzy\u017cak\u00f3w&#8221; w 1960 r. by\u0142a w kraju ogromnym wydarzeniem. Sale kinowe p\u0119ka\u0142y w szwach. Na obejrzenie pierwszej polskiej, a w dodatku najbardziej dochodowej superprodukcji, ludzie tygodniami czekali w kolejkach do kin. W sumie w ci\u0105gu kolejnych lat &#8222;Krzy\u017cak\u00f3w&#8221; obejrza\u0142o blisko\u2026 33 mln widz\u00f3w. To wi\u0119cej ni\u017c liczy\u0142a sobie ludno\u015b\u0107 w Polsce w roku premiery tego filmowego dzie\u0142a, uznanego przez Martina Scorsese za jedno z arcydzie\u0142 polskiej kinematografii.<\/p>\n<p class=\"Paragraph_desktopParagraph__U31Gm\">Dla Gra\u017cyny Staniszewskiej (w\u00f3wczas 24-letniej aktorki zaraz po studiach) ca\u0142a ta sytuacja by\u0142a prawdziwym szokiem. Z dnia na dzie\u0144 sta\u0142a si\u0119 jedn\u0105 z najbardziej rozpoznawalnych polskich gwiazd. Zachwycano si\u0119 jej urod\u0105 i talentem. Wydawa\u0142o si\u0119, \u017ce dopiero teraz propozycje posypi\u0105 si\u0119 jak z r\u0119kawa. Nic podobnego jednak si\u0119 nie sta\u0142o. Jak wspomina we &#8222;Wspomnieniu do Albumu&#8221; Mieczys\u0142aw Kalenik, filmowy Zbyszko:<\/p>\n<blockquote>\n<p class=\"Paragraph_desktopParagraph__U31Gm\">Wydawa\u0142o si\u0119 po premierze &#8222;Krzy\u017cak\u00f3w&#8221;, \u017ce \u015bwiat leg\u0142 u naszych st\u00f3p. Lecz, jak to si\u0119 cz\u0119sto zdarza w aktorskim \u017cyciu, olbrzymia popularno\u015b\u0107 obr\u00f3ci\u0142a si\u0119 przeciw nam. Trudno uwierzy\u0107, ale po filmie Forda nie dosta\u0142em ju\u017c naprawd\u0119 interesuj\u0105cej roli. Podobnie by\u0142o z Gra\u017cyn\u0105. Sama zwyk\u0142a m\u00f3wi\u0107, \u017ce udzia\u0142 w &#8222;Krzy\u017cakach&#8221; sta\u0142 si\u0119 dla niej przekle\u0144stwem<\/p>\n<\/blockquote>\n<p><img decoding=\"async\" class=\"Image_image__0tuHp Image_autoHeight__f2n87 \" height=\"587\" width=\"870\" src=\"https:\/\/www.europesays.com\/pl\/wp-content\/uploads\/2026\/03\/6KEk9kpTURBXy8yNTgyZWU0ZjYxZWRkODE2OWE2MWU2ZWM5YThhMjQ3OC5qcGeSlQLNA6wAwsOVAgDNAkvCw94AA6EwAaExAaEzw.jpeg\" alt=\"Scena z filmu &quot;Krzy\u017cacy&quot; w re\u017cyserii Aleksandra Forda, 1960 r. Na zdj\u0119ciu aktorzy Mieczys\u0142aw Kalenik (L) jako Zbyszko z Bogda\u0144ca, Lucyna Winnicka (C) jako Ksi\u0119\u017cna Anna Danuta i Gra\u017cyna Staniszewska (P) jako Danusia. \/bpt\/ PAP\/CAF\" loading=\"lazy\" \/>PAP\/CAF \/ PAP<\/p>\n<p>Scena z filmu &#8222;Krzy\u017cacy&#8221; w re\u017cyserii Aleksandra Forda, 1960 r. Na zdj\u0119ciu aktorzy Mieczys\u0142aw Kalenik (L) jako Zbyszko z Bogda\u0144ca, Lucyna Winnicka (C) jako Ksi\u0119\u017cna Anna Danuta i Gra\u017cyna Staniszewska (P) jako Danusia. \/bpt\/ PAP\/CAF<\/p>\n<p class=\"Paragraph_desktopParagraph__U31Gm\">Gra\u017cyna Staniszewska na kolejn\u0105 filmow\u0105 rol\u0119 czeka\u0142a a\u017c 13 lat<\/p>\n<p class=\"Paragraph_desktopParagraph__U31Gm\">Re\u017cyserzy nie chcieli zatrudnia\u0107 m\u0142odych aktor\u00f3w. Gra\u017cyna Staniszewska nie zagra\u0142a w filmie kinowym przez&#8230; kolejnych 13 lat. Stan\u0119\u0142a przed kamer\u0105 dopiero w 1973 r., gdy otrzyma\u0142a drugoplanow\u0105 rol\u0119 Zofii Dubilanki, by\u0142ej kochanki przemys\u0142owca Widmara w &#8222;Zazdro\u015bci i medycynie&#8221; Janusza Majewskiego. Nast\u0119pn\u0105 rol\u0119 zagra\u0142a 16 lat p\u00f3\u017aniej, w &#8222;Lawie. Opowie\u015bci o Dziadach Adama Mickiewicza&#8221;, podobno na specjalne zaproszenie Tadeusza Konwickiego. Wcieli\u0142a si\u0119 tak\u017ce w Kmitow\u0105 w scenie &#8222;Balu u Senatora&#8221;. Mia\u0142a w\u00f3wczas 53 lata i po tym filmie ostatecznie zako\u0144czy\u0142a kinow\u0105 karier\u0119.<\/p>\n<p class=\"Paragraph_desktopParagraph__U31Gm\">Znacznie lepiej wygl\u0105da\u0142a teatralna kariera Gra\u017cyny Staniszewskiej. Zosta\u0142a aktork\u0105 presti\u017cowego Teatru Narodowego w zespole Kazimierza Dejmka. Zagra\u0142a m.in. Klar\u0119 w &#8222;Zem\u015bcie&#8221; oraz&#8230; Adasia Niezg\u00f3dk\u0119 w &#8222;Niezwyk\u0142ej przygodzie pana Kleksa&#8221;. Nast\u0119pnie przesz\u0142a do teatru Dramatycznego i jak wi\u0119kszo\u015b\u0107 aktor\u00f3w\u2026 odesz\u0142a z niego w okresie stanu wojennego, gdy w\u0142adza wyrzuci\u0142a dyrektora Gustawa Holoubka. Jej m\u0105\u017c, profesor chirurgii Wojciech Noszczyk, w rozmowie z Interi\u0105 wspomina\u0142:<\/p>\n<blockquote>\n<p class=\"Paragraph_desktopParagraph__U31Gm\">Brzydzi\u0142a si\u0119 tamtym systemem. W naszym ogrodzie na \u017boliborzu pisa\u0142 swoje kazania ksi\u0105dz Jerzy Popie\u0142uszko, z kt\u00f3rym si\u0119 przyja\u017anili\u015bmy<\/p>\n<\/blockquote>\n<p>Pozna\u0142a m\u0119\u017ca dzi\u0119ki&#8230; zak\u0142adowi <\/p>\n<p class=\"Paragraph_desktopParagraph__U31Gm\">Pierwsze spotkanie Gra\u017cyny Staniszewskiej z przysz\u0142ym m\u0119\u017cem by\u0142o do\u015b\u0107 niezwyk\u0142e. Jak opowiada\u0142 po latach Wojciech Noszczyk, by\u0142o ono wynikiem\u2026 jego zak\u0142adu z kuzynem. Obaj m\u0119\u017cczy\u017ani, b\u0119d\u0105c w\u00f3wczas studentami, poszli do kina na &#8222;Krzy\u017c Walecznych&#8221; i zachwycili si\u0119 urod\u0105 Staniszewskiej. Gdy kuzyn zacz\u0105\u0142 si\u0119 rozp\u0142ywa\u0107 nad jej wdzi\u0119kami, Wojciech Noszczyk stwierdzi\u0142, \u017ce nie ma problemu, on t\u0119 pi\u0119kn\u0105 aktork\u0119 przyprowadzi nast\u0119pnego dnia do Bristolu. W zamian chcia\u0142 otrzyma\u0107 kilogram kawioru, przywieziony przez kuzyna z Rosji. Zak\u0142ad zawarto.<\/p>\n<p class=\"Paragraph_desktopParagraph__U31Gm\">&#8222;Biegn\u0119 do Szko\u0142y Teatralnej, wpadam na <a href=\"https:\/\/kultura.onet.pl\/film\/wywiady-i-artykuly\/bozena-kurowska-aktorka-ktora-umarla-na-scenie\/hvccbk2\" id=\"8284a897-9dd4-44cd-a848-232759e7f2ef\" rel=\"nofollow noopener\" target=\"_blank\">Bo\u017cen\u0119 Kurowsk\u0105<\/a>. M\u00f3wi, \u017ce Staniszewska mieszka w Dziekance. To do Dziekanki. Spotykam <a href=\"https:\/\/plejada.pl\/zdjecia-gwiazd\/legendy-prl-to-ich-kochaly-miliony-elzbieta-czyzewska-miala-najpiekniejsze-nogi-jakie\/z0v22dg\" id=\"ce00fae8-1159-455e-b952-765a0f4d9f17\" rel=\"nofollow noopener\" target=\"_blank\">El\u0119 Czy\u017cewsk\u0105<\/a>, ona twierdzi, \u017ce Gra\u017cyna si\u0119 przeprowadzi\u0142a do kole\u017canki na Langiewicza. Tam si\u0119 dowiaduj\u0119, \u017ce jest w\u0142a\u015bnie w kinie \u00bb\u015al\u0105sk\u00ab na Festiwalu Festiwali Filmowych, bardzo popularnej w\u00f3wczas imprezie. I rzeczywi\u015bcie, sta\u0142a w zwartym t\u0142umie wielbicieli. A ja prosto do niej: \u00bbNazywam si\u0119 Wojciech Noszczyk i przyszed\u0142em po pani\u0105\u00ab. Gapi\u0142a si\u0119 na mnie, nic nie m\u00f3wi\u0105c&#8221;  \u2014 m\u00f3wi\u0142 na \u0142amach magazynu &#8222;Puls&#8221;.<\/p>\n<p class=\"Paragraph_desktopParagraph__U31Gm\">Gdy Gra\u017cyna Staniszewska wreszcie odzyska\u0142a g\u0142os, pono\u0107 by\u0142a i oburzona, jak i zachwycona bezpo\u015brednio\u015bci\u0105 m\u0142odego m\u0119\u017cczyzny. Zgodzi\u0142a si\u0119 spotka\u0107 z nim w Bristolu, a nast\u0119pnego dnia zaskoczony kuzyn, ujrzawszy aktork\u0119 na \u017cywo, wydusi\u0142 z siebie ma\u0142o uprzejmie tylko:<\/p>\n<p class=\"Paragraph_desktopParagraph__U31Gm\">Wojciech Noszczyk by\u0142 jednak przeciwnego zdania i po czterech latach narzecze\u0144stwa para stan\u0119\u0142a na \u015blubnym kobiercu. M\u0142ode ma\u0142\u017ce\u0144stwo zamieszka\u0142o na Saskiej K\u0119pie, tam na \u015bwiat przysz\u0142a dw\u00f3jka ich dzieci, Maria i Bart\u0142omiej. Oboje poszli w \u015blady ojca i dzi\u015b s\u0105 lekarzami. Gra\u017cyna Staniszewska po\u015bwieci\u0142a si\u0119 swojej najwa\u017cniejszej \u017cyciowej roli \u017cony i matki. W wywiadzie z okazji 80. urodzin przyzna\u0142a:<\/p>\n<blockquote>\n<p class=\"Paragraph_desktopParagraph__U31Gm\">Najbli\u017csze s\u0105 mi role \u017cony, matki, babci i widza, bo jestem z gatunku tzw. kur domowych.<\/p>\n<\/blockquote>\n<p class=\"Paragraph_desktopParagraph__U31Gm\">Gra\u017cyna Staniszewska zmar\u0142a w 2018 r. Mia\u0142a 82 lata. Wojciech Noszczyk w rozmowie z &#8221;Rzeczpospolit\u0105&#8221; wspomina\u0142 \u017con\u0119 s\u0142owami:<\/p>\n<blockquote>\n<p class=\"Paragraph_desktopParagraph__U31Gm\">By\u0142a wspania\u0142\u0105, wra\u017cliw\u0105 i delikatn\u0105 osob\u0105. Poznali\u015bmy si\u0119 jeszcze na studiach, zanim Gra\u017cyna zagra\u0142a w &#8222;Krzy\u017cakach&#8221;, a jako ma\u0142\u017ce\u0144stwo prze\u017cyli\u015bmy 58 lat<\/p>\n<\/blockquote>\n<p class=\"Paragraph_desktopParagraph__U31Gm\">Dzi\u0119kujemy, \u017ce przeczyta\u0142a\u015b\/e\u015b nasz artyku\u0142 do ko\u0144ca. W serwisie Plejada.pl ka\u017cdego dnia piszemy o najwa\u017cniejszych wydarzeniach show-biznesowych. B\u0105d\u017a na bie\u017c\u0105co!<a rel=\"nofollow noopener\" href=\"https:\/\/profile.google.com\/cp\/Cg0vZy8xMWJ6X19wdHBx\" id=\"54da0c0e-3c23-4044-8216-e4c56707d186\" target=\"_blank\"> Obserwuj<\/a> Plejad\u0119 w Google. Odwied\u017a nas tak\u017ce na<a rel=\"nofollow noopener\" href=\"https:\/\/www.facebook.com\/plejadapl\" id=\"474f537d-4874-41d0-889b-27fe13153135\" target=\"_blank\"> Facebooku<\/a>,<a rel=\"nofollow noopener\" href=\"https:\/\/www.instagram.com\/plejadapl\/\" id=\"1b9c7712-61f6-4a9e-ae0e-7b7e4aeaa13b\" target=\"_blank\"> Instagramie<\/a>,<a rel=\"nofollow noopener\" href=\"https:\/\/www.youtube.com\/c\/plejada\" id=\"f7e649b7-f7fe-4f78-baf4-f4ec0d7ba981\" target=\"_blank\"> YouTubie<\/a> oraz<a rel=\"nofollow noopener\" href=\"https:\/\/www.tiktok.com\/@plejada_pl\" id=\"affb034a-26f8-48c2-9ec0-d888e6eadf56\" target=\"_blank\"> TikToku<\/a>.<\/p>\n<p class=\"Paragraph_desktopParagraph__U31Gm\">Chcesz podzieli\u0107 si\u0119 ciekawym newsem lub zaproponowa\u0107 temat? Skontaktuj si\u0119 z nami, pisz\u0105c maila na adres: <a href=\"https:\/\/www.onet.pl\/styl-zycia\/plejada\/rola-w-krzyzakach-byla-jej-przeklenstwem-smutny-los-grazyny-staniszewskiej\/mailto:plejada@redakcjaonet.pl\" id=\"30f43b10-ae76-475a-a8b9-6e2b30119c38\" rel=\"nofollow noopener\" target=\"_blank\">plejada@redakcjaonet.pl<\/a>.<\/p>\n<p><script async src=\"\/\/www.instagram.com\/embed.js\"><\/script><script async src=\"\/\/www.tiktok.com\/embed.js\"><\/script><\/p>\n","protected":false},"excerpt":{"rendered":"W skr\u00f3cie: Gra\u017cyna Staniszewska nie musia\u0142a zabiega\u0107 o rol\u0119 Danusi. To do niej si\u0119 zg\u0142oszono. Bez wahania zgodzi\u0142a&hellip;\n","protected":false},"author":2,"featured_media":289931,"comment_status":"","ping_status":"","sticky":false,"template":"","format":"standard","meta":{"footnotes":"","_share_on_mastodon":"0"},"categories":[22],"tags":[122,47643,67,40032,261,47778,46637,53,52,68,51,55,42,45363,2120,38,40,39,41,123,47,39366,50],"class_list":["post-289930","post","type-post","status-publish","format-standard","has-post-thumbnail","category-rozrywka","tag-entertainment","tag-grazyna_staniszewska_aktorka","tag-intextvideo_splayer","tag-krzyzacy_ksiazka_i_film","tag-kultura","tag-kultura_onet","tag-less_more_tst0","tag-new_header","tag-onet3","tag-onet3d","tag-onet3d_2i","tag-phx","tag-pl","tag-playerv3_tst0","tag-plejada","tag-poland","tag-polish","tag-polska","tag-polski","tag-rozrywka","tag-screening_general","tag-sg_cleanup_tst0","tag-v2021"],"share_on_mastodon":{"url":"https:\/\/pubeurope.com\/@pl\/116174243942757267","error":""},"_links":{"self":[{"href":"https:\/\/www.europesays.com\/pl\/wp-json\/wp\/v2\/posts\/289930","targetHints":{"allow":["GET"]}}],"collection":[{"href":"https:\/\/www.europesays.com\/pl\/wp-json\/wp\/v2\/posts"}],"about":[{"href":"https:\/\/www.europesays.com\/pl\/wp-json\/wp\/v2\/types\/post"}],"author":[{"embeddable":true,"href":"https:\/\/www.europesays.com\/pl\/wp-json\/wp\/v2\/users\/2"}],"replies":[{"embeddable":true,"href":"https:\/\/www.europesays.com\/pl\/wp-json\/wp\/v2\/comments?post=289930"}],"version-history":[{"count":0,"href":"https:\/\/www.europesays.com\/pl\/wp-json\/wp\/v2\/posts\/289930\/revisions"}],"wp:featuredmedia":[{"embeddable":true,"href":"https:\/\/www.europesays.com\/pl\/wp-json\/wp\/v2\/media\/289931"}],"wp:attachment":[{"href":"https:\/\/www.europesays.com\/pl\/wp-json\/wp\/v2\/media?parent=289930"}],"wp:term":[{"taxonomy":"category","embeddable":true,"href":"https:\/\/www.europesays.com\/pl\/wp-json\/wp\/v2\/categories?post=289930"},{"taxonomy":"post_tag","embeddable":true,"href":"https:\/\/www.europesays.com\/pl\/wp-json\/wp\/v2\/tags?post=289930"}],"curies":[{"name":"wp","href":"https:\/\/api.w.org\/{rel}","templated":true}]}}