{"id":290079,"date":"2026-03-05T06:24:07","date_gmt":"2026-03-05T06:24:07","guid":{"rendered":"https:\/\/www.europesays.com\/pl\/290079\/"},"modified":"2026-03-05T06:24:07","modified_gmt":"2026-03-05T06:24:07","slug":"nad-polska-osiadzie-centrum-antycyklonu-to-oznacza-podzial-w-pogodzie-onet","status":"publish","type":"post","link":"https:\/\/www.europesays.com\/pl\/290079\/","title":{"rendered":"Nad Polsk\u0105 osi\u0105dzie centrum antycyklonu. To oznacza podzia\u0142 w pogodzie &#8211; Onet"},"content":{"rendered":"<ol>\n<li><a href=\"https:\/\/news.google.com\/rss\/articles\/CBMi0gFBVV95cUxNbkpzUGZDc3JhV090a1lzQ1dGdHFmSXNNaDZFOTF6Y0hzazQ3MW55Mm1XSU44WW1oWjN3WlFkcFVad1E0ZUUyWk9zSkJyQXJFdUVLMlVMT1QwY291c3U2WWVYMEhWSlZONzluajh3bG9JZG9wdDZtamluNXduNHg4b1lPNmNZQVFBSWFoQU5DWkNjX0dGYUJWSUdGZTZCM1Y5ZVQzRXVoeFpjNUstMXFHdkVKY1JCUlBOSTQ4bEtmNHloODRybEJQTWloVF9EU3lPeEE?oc=5\" target=\"_blank\" rel=\"nofollow noopener\">Nad Polsk\u0105 osi\u0105dzie centrum antycyklonu. To oznacza podzia\u0142 w pogodzie<\/a>&nbsp;&nbsp;Onet<\/li>\n<li><a href=\"https:\/\/news.google.com\/rss\/articles\/CBMia0FVX3lxTFB1bi1fazdTSVBmd2VZeW8yVnpIY2NEYjNqcHZ6S0IyNFhJNk9yZ1htR2xBZ21VckRvcDZNTlBreXliWVBESTNzSjZYcnNHMDA2alFZb09namhqa3ZSR1ZNeEp5YjNOSzQtM0dj?oc=5\" target=\"_blank\" rel=\"nofollow noopener\">Prognoza pogody na czwartek<\/a>&nbsp;&nbsp;TVP Wroc\u0142aw<\/li>\n<li><a href=\"https:\/\/news.google.com\/rss\/articles\/CBMivgFBVV95cUxQUEZPRGpyaFlVS2JmTWtHeG9ldjhoM1VKWDNEamttY19LV0hYR3dQaGU4SWg2NEFDdktSQzc3Q1pwM0w5M2NTVDQ2eEJ1NmJBaUpfMktJMWNmWTJNTjlJbmhoYTg2SlZNRUtkd0VUMS1BcmUybC1RLXZXQWRfanI0Tm5hYUNsdzZfYXVmTEpLckF2bXlGV0w1S1pCdW9XT2h6eXhHVm43dHY1WjZtYjV1VFE4MloxLTVEcklQM3p3?oc=5\" target=\"_blank\" rel=\"nofollow noopener\">Pogoda na dzi\u015b &#8211; czwartek, 26.02. Chmury si\u0119 rozwiej\u0105. Pogoda poprawi nam nastr\u00f3j<\/a>&nbsp;&nbsp;TVN24<\/li>\n<li><a href=\"https:\/\/news.google.com\/rss\/articles\/CBMi0AFBVV95cUxOY3B4MGZOX3NXN1lUb1F5Z1BuTVMzdkJvM2FoWFR4STFSeGk2VVlyVDNheW9ncF93NzJ1Um5kRHU3WnFWZnlaNXFfdTktUngxWWplZlg2X1VIMTVtRkVocmhOQkFieC0yM0dpYm9ZZGZENFBmMGRwMHN2ckVQZF9NZkd6a3pmVVJWazBOOV9zT2ZVemFYY1ZCNV81NUNXTkNIcW1rOGItcUUwa0ZOM1h0ckpBeWI5NFk4VWVObDVZdTFxRHRiMTZ3dGQ1eXZ5ZmJ5?oc=5\" target=\"_blank\" rel=\"nofollow noopener\">Czwartek pogodny i ciep\u0142y. Nadal obowi\u0105zuj\u0105 alerty hydrologiczne<\/a>&nbsp;&nbsp;TVP Info<\/li>\n<li><a href=\"https:\/\/news.google.com\/rss\/articles\/CBMic0FVX3lxTFB0Q1NNSndrczNBQmxHZWtTLTNlMkM4MkNrZU5aWTNzbmRQS3lfcGFrS0FISER5SWhKQ1MwdWtqX01pdURxVmJzSnMwLTVMTnQxcnZGYnhWMkgtSWMxX2xqVzZ5SVpsMnQzY2xmbk5TUWItb1E?oc=5\" target=\"_blank\" rel=\"nofollow noopener\">S\u0142oneczny czwartek w \u0141\u00f3dzkiem [POGODA]<\/a>&nbsp;&nbsp;Radio \u0141\u00f3d\u017a<\/li>\n<\/ol>\n","protected":false},"excerpt":{"rendered":"Nad Polsk\u0105 osi\u0105dzie centrum antycyklonu. To oznacza podzia\u0142 w pogodzie&nbsp;&nbsp;Onet Prognoza pogody na czwartek&nbsp;&nbsp;TVP Wroc\u0142aw Pogoda na dzi\u015b&hellip;\n","protected":false},"author":2,"featured_media":290080,"comment_status":"","ping_status":"","sticky":false,"template":"","format":"standard","meta":{"footnotes":"","_share_on_mastodon":"0"},"categories":[12],"tags":[32,33,36,37,27,34,35,46638,10372,28,31,53,25,52,68,51,55,42,78,38,40,39,41,3324,47,1652,29,30,65,50,26],"class_list":["post-290079","post","type-post","status-publish","format-standard","has-post-thumbnail","category-polska","tag-breaking-news","tag-breakingnews","tag-featured-news","tag-featurednews","tag-headlines","tag-latest-news","tag-latestnews","tag-less_more_tst1","tag-mgla","tag-naglowki","tag-najwazniejsze-artykuly","tag-new_header","tag-news","tag-onet3","tag-onet3d","tag-onet3d_2i","tag-phx","tag-pl","tag-pogoda","tag-poland","tag-polish","tag-polska","tag-polski","tag-przymrozki","tag-screening_general","tag-temperatura","tag-top-stories","tag-topstories","tag-update_me","tag-v2021","tag-wiadomosci"],"share_on_mastodon":{"url":"https:\/\/pubeurope.com\/@pl\/116175140577363855","error":""},"_links":{"self":[{"href":"https:\/\/www.europesays.com\/pl\/wp-json\/wp\/v2\/posts\/290079","targetHints":{"allow":["GET"]}}],"collection":[{"href":"https:\/\/www.europesays.com\/pl\/wp-json\/wp\/v2\/posts"}],"about":[{"href":"https:\/\/www.europesays.com\/pl\/wp-json\/wp\/v2\/types\/post"}],"author":[{"embeddable":true,"href":"https:\/\/www.europesays.com\/pl\/wp-json\/wp\/v2\/users\/2"}],"replies":[{"embeddable":true,"href":"https:\/\/www.europesays.com\/pl\/wp-json\/wp\/v2\/comments?post=290079"}],"version-history":[{"count":0,"href":"https:\/\/www.europesays.com\/pl\/wp-json\/wp\/v2\/posts\/290079\/revisions"}],"wp:featuredmedia":[{"embeddable":true,"href":"https:\/\/www.europesays.com\/pl\/wp-json\/wp\/v2\/media\/290080"}],"wp:attachment":[{"href":"https:\/\/www.europesays.com\/pl\/wp-json\/wp\/v2\/media?parent=290079"}],"wp:term":[{"taxonomy":"category","embeddable":true,"href":"https:\/\/www.europesays.com\/pl\/wp-json\/wp\/v2\/categories?post=290079"},{"taxonomy":"post_tag","embeddable":true,"href":"https:\/\/www.europesays.com\/pl\/wp-json\/wp\/v2\/tags?post=290079"}],"curies":[{"name":"wp","href":"https:\/\/api.w.org\/{rel}","templated":true}]}}