{"id":290121,"date":"2026-03-05T07:00:09","date_gmt":"2026-03-05T07:00:09","guid":{"rendered":"https:\/\/www.europesays.com\/pl\/290121\/"},"modified":"2026-03-05T07:00:09","modified_gmt":"2026-03-05T07:00:09","slug":"zenujace-zachowanie-niemcy-miazdza-merza-po-wizycie-w-usa-do-rzeczy","status":"publish","type":"post","link":"https:\/\/www.europesays.com\/pl\/290121\/","title":{"rendered":"&quot;\u017benuj\u0105ce zachowanie&quot;. Niemcy mia\u017cd\u017c\u0105 Merza po wizycie w USA &#8211; Do Rzeczy"},"content":{"rendered":"<ol>\n<li><a href=\"https:\/\/news.google.com\/rss\/articles\/CBMinAFBVV95cUxOMUFrMW55R08wc1QzNzdaZm55NUFxYk1kdDVBMlR2MkdBdkdzWC1GbjNmRDUwbU9HV01nWC1VT09xM0Fpa3pHMUdWWlR3R0h6cUtFSVpudWRGOHZJTGtvN2Q4QUZwVTBNWnlmTTZ5ZUpGYVFEaTBrRE1oQTdrY0ZNNVZ4cXZtRmxZcWtvX3BnMXR2UVcySHBFVm9XbGfSAZgBQVVfeXFMT0pYMXhsaUtJZzh2THBweEJhaUhWU2FfU3VBQ2tZR0tPVWluU0ZKckg2VW42YzY5aGZHdVhjVzBmcHNiSzg0bEJmNXZzNmUzQnR2TkZCMm5XM1R6QjlkcGJRTlBweUtsXzJmVnR2N254eVQyU0FqRFY1VFBEemZrUVNvcDI0U05DWTFyRURscGlRT3ozbEZIVHU?oc=5\" target=\"_blank\" rel=\"nofollow noopener\">&#8222;\u017benuj\u0105ce zachowanie&#8221;. Niemcy mia\u017cd\u017c\u0105 Merza po wizycie w USA<\/a>&nbsp;&nbsp;Do Rzeczy<\/li>\n<li><a href=\"https:\/\/news.google.com\/rss\/articles\/CBMiogFBVV95cUxOWjA2TVUzRUZ3WmlPWXVlVWo0NkMzMm5DS2lGNS1jZURPSHplY3NEcFhvcDZMSWJINHNva25zOHROTnU3SGVwNVhJWDJRY3BBaFktUlM1SktiaEEwMXdpanJ5cFJkV0ptNGNhMldSZzhLNDBMYjlBVzd6ZExsWmU0T20wOGl4UGJqSkMzV0dhWlpBZVRYTDdILWZ0Y1pRT2U1QUE?oc=5\" target=\"_blank\" rel=\"nofollow noopener\">&#8222;Idzie w stron\u0119 gospodarki K&#8221;. Ekspert o ruchu Trumpa<\/a>&nbsp;&nbsp;Business Insider Polska<\/li>\n<li><a href=\"https:\/\/news.google.com\/rss\/articles\/CBMiwAFBVV95cUxNTUkyeEUtcE5veDBMeS1OeUNxX1hhMFYtZUs5ai1vMmxKbHFDNmdhRmtjOUpKVDlKMVpVaXdNUkp1UHpET3VCVWMwa29od0k3WGNfYjI0elhNUmVYZUdWSWROa0REbC1jeV9IREcySFNTcVRLT0FfSUZaQXhWWEc0UXR2eldtRzd0ZGRhRXpNX19QLWhzRlJZWU5Jc2ZJMnVwVTh4aGhSa2lmeHRKRFdHTm9YN0o5dEtaU2dUM0QtR1c?oc=5\" target=\"_blank\" rel=\"nofollow noopener\">Hiszpania i USA w ogniu sporu o Iran. Bia\u0142y Dom m\u00f3wi o wsp\u00f3\u0142pracy, Madryt zaprzecza<\/a>&nbsp;&nbsp;Wiadomo\u015bci Onet<\/li>\n<li><a href=\"https:\/\/news.google.com\/rss\/articles\/CBMiugFBVV95cUxOYzJ1UmxlZDl1TklQRldvRVoxckhGSk5MSHJtaEFhY2RRR2tvdFZRcmlnQVhicll5ZGUwYkxRdzJZb1R4dFFmWFFiSDN6alRTMnFmM2ZFNzV4Q0lsc3c3ZFJKcEFIX1Etb2M3MDJmWXJ1N1Nzc25nVGdHXzdyYUdXZkpnQWhuLUFhd01DU25ZZDVDQU1PeTJEd2l5UXFoWjlHZURMeEZMdGt0RU10dnFXWVlTYXg3clVCRUE?oc=5\" target=\"_blank\" rel=\"nofollow noopener\">&#8222;Zawi\u00f3d\u0142 partnera na oczach \u015bwiata&#8221;. Niemieckie media o &#8222;\u017cenuj\u0105cym&#8221; zachowaniu Merza<\/a>&nbsp;&nbsp;Wydarzenia w INTERIA.PL<\/li>\n<li><a href=\"https:\/\/news.google.com\/rss\/articles\/CBMisgFBVV95cUxQbmlIVVpZVEJ0Q3BuU294bURpSFpweEd1SThkeF9SalVFSmNEejNvVGV5ZlEwNnVWWjYzY0hycHhhNDBjVXRDN2xQVU03dFlnXzExeGFabGRyZW5WZVcwUWpFdVZkZTVkZFcxUmxzN05KNjNaTlNsek1ESXlZNUFEUEVLV3Vvb3pYWFBaUm1ubWhibzM2a09NWER4a1F1U2FWTHV3d3VaeWlOdHltVmZSbTNR?oc=5\" target=\"_blank\" rel=\"nofollow noopener\">Nie da si\u0119 ufa\u0107 sojusznikowi, kt\u00f3ry ci\u0105gle grozi wojn\u0105 handlow\u0105 [OPINIA]<\/a>&nbsp;&nbsp;WP Wiadomo\u015bci<\/li>\n<\/ol>\n","protected":false},"excerpt":{"rendered":"&#8222;\u017benuj\u0105ce zachowanie&#8221;. Niemcy mia\u017cd\u017c\u0105 Merza po wizycie w USA&nbsp;&nbsp;Do Rzeczy &#8222;Idzie w stron\u0119 gospodarki K&#8221;. Ekspert o ruchu&hellip;\n","protected":false},"author":2,"featured_media":290122,"comment_status":"","ping_status":"","sticky":false,"template":"","format":"standard","meta":{"footnotes":"","_share_on_mastodon":"0"},"categories":[5],"tags":[14567,32,33,1835,98,36,37,5910,27,267,663,34,35,28,31,25,102,42,38,40,39,41,4293,80,29,30,104,26],"class_list":["post-290121","post","type-post","status-publish","format-standard","has-post-thumbnail","category-naglowki","tag-bialy-dom","tag-breaking-news","tag-breakingnews","tag-donald-trump","tag-dorzeczy","tag-featured-news","tag-featurednews","tag-friedrich-merz","tag-headlines","tag-hiszpania","tag-iran","tag-latest-news","tag-latestnews","tag-naglowki","tag-najwazniejsze-artykuly","tag-news","tag-opinie","tag-pl","tag-poland","tag-polish","tag-polska","tag-polski","tag-stany-zjednoczone","tag-swiat","tag-top-stories","tag-topstories","tag-unia-europejska","tag-wiadomosci"],"share_on_mastodon":{"url":"https:\/\/pubeurope.com\/@pl\/116175282363640668","error":""},"_links":{"self":[{"href":"https:\/\/www.europesays.com\/pl\/wp-json\/wp\/v2\/posts\/290121","targetHints":{"allow":["GET"]}}],"collection":[{"href":"https:\/\/www.europesays.com\/pl\/wp-json\/wp\/v2\/posts"}],"about":[{"href":"https:\/\/www.europesays.com\/pl\/wp-json\/wp\/v2\/types\/post"}],"author":[{"embeddable":true,"href":"https:\/\/www.europesays.com\/pl\/wp-json\/wp\/v2\/users\/2"}],"replies":[{"embeddable":true,"href":"https:\/\/www.europesays.com\/pl\/wp-json\/wp\/v2\/comments?post=290121"}],"version-history":[{"count":0,"href":"https:\/\/www.europesays.com\/pl\/wp-json\/wp\/v2\/posts\/290121\/revisions"}],"wp:featuredmedia":[{"embeddable":true,"href":"https:\/\/www.europesays.com\/pl\/wp-json\/wp\/v2\/media\/290122"}],"wp:attachment":[{"href":"https:\/\/www.europesays.com\/pl\/wp-json\/wp\/v2\/media?parent=290121"}],"wp:term":[{"taxonomy":"category","embeddable":true,"href":"https:\/\/www.europesays.com\/pl\/wp-json\/wp\/v2\/categories?post=290121"},{"taxonomy":"post_tag","embeddable":true,"href":"https:\/\/www.europesays.com\/pl\/wp-json\/wp\/v2\/tags?post=290121"}],"curies":[{"name":"wp","href":"https:\/\/api.w.org\/{rel}","templated":true}]}}