{"id":290338,"date":"2026-03-05T09:12:12","date_gmt":"2026-03-05T09:12:12","guid":{"rendered":"https:\/\/www.europesays.com\/pl\/290338\/"},"modified":"2026-03-05T09:12:12","modified_gmt":"2026-03-05T09:12:12","slug":"centrum-antycyklonu-dokladnie-nad-polska-oto-co-czeka-nas-dzis-w-pogodzie","status":"publish","type":"post","link":"https:\/\/www.europesays.com\/pl\/290338\/","title":{"rendered":"Centrum antycyklonu dok\u0142adnie nad Polsk\u0105. Oto co czeka nas dzi\u015b w pogodzie"},"content":{"rendered":"<p>Poranek na p\u00f3\u0142nocy Polski jest pochmurny i mglisty. Zjawiska miejscami osadzaj\u0105 szad\u017a, przez co na drogach robi si\u0119 \u015blisko. Na pozosta\u0142ym obszarze dominuje zachmurzenie ma\u0142e lub zupe\u0142nie bezchmurne niebo.<\/p>\n<p> Jakie b\u0119d\u0105 dzisiaj warunki pogodowe w Polsce? <\/p>\n<p> Gdzie b\u0119dzie bardziej pochmurno i mgli\u015bcie? <\/p>\n<p> Jaka b\u0119dzie prognoza temperatury na dzisiaj? <\/p>\n<p> Jakie zjawiska mog\u0105 wyst\u0105pi\u0107 na drogach? <\/p>\n<p>  Centrum antycyklonu dok\u0142adnie nad Polsk\u0105. Pojawi si\u0119 wi\u0119cej chmur i mgie\u0142<\/p>\n<p>W ci\u0105gu dnia dok\u0142adnie nad Polsk\u0105 znajdzie si\u0119 centrum antycyklonu. Na p\u00f3\u0142nocy Polski wci\u0105\u017c zalega\u0107 ma wi\u0119cej chmur i mgie\u0142. W innych miejscach nie zabraknie s\u0142o\u0144ca. Temperatura nieco spadnie, ale nie ma mowy o powrocie zimy. Przewidujemy ok. 7 st. C na Suwalszczy\u017anie, 9-11 st. C na przewa\u017caj\u0105cym obszarze, 12 st. C na ziemi lubuskiej i 13 st. C wzd\u0142u\u017c granicy z Niemcami. Wiatr s\u0142aby, na wschodzie p\u00f3\u0142nocno-zachodni, na pozosta\u0142ym obszarze zmienny.<\/p>\n<p>      <img decoding=\"async\" src=\"https:\/\/www.europesays.com\/pl\/wp-content\/uploads\/2026\/03\/Dakk9lBaHR0cHM6Ly9vY2RuLmV1L3B1bHNjbXMvTURBXy9mMTk0MzY2NGIwNThlZjRiMjYzMTc0YzY0MzNmYWRmNS5wbmeRlQLNB.jpeg\" height=\"912\" width=\"750\" alt=\"Dzi\u015b na p\u00f3\u0142nocy pojawi si\u0119 wi\u0119cej chmur\" loading=\"lazy\" class=\"ods-c-image__img ods-c-image__img--vertical\"\/> <\/p>\n<p>Dzi\u015b na p\u00f3\u0142nocy pojawi si\u0119 wi\u0119cej chmurOnet<\/p>\n<p>Noc w p\u00f3\u0142nocnej Polsce zapowiada si\u0119 pochmurnie i mgli\u015bcie. Mg\u0142y mog\u0105 osadza\u0107 szad\u017a i ogranicza\u0107 widzialno\u015b\u0107 do 200-300 m. Na pozosta\u0142ym obszarze dominowa\u0107 ma zachmurzenie ma\u0142e lub zupe\u0142nie bezchmurne niebo. Temperatura minimalna obni\u017cy si\u0119 do ok. -3\/-1 st. C, cho\u0107 lokalnie mo\u017cliwe s\u0105 spadki do ok. -5 st. C. Wiatr powieje s\u0142abo ze zmiennych kierunk\u00f3w.<\/p>\n<p> <img decoding=\"async\" src=\"https:\/\/www.europesays.com\/pl\/wp-content\/uploads\/2026\/03\/OUlk9lBaHR0cHM6Ly9vY2RuLmV1L3B1bHNjbXMvTURBXy9jZTI2MWEwOTViYjhkODc2MGE3MGY0Nzk4YTM4NzYxZC5wbmeRlQLNB.jpeg\" height=\"912\" width=\"750\" alt=\"Noc wsz\u0119dzie przyniesie przymrozki\" loading=\"lazy\" class=\"ods-c-image__img ods-c-image__img--vertical\"\/> <\/p>\n<p>Noc wsz\u0119dzie przyniesie przymrozkiOnet<\/p>\n","protected":false},"excerpt":{"rendered":"Poranek na p\u00f3\u0142nocy Polski jest pochmurny i mglisty. Zjawiska miejscami osadzaj\u0105 szad\u017a, przez co na drogach robi si\u0119&hellip;\n","protected":false},"author":2,"featured_media":290339,"comment_status":"","ping_status":"","sticky":false,"template":"","format":"standard","meta":{"footnotes":"","_share_on_mastodon":"0"},"categories":[12],"tags":[32,33,36,37,27,34,35,10372,28,31,48,25,46,42,78,38,40,39,41,3324,47,1652,29,30,26],"class_list":["post-290338","post","type-post","status-publish","format-standard","has-post-thumbnail","category-polska","tag-breaking-news","tag-breakingnews","tag-featured-news","tag-featurednews","tag-headlines","tag-latest-news","tag-latestnews","tag-mgla","tag-naglowki","tag-najwazniejsze-artykuly","tag-nat_styl","tag-news","tag-omp","tag-pl","tag-pogoda","tag-poland","tag-polish","tag-polska","tag-polski","tag-przymrozki","tag-screening_general","tag-temperatura","tag-top-stories","tag-topstories","tag-wiadomosci"],"share_on_mastodon":{"url":"https:\/\/pubeurope.com\/@pl\/116175801199447156","error":""},"_links":{"self":[{"href":"https:\/\/www.europesays.com\/pl\/wp-json\/wp\/v2\/posts\/290338","targetHints":{"allow":["GET"]}}],"collection":[{"href":"https:\/\/www.europesays.com\/pl\/wp-json\/wp\/v2\/posts"}],"about":[{"href":"https:\/\/www.europesays.com\/pl\/wp-json\/wp\/v2\/types\/post"}],"author":[{"embeddable":true,"href":"https:\/\/www.europesays.com\/pl\/wp-json\/wp\/v2\/users\/2"}],"replies":[{"embeddable":true,"href":"https:\/\/www.europesays.com\/pl\/wp-json\/wp\/v2\/comments?post=290338"}],"version-history":[{"count":0,"href":"https:\/\/www.europesays.com\/pl\/wp-json\/wp\/v2\/posts\/290338\/revisions"}],"wp:featuredmedia":[{"embeddable":true,"href":"https:\/\/www.europesays.com\/pl\/wp-json\/wp\/v2\/media\/290339"}],"wp:attachment":[{"href":"https:\/\/www.europesays.com\/pl\/wp-json\/wp\/v2\/media?parent=290338"}],"wp:term":[{"taxonomy":"category","embeddable":true,"href":"https:\/\/www.europesays.com\/pl\/wp-json\/wp\/v2\/categories?post=290338"},{"taxonomy":"post_tag","embeddable":true,"href":"https:\/\/www.europesays.com\/pl\/wp-json\/wp\/v2\/tags?post=290338"}],"curies":[{"name":"wp","href":"https:\/\/api.w.org\/{rel}","templated":true}]}}