{"id":290482,"date":"2026-03-05T10:35:07","date_gmt":"2026-03-05T10:35:07","guid":{"rendered":"https:\/\/www.europesays.com\/pl\/290482\/"},"modified":"2026-03-05T10:35:07","modified_gmt":"2026-03-05T10:35:07","slug":"palac-prezydencki-reaguje-na-stanowisko-usa-ws-broni-atomowej","status":"publish","type":"post","link":"https:\/\/www.europesays.com\/pl\/290482\/","title":{"rendered":"Pa\u0142ac Prezydencki reaguje na stanowisko USA ws. broni atomowej"},"content":{"rendered":"\n<p>&#13;<br \/>\nO <a href=\"https:\/\/dorzeczy.pl\/kraj\/854864\/bylibysmy-przeciwni-usa-jasno-o-broni-jadrowej-dla-polski.html\" rel=\"nofollow noopener\" target=\"_blank\">wypowied\u017a wiceszefa Pentagonu Elbridge Colby&#8217;ego<\/a> ws. rozwijania przez Polsk\u0119, Niemcy czy\u00a0kraje skandynawskie potencja\u0142u nuklearnego rzecznik prezydenta Karola Nawrockiego zosta\u0142 zapytany w\u00a0czwartkowym programie &#8222;Graffiti&#8221; na\u00a0antenie Polsat News. Dziennikarz Marcin Fijo\u0142ek przywo\u0142a\u0142 wpis szefa MSZ Rados\u0142awa Sikorskiego w\u00a0tej sprawie. &#8222;Ponawiam apel do\u00a0polityk\u00f3w, aby\u00a0nie gwiazdorzy\u0107 o\u00a0broni atomowej&#8221; \u2013\u00a0napisa\u0142 na\u00a0platformie X. &#13;\n<\/p>\n<p>Rzecznik prezydenta o\u00a0stanowisku USA: Jedna wypowied\u017a o\u00a0niczym nie\u00a0\u015bwiadczy<\/p>\n<p>&#13;<br \/>\n\u2013 Bardzo du\u017co aktywno\u015bci pana wicepremiera Sikorskiego na\u00a0Twitterze. Dobrze by\u00a0by\u0142o, \u017ceby ta\u00a0aktywno\u015b\u0107 by\u0142a tak\u017ce prowadzona w\u00a0domenie mi\u0119dzynarodowej, chocia\u017cby w\u00a0zakresie dotycz\u0105cym zadbania o\u00a0polskich turyst\u00f3w na\u00a0Bliskim Wschodzie, bo\u00a0tam zdaje si\u0119 by\u0142y k\u0142opoty nawet z\u00a0odbieraniem telefon\u00f3w przez przedstawicieli ambasad \u2013\u00a0odpar\u0142 Rafa\u0142 Le\u015bkiewicz. &#13;\n<\/p>\n<p>&#13;<br \/>\nOdnosz\u0105c si\u0119 do\u00a0samej wypowiedzi wiceszefa Pentagonu rzecznik prezydenta przypomnia\u0142 deklaracj\u0119 jaka przed kilkoma dniami pad\u0142a z\u00a0ust Karola Nawrockiego na\u00a0antenie tej samej stacji. Prezydent zadeklarowa\u0142 w\u00f3wczas, \u017ce\u00a0jest zwolennikiem polskiego programu atomowego. \u2013\u00a0Mamy odpowied\u017a, pierwsz\u0105 reakcj\u0119 administracji ameryka\u0144skiej. S\u0142yszymy te\u017c o\u00a0innych rozwi\u0105zaniach, kt\u00f3re si\u0119 mog\u0105 pojawi\u0107. Ostatnio s\u0142yszeli\u015bmy o\u00a0takim rozwi\u0105zaniu z\u00a0Francuzami, o\u00a0dzieleniu si\u0119 broni\u0105 atomow\u0105 i\u00a0ewentualnie obecno\u015bci my\u015bliwc\u00f3w francuskich z\u00a0g\u0142owicami j\u0105drowymi. To\u00a0jest proces, kt\u00f3ry si\u0119 rozpoczyna. To\u00a0nie jest tak, \u017ce\u00a0ta dyskusja jest ju\u017c na\u00a0tym etapie zamkni\u0119ta \u2013\u00a0stwierdzi\u0142. &#13;\n<\/p>\n<p>&#13;<br \/>\nLe\u015bkiewicz podkre\u015bli\u0142, \u017ce\u00a0&#8222;my chcemy rozwija\u0107 swoje zdolno\u015bci, je\u017celi chodzi o\u00a0posiadanie broni atomowej, a\u00a0jedna wypowied\u017a przedstawiciela administracji ameryka\u0144skiej \u2013\u00a0pana Colby&#8217;ego, zast\u0119pcy Hegsetha o\u00a0niczym jeszcze nie\u00a0\u015bwiadczy&#8221;. Ko\u0144cz\u0105c rzecznik g\u0142owy pa\u0144stwa stwierdzi\u0142, \u017ce\u00a0mamy bardzo dobre relacje z\u00a0USA i\u00a0wyrazi\u0142 wiar\u0119, \u017ce\u00a0&#8222;w\u00a0zakresie bezpiecze\u0144stwa i\u00a0obrony z\u00a0naszym kluczowym sojusznikiem b\u0119dziemy jeszcze o\u00a0tych sprawach r\u00f3wnie\u017c rozmawia\u0107&#8221;. &#13;\n<\/p>\n<p>USA przeciwko broni j\u0105drowej dla\u00a0Polski<\/p>\n<p>&#13;<br \/>\n\u2013 My\u015bl\u0119, \u017ce\u00a0pr\u00f3bowaliby\u015bmy ich od\u00a0tego odwie\u015b\u0107. Co\u00a0najmniej stanowczo by\u015bmy si\u0119 temu sprzeciwiali \u2013\u00a0powiedzia\u0142 wiceszef Pentagonu Elbridge Colby, odpowiadaj\u0105c na\u00a0pytanie o\u00a0ewentualne plany rozwoju w\u0142asnej broni nuklearnej przez europejskich sojusznik\u00f3w USA. Doda\u0142 przy tym wprost: &#8222;Byliby\u015bmy przeciwni takiej ewentualno\u015bci&#8221;. &#13;\n<\/p>\n<p>&#13;<br \/>\nColby podkre\u015bli\u0142, \u017ce\u00a0Stany Zjednoczone popieraj\u0105 wi\u0119kszy udzia\u0142 europejskich pa\u0144stw w\u00a0systemie odstraszania nuklearnego, ale\u00a0w\u00a0ramach NATO. \u2013\u00a0Z\u00a0punktu widzenia ministerstwa obrony jest jak najbardziej stosowne i\u00a0rozs\u0105dne, aby\u00a0europejski wk\u0142ad w\u00a0odstraszanie nuklearne NATO by\u0142 wi\u0119kszy \u2013\u00a0powiedzia\u0142. &#13;\n<\/p>\n<p>&#13;<br \/>\nDoda\u0142, \u017ce\u00a0niezale\u017cne si\u0142y nuklearne Wielkiej Brytanii i\u00a0Francji ju\u017c dzi\u015b wzmacniaj\u0105 odstraszanie ca\u0142ego Sojuszu. Zaznaczy\u0142 te\u017c, \u017ce\u00a0w\u00a0NATO trwaj\u0105 rozmowy o\u00a0tym, jak w\u00a0przysz\u0142o\u015bci ma\u00a0wygl\u0105da\u0107 architektura nuklearnego odstraszania. \u2013\u00a0Wiem, \u017ce\u00a0Wielka Brytania podj\u0119\u0142a decyzj\u0119 o\u00a0wi\u0119kszym zaanga\u017cowaniu w\u00a0odstraszanie nuklearne NATO. My\u015bl\u0119, \u017ce\u00a0istnieje te\u017c inny potencja\u0142 \u2013\u00a0stwierdzi\u0142. &#13;\n<\/p>\n<p>&#13;<br \/>\nCzytaj te\u017c:<br \/><a href=\"https:\/\/dorzeczy.pl\/opinie\/854891\/pisowcy-pelzajacy-przed-amerykanami-winnicki-ostrzega.html\" rel=\"follow nofollow noopener\" data-schema=\"DORZECZY\" data-image=\"https:\/\/img.dorzeczy.pl\/_thumb\/6f\/1b\/ffea96771xxdbf9411fb3e9bb4f0.jpeg\" target=\"_blank\">&#8222;Pisowcy pe\u0142zaj\u0105cy przed Amerykanami&#8221;. By\u0142y pose\u0142 ostrzega: Polska mo\u017ce by\u0107 kolejna<\/a>Czytaj te\u017c:<br \/><a href=\"https:\/\/dorzeczy.pl\/kraj\/854864\/bylibysmy-przeciwni-usa-jasno-o-broni-jadrowej-dla-polski.html\" rel=\"follow nofollow noopener\" data-schema=\"DORZECZY\" data-image=\"https:\/\/img.dorzeczy.pl\/_thumb\/47\/ef\/fbf06cbc81ca718941620c89da79.jpeg\" target=\"_blank\">&#8222;Francuskie odstraszanie jest dla\u00a0Francji&#8221;. USA jasno o\u00a0broni j\u0105drowej dla\u00a0Polski<\/a>&#13;<\/p>\n","protected":false},"excerpt":{"rendered":"&#13; O wypowied\u017a wiceszefa Pentagonu Elbridge Colby&#8217;ego ws. rozwijania przez Polsk\u0119, Niemcy czy\u00a0kraje skandynawskie potencja\u0142u nuklearnego rzecznik prezydenta&hellip;\n","protected":false},"author":2,"featured_media":290483,"comment_status":"","ping_status":"","sticky":false,"template":"","format":"standard","meta":{"footnotes":"","_share_on_mastodon":"0"},"categories":[14],"tags":[32,33,42016,98,27,49,34,35,28,31,25,103,102,40,41,40571,4293,80,29,30,26,82,83,84],"class_list":["post-290482","post","type-post","status-publish","format-standard","has-post-thumbnail","category-swiat","tag-breaking-news","tag-breakingnews","tag-bron-atomowa","tag-dorzeczy","tag-headlines","tag-kraj","tag-latest-news","tag-latestnews","tag-naglowki","tag-najwazniejsze-artykuly","tag-news","tag-obserwator-mediow","tag-opinie","tag-polish","tag-polski","tag-rafal-leskiewicz","tag-stany-zjednoczone","tag-swiat","tag-top-stories","tag-topstories","tag-wiadomosci","tag-world","tag-world-news","tag-worldnews"],"share_on_mastodon":{"url":"https:\/\/pubeurope.com\/@pl\/116176127540148507","error":""},"_links":{"self":[{"href":"https:\/\/www.europesays.com\/pl\/wp-json\/wp\/v2\/posts\/290482","targetHints":{"allow":["GET"]}}],"collection":[{"href":"https:\/\/www.europesays.com\/pl\/wp-json\/wp\/v2\/posts"}],"about":[{"href":"https:\/\/www.europesays.com\/pl\/wp-json\/wp\/v2\/types\/post"}],"author":[{"embeddable":true,"href":"https:\/\/www.europesays.com\/pl\/wp-json\/wp\/v2\/users\/2"}],"replies":[{"embeddable":true,"href":"https:\/\/www.europesays.com\/pl\/wp-json\/wp\/v2\/comments?post=290482"}],"version-history":[{"count":0,"href":"https:\/\/www.europesays.com\/pl\/wp-json\/wp\/v2\/posts\/290482\/revisions"}],"wp:featuredmedia":[{"embeddable":true,"href":"https:\/\/www.europesays.com\/pl\/wp-json\/wp\/v2\/media\/290483"}],"wp:attachment":[{"href":"https:\/\/www.europesays.com\/pl\/wp-json\/wp\/v2\/media?parent=290482"}],"wp:term":[{"taxonomy":"category","embeddable":true,"href":"https:\/\/www.europesays.com\/pl\/wp-json\/wp\/v2\/categories?post=290482"},{"taxonomy":"post_tag","embeddable":true,"href":"https:\/\/www.europesays.com\/pl\/wp-json\/wp\/v2\/tags?post=290482"}],"curies":[{"name":"wp","href":"https:\/\/api.w.org\/{rel}","templated":true}]}}