{"id":290510,"date":"2026-03-05T10:51:10","date_gmt":"2026-03-05T10:51:10","guid":{"rendered":"https:\/\/www.europesays.com\/pl\/290510\/"},"modified":"2026-03-05T10:51:10","modified_gmt":"2026-03-05T10:51:10","slug":"cba-w-urzedzie-miasta-wroclawia-trwaja-przeszukania","status":"publish","type":"post","link":"https:\/\/www.europesays.com\/pl\/290510\/","title":{"rendered":"CBA w Urz\u0119dzie Miasta Wroc\u0142awia. Trwaj\u0105 przeszukania"},"content":{"rendered":"\n<p>Czego dotyczy \u015bledztwo?<\/p>\n<p>&#8222;Trwa zabezpieczanie dokumentacji i no\u015bnik\u00f3w pami\u0119ci m.in. w Urz\u0119dzie Miasta Wroc\u0142aw i komunalnej sp\u00f3\u0142ce Ekosystem. \u015aledztwo dotyczy przekroczenia uprawnie\u0144 i niedope\u0142nienia obowi\u0105zk\u00f3w przez urz\u0119dnik\u00f3w w zwi\u0105zku z odbiorem i zagospodarowaniem odpad\u00f3w komunalnych z terenu Wroc\u0142awia&#8221; \u2014 napisa\u0142 rzecznik prasowy ministra koordynatora s\u0142u\u017cb specjalnych, Jacek Dobrzy\u0144ski, na platformie X.<\/p>\n","protected":false},"excerpt":{"rendered":"Czego dotyczy \u015bledztwo? &#8222;Trwa zabezpieczanie dokumentacji i no\u015bnik\u00f3w pami\u0119ci m.in. w Urz\u0119dzie Miasta Wroc\u0142aw i komunalnej sp\u00f3\u0142ce Ekosystem.&hellip;\n","protected":false},"author":2,"featured_media":290511,"comment_status":"","ping_status":"","sticky":false,"template":"","format":"standard","meta":{"footnotes":"","_share_on_mastodon":"0"},"categories":[5],"tags":[32,33,13950,36,37,27,15714,34,35,28,31,48,25,46,42,38,40,39,41,47,29,30,70,26,1853],"class_list":["post-290510","post","type-post","status-publish","format-standard","has-post-thumbnail","category-naglowki","tag-breaking-news","tag-breakingnews","tag-ekosystem","tag-featured-news","tag-featurednews","tag-headlines","tag-jacek_dobrzynski","tag-latest-news","tag-latestnews","tag-naglowki","tag-najwazniejsze-artykuly","tag-nat_styl","tag-news","tag-omp","tag-pl","tag-poland","tag-polish","tag-polska","tag-polski","tag-screening_general","tag-top-stories","tag-topstories","tag-w_skrocie","tag-wiadomosci","tag-wroclaw"],"share_on_mastodon":{"url":"https:\/\/pubeurope.com\/@pl\/116176190555251712","error":""},"_links":{"self":[{"href":"https:\/\/www.europesays.com\/pl\/wp-json\/wp\/v2\/posts\/290510","targetHints":{"allow":["GET"]}}],"collection":[{"href":"https:\/\/www.europesays.com\/pl\/wp-json\/wp\/v2\/posts"}],"about":[{"href":"https:\/\/www.europesays.com\/pl\/wp-json\/wp\/v2\/types\/post"}],"author":[{"embeddable":true,"href":"https:\/\/www.europesays.com\/pl\/wp-json\/wp\/v2\/users\/2"}],"replies":[{"embeddable":true,"href":"https:\/\/www.europesays.com\/pl\/wp-json\/wp\/v2\/comments?post=290510"}],"version-history":[{"count":0,"href":"https:\/\/www.europesays.com\/pl\/wp-json\/wp\/v2\/posts\/290510\/revisions"}],"wp:featuredmedia":[{"embeddable":true,"href":"https:\/\/www.europesays.com\/pl\/wp-json\/wp\/v2\/media\/290511"}],"wp:attachment":[{"href":"https:\/\/www.europesays.com\/pl\/wp-json\/wp\/v2\/media?parent=290510"}],"wp:term":[{"taxonomy":"category","embeddable":true,"href":"https:\/\/www.europesays.com\/pl\/wp-json\/wp\/v2\/categories?post=290510"},{"taxonomy":"post_tag","embeddable":true,"href":"https:\/\/www.europesays.com\/pl\/wp-json\/wp\/v2\/tags?post=290510"}],"curies":[{"name":"wp","href":"https:\/\/api.w.org\/{rel}","templated":true}]}}