{"id":290534,"date":"2026-03-05T11:04:12","date_gmt":"2026-03-05T11:04:12","guid":{"rendered":"https:\/\/www.europesays.com\/pl\/290534\/"},"modified":"2026-03-05T11:04:12","modified_gmt":"2026-03-05T11:04:12","slug":"ujawnili-nieznana-tasme-posla-pis-zachwalal-unijny-pomysl","status":"publish","type":"post","link":"https:\/\/www.europesays.com\/pl\/290534\/","title":{"rendered":"Ujawnili nieznan\u0105 ta\u015bm\u0119 pos\u0142a PiS. Zachwala\u0142 unijny pomys\u0142"},"content":{"rendered":"<p>PiS od d\u0142u\u017cszego czasu przekonuje, \u017ce Zielony \u0141ad to projekt uderzaj\u0105cy w polsk\u0105 wie\u015b, a Jaros\u0142aw Kaczy\u0144ski m\u00f3wi wprost o &#8222;anihilacji rolnictwa&#8221;. Tymczasem TVN24 pokaza\u0142o archiwalne nagranie, na kt\u00f3rym pose\u0142 Robert Telus, p\u00f3\u017aniejszy szef resortu rolnictwa, w zupe\u0142nie innym tonie wypowiada si\u0119 o unijnych planach.<\/p>\n<p>Na nagraniu wida\u0107, jak podczas \u015bwi\u0105tecznego spotkania z rolnikami Robert Telus zachwala projekt.<\/p>\n<p> Dalszy ci\u0105g artyku\u0142u pod materia\u0142em wideo    <\/p>\n<p> Kto zachwala\u0142 Zielony \u0141ad na ta\u015bmie? <\/p>\n<p> Kiedy nagrano wypowied\u017a Roberta Telusa? <\/p>\n<p> Jakie by\u0142y argumenty Telusa dotycz\u0105ce Zielonego \u0141adu? <\/p>\n<p> Jakie publikacje sfinansowa\u0142 KOWR zwi\u0105zane z Robertem Telusem? <\/p>\n<p>  Ujawnili ta\u015bm\u0119 pos\u0142a PiS. Zachwala\u0142 unijny pomys\u0142<\/p>\n<p>\u2014 Niekt\u00f3rzy pr\u00f3buj\u0105 nas straszy\u0107 tym Zielonym \u0141adem, \u017ce rolnictwo na tym straci. Ja uwa\u017cam, \u017ce polski rolnik na Zielonym \u0141adzie [&#8230;] zyska, a nie straci \u2014 przekonywa\u0142 Telus w obecno\u015bci przedstawiciela Krajowego O\u015brodka Wsparcia Rolnictwa (KOWR).<\/p>\n<p>Polityk PiS argumentowa\u0142 wtedy, \u017ce polskie rolnictwo jest ju\u017c gotowe na zmiany, wskazuj\u0105c na niskie zu\u017cycie \u015brodk\u00f3w ochrony ro\u015blin w por\u00f3wnaniu z innymi krajami. \u2014 Zobaczcie pa\u0144stwo, my ju\u017c mamy ten Zielony \u0141ad w Polsce wprowadzony \u2014 dodawa\u0142 cztery lata temu.<\/p>\n<p>\u015apiewniki za publiczne pieni\u0105dze     <\/p>\n<p>To jednak nie koniec k\u0142opot\u00f3w Roberta Telusa. Jak ujawnia TVN24, pose\u0142 przez lata mia\u0142 korzysta\u0107 ze \u015brodk\u00f3w KOWR w celu budowania w\u0142asnego wizerunku.<\/p>\n<p>Stacja pokaza\u0142a m.in. \u015bpiewnik z kol\u0119dami ze zdj\u0119ciem polityka PiS, kt\u00f3ry zosta\u0142 sfinansowany przez Oddzia\u0142 Terenowy KOWR w \u0141odzi pod koniec 2023 r., tu\u017c przed zmian\u0105 rz\u0105d\u00f3w. Ujawnia r\u00f3wnie\u017c inn\u0105 publikacj\u0119 z 2020 r., na kt\u00f3r\u0105 KOWR wy\u0142o\u017cy\u0142 niemal 54 tys. z\u0142.<\/p>\n","protected":false},"excerpt":{"rendered":"PiS od d\u0142u\u017cszego czasu przekonuje, \u017ce Zielony \u0141ad to projekt uderzaj\u0105cy w polsk\u0105 wie\u015b, a Jaros\u0142aw Kaczy\u0144ski m\u00f3wi&hellip;\n","protected":false},"author":2,"featured_media":290535,"comment_status":"","ping_status":"","sticky":false,"template":"","format":"standard","meta":{"footnotes":"","_share_on_mastodon":"0"},"categories":[12],"tags":[32,33,36,37,27,422,49,34,35,28,31,48,25,46,529,42,38,40,39,41,17650,2155,47,29,30,86,26,3947],"class_list":["post-290534","post","type-post","status-publish","format-standard","has-post-thumbnail","category-polska","tag-breaking-news","tag-breakingnews","tag-featured-news","tag-featurednews","tag-headlines","tag-jaroslaw_kaczynski","tag-kraj","tag-latest-news","tag-latestnews","tag-naglowki","tag-najwazniejsze-artykuly","tag-nat_styl","tag-news","tag-omp","tag-pis","tag-pl","tag-poland","tag-polish","tag-polska","tag-polski","tag-robert_telus","tag-rolnictwo_rolnicy","tag-screening_general","tag-top-stories","tag-topstories","tag-unia_europejska","tag-wiadomosci","tag-zielony_lad"],"share_on_mastodon":{"url":"https:\/\/pubeurope.com\/@pl\/116176241547504514","error":""},"_links":{"self":[{"href":"https:\/\/www.europesays.com\/pl\/wp-json\/wp\/v2\/posts\/290534","targetHints":{"allow":["GET"]}}],"collection":[{"href":"https:\/\/www.europesays.com\/pl\/wp-json\/wp\/v2\/posts"}],"about":[{"href":"https:\/\/www.europesays.com\/pl\/wp-json\/wp\/v2\/types\/post"}],"author":[{"embeddable":true,"href":"https:\/\/www.europesays.com\/pl\/wp-json\/wp\/v2\/users\/2"}],"replies":[{"embeddable":true,"href":"https:\/\/www.europesays.com\/pl\/wp-json\/wp\/v2\/comments?post=290534"}],"version-history":[{"count":0,"href":"https:\/\/www.europesays.com\/pl\/wp-json\/wp\/v2\/posts\/290534\/revisions"}],"wp:featuredmedia":[{"embeddable":true,"href":"https:\/\/www.europesays.com\/pl\/wp-json\/wp\/v2\/media\/290535"}],"wp:attachment":[{"href":"https:\/\/www.europesays.com\/pl\/wp-json\/wp\/v2\/media?parent=290534"}],"wp:term":[{"taxonomy":"category","embeddable":true,"href":"https:\/\/www.europesays.com\/pl\/wp-json\/wp\/v2\/categories?post=290534"},{"taxonomy":"post_tag","embeddable":true,"href":"https:\/\/www.europesays.com\/pl\/wp-json\/wp\/v2\/tags?post=290534"}],"curies":[{"name":"wp","href":"https:\/\/api.w.org\/{rel}","templated":true}]}}