{"id":290876,"date":"2026-03-05T14:51:12","date_gmt":"2026-03-05T14:51:12","guid":{"rendered":"https:\/\/www.europesays.com\/pl\/290876\/"},"modified":"2026-03-05T14:51:12","modified_gmt":"2026-03-05T14:51:12","slug":"iga-lis-ma-szanse-na-polskiego-oscara-moze-zostac-odkryciem-tego-roku-onet","status":"publish","type":"post","link":"https:\/\/www.europesays.com\/pl\/290876\/","title":{"rendered":"Iga Lis ma szans\u0119 na polskiego Oscara. Mo\u017ce zosta\u0107 odkryciem tego roku &#8211; Onet"},"content":{"rendered":"<ol>\n<li><a href=\"https:\/\/news.google.com\/rss\/articles\/CBMitAFBVV95cUxORDRndHlFWjFNdUVfTURHMWdScFpGQ1QyVWE4c1JHeTNmaWpKZUNBNkstaUNXUFNuVVgyNDRld18xTmVGdTYyNHAtb0s3N0JnVHY4R3NfY29Db0pxdmo0ZXQ5RzY4WV81VlBvMDFnVnZTWjU0Z1lpeGlGbjZBdTBJS3lEWG1yYmkxenUtMHFJM2d6RE01YU1EbVFwcUtpUVdTOHIxSDJDNXN4LWRtS2NEb3dDWEo?oc=5\" target=\"_blank\" rel=\"nofollow noopener\">Iga Lis ma szans\u0119 na polskiego Oscara. Mo\u017ce zosta\u0107 odkryciem tego roku<\/a>&nbsp;&nbsp;Onet<\/li>\n<li><a href=\"https:\/\/news.google.com\/rss\/articles\/CBMiwgFBVV95cUxQZmZUVWpVdFpHMzNtaTVWcVRWazI1Q05QNnltS3paVEdvaS1Bc2dXemk0cC1nTUpGWWNRLWtOZXA5TkxxQkZrNE9tN3p6LTVuWC1kQXpsZTUyQTItbmRSTUlZXzYwc0pmeHh6NEpnUVlkMGpuRWh1NkdmOXVrdmE4TDNuWnlLOEt3bVZTTTJiMXNub05rSFJEWW5ZbFJ1aW5UaFVMaXhyX0hoRG9Wc3AycmNMejAwQWxKa3N2bUFONDRTUQ?oc=5\" target=\"_blank\" rel=\"nofollow noopener\">Nominowana do Or\u0142a Iga Lis bryluje na spotkaniu z innymi wyr\u00f3\u017cnionymi. Klasa? (ZDJ\u0118CIA)<\/a>&nbsp;&nbsp;Pudelek<\/li>\n<li><a href=\"https:\/\/news.google.com\/rss\/articles\/CBMirAFBVV95cUxQbEpyeDhzbE9vQVE3bFczQ3NrWEJlWFV3RjVtQUtNQnFIVGg4eFNWWVZ0YTZMbllqU2I2QWZMZXRQR0psdC13RFh3SVp6WjRySldQUkxQMzhMYkFkd1BIekI5Nk1ickkycjhvcFB1blpYUjlRdDhaQko4WkljWXpyak5BelVSSjJUTnFrbGtNNzY3S21BZ2RvWHM5VzJIbW1DTGhwMEd3MmhZMURP?oc=5\" target=\"_blank\" rel=\"nofollow noopener\">Iga Lis podzieli\u0142a si\u0119 wielkim szcz\u0119\u015bciem. Najnowsze zdj\u0119cia m\u00f3wi\u0105 same za siebie. To wydarzy si\u0119 ju\u017c zaraz<\/a>&nbsp;&nbsp;Pomponik.pl<\/li>\n<li><a href=\"https:\/\/news.google.com\/rss\/articles\/CBMirwFBVV95cUxONDFjRHZCLW5DLXVtWG5rSDFlWG1zQWJaQXk3YzNXMWQ3N3NRRERTRGgtQXpuemNvcnJXaW45SENKSjRwT19BdlRGbXJEMVZXLWZrTDZKOUM2MklBTnRCQnBNbTZSbzZYbmtzVVgyY0NKbGFCYW90Z0xkTEt4UFRiTWZHbDNLeW91ZER6SVBEYnd5d1NISUl5eGFxNVBlSGUtWVktdWgzREhET1VXUko4?oc=5\" target=\"_blank\" rel=\"nofollow noopener\">C\u00f3rka znanego dziennikarza walczy o presti\u017cow\u0105 nagrod\u0119<\/a>&nbsp;&nbsp;Rozrywka Do Rzeczy<\/li>\n<li><a href=\"https:\/\/news.google.com\/rss\/articles\/CBMinAFBVV95cUxOUzNoWUtQSjIyNnJFNzFKb3VrV19WT3JLVUxZTFR5c1I0elpTcENoTGIzTHhMMGhuT3l3czRFRkdzTUJYQ2w5eGxhVjZxRWVnTy1BT0dLcjN6dlpHVXpuVFZXRmxHNWlLaTFQT0d1Y1lNVDlHVG90UHdpbHNTUjlKZ1RZdHZHaDdWSzVNYVkteHRlY3ItUUpkS3hmMXU?oc=5\" target=\"_blank\" rel=\"nofollow noopener\">To mo\u017ce by\u0107 jej wielki moment. Iga Lis powalczy o presti\u017cow\u0105 statuetk\u0119<\/a>&nbsp;&nbsp;Plotki Fakt<\/li>\n<\/ol>\n","protected":false},"excerpt":{"rendered":"Iga Lis ma szans\u0119 na polskiego Oscara. Mo\u017ce zosta\u0107 odkryciem tego roku&nbsp;&nbsp;Onet Nominowana do Or\u0142a Iga Lis bryluje&hellip;\n","protected":false},"author":2,"featured_media":290877,"comment_status":"","ping_status":"","sticky":false,"template":"","format":"standard","meta":{"footnotes":"","_share_on_mastodon":"0"},"categories":[22],"tags":[122,31802,67,53,52,68,51,43820,55,42,38,40,39,41,123,47,196,65,50],"class_list":["post-290876","post","type-post","status-publish","format-standard","has-post-thumbnail","category-rozrywka","tag-entertainment","tag-iga_lis","tag-intextvideo_splayer","tag-new_header","tag-onet3","tag-onet3d","tag-onet3d_2i","tag-orly_polska_nagroda_filmowa","tag-phx","tag-pl","tag-poland","tag-polish","tag-polska","tag-polski","tag-rozrywka","tag-screening_general","tag-styl_zycia","tag-update_me","tag-v2021"],"share_on_mastodon":{"url":"https:\/\/pubeurope.com\/@pl\/116177134380460216","error":""},"_links":{"self":[{"href":"https:\/\/www.europesays.com\/pl\/wp-json\/wp\/v2\/posts\/290876","targetHints":{"allow":["GET"]}}],"collection":[{"href":"https:\/\/www.europesays.com\/pl\/wp-json\/wp\/v2\/posts"}],"about":[{"href":"https:\/\/www.europesays.com\/pl\/wp-json\/wp\/v2\/types\/post"}],"author":[{"embeddable":true,"href":"https:\/\/www.europesays.com\/pl\/wp-json\/wp\/v2\/users\/2"}],"replies":[{"embeddable":true,"href":"https:\/\/www.europesays.com\/pl\/wp-json\/wp\/v2\/comments?post=290876"}],"version-history":[{"count":0,"href":"https:\/\/www.europesays.com\/pl\/wp-json\/wp\/v2\/posts\/290876\/revisions"}],"wp:featuredmedia":[{"embeddable":true,"href":"https:\/\/www.europesays.com\/pl\/wp-json\/wp\/v2\/media\/290877"}],"wp:attachment":[{"href":"https:\/\/www.europesays.com\/pl\/wp-json\/wp\/v2\/media?parent=290876"}],"wp:term":[{"taxonomy":"category","embeddable":true,"href":"https:\/\/www.europesays.com\/pl\/wp-json\/wp\/v2\/categories?post=290876"},{"taxonomy":"post_tag","embeddable":true,"href":"https:\/\/www.europesays.com\/pl\/wp-json\/wp\/v2\/tags?post=290876"}],"curies":[{"name":"wp","href":"https:\/\/api.w.org\/{rel}","templated":true}]}}