{"id":291038,"date":"2026-03-05T17:09:22","date_gmt":"2026-03-05T17:09:22","guid":{"rendered":"https:\/\/www.europesays.com\/pl\/291038\/"},"modified":"2026-03-05T17:09:22","modified_gmt":"2026-03-05T17:09:22","slug":"david-i-victoria-beckham-zlozyli-zyczenia-urodzinowe-brooklynowi-kochamy-cie","status":"publish","type":"post","link":"https:\/\/www.europesays.com\/pl\/291038\/","title":{"rendered":"David i Victoria Beckham z\u0142o\u017cyli \u017cyczenia urodzinowe Brooklynowi. &#8222;Kochamy ci\u0119&#8221;"},"content":{"rendered":"<p>David i Victoria Beckhamowie to ju\u017c od lat jedna z najpopularniejszych par \u015bwiatowego show-biznesu. Para wzi\u0119\u0142a \u015blub w 1999 r. i w ci\u0105gu trwaj\u0105cego ju\u017c 27 lat ma\u0142\u017ce\u0144stwa doczeka\u0142a si\u0119 czw\u00f3rki dzieci \u2014 syn\u00f3w Brooklyna, Romeo i Cruza oraz c\u00f3rki Harper.<\/p>\n<p> Dalszy ci\u0105g artyku\u0142u pod materia\u0142em wideo    <\/p>\n<p> Jak d\u0142ugo trwa ma\u0142\u017ce\u0144stwo Victorii i Davida Beckham\u00f3w? <\/p>\n<p> Kiedy Brooklyn Beckham obchodzi urodziny? <\/p>\n<p> Co by\u0142o powodem konfliktu w rodzinie Beckham\u00f3w? <\/p>\n<p> Jakie \u017cyczenia z\u0142o\u017cyli rodzice Brooklynowi? <\/p>\n<p>  O ich konflikcie m\u00f3wi ca\u0142y \u015bwiat. Teraz Victoria i David Beckhamowie z\u0142o\u017cyli synowi \u017cyczenia urodzinoweW 2022 r. zgodna i kochaj\u0105ca si\u0119 do tej pory rodzina Beckham\u00f3w zosta\u0142a podzielona przez konflikt. Najstarszy syn Victorii i Davida stan\u0105\u0142 w\u00f3wczas na \u015blubnym kobiercu u boku <a href=\"https:\/\/plejada.pl\/temat\/nicola-peltz\/fgg66gb\" id=\"8126d507-35ef-423b-9c20-34f617ac4d6c\" rel=\"nofollow noopener\" target=\"_blank\">Nicoli Peltz<\/a>. Najstarszego syna i s\u0142ynnych ma\u0142\u017conk\u00f3w mia\u0142y por\u00f3\u017cni\u0107 przygotowania do \u015blubu, a nast\u0119pnie sama ceremonia.     <a href=\"https:\/\/plejada.pl\/temat\/brooklyn-beckham-syn-davida\/4yn09ew\" id=\"83ddade1-b0d7-4fa5-a895-ee528cd84b9b\" rel=\"nofollow noopener\" target=\"_blank\">Brooklyn Beckham<\/a> stwierdzi\u0142, \u017ce rodzice za bardzo go kontroluj\u0105 i pr\u00f3bowali rozbi\u0107 jego ma\u0142\u017ce\u0144stwo. Cho\u0107 c\u00f3rka pi\u0142karza i piosenkarki pr\u00f3bowa\u0142a za\u0142agodzi\u0107 konflikt, nie ma w\u0105tpliwo\u015bci, \u017ce pozosta\u0142a tr\u00f3jka dzieci Victorii i Davida stoi w\u0142a\u015bnie po ich stronie. Romeo po\u015brednio sugerowa\u0142 nawet, \u017ce za rodzinnym sporem stoi nie kto inny, jak Nicola Peltz.      <img decoding=\"async\" src=\"https:\/\/www.europesays.com\/pl\/wp-content\/uploads\/2026\/03\/COFk9lBaHR0cHM6Ly9vY2RuLmV1L3B1bHNjbXMvTURBXy8xODQwYTZhM2ZjN2YyYTA0NzkyZTg3NzczYWUxZDcyOS5qcGeRlQLNB.jpeg\" height=\"720\" width=\"940\" alt=\"Brooklyn Peltz-Beckham, David Beckham, Victoria Beckham\" loading=\"lazy\" class=\"ods-c-image__img ods-c-image__img--viewport-width\"\/> <\/p>\n<p>Brooklyn Peltz-Beckham, David Beckham, Victoria BeckhamBakounine \/ Shutterstock<\/p>\n<p> Cho\u0107 wydaje si\u0119, \u017ce relacje mi\u0119dzy Beckhamami i ich najstarszym synem z miesi\u0105ca na miesi\u0105c staj\u0105 si\u0119 <a href=\"https:\/\/plejada.pl\/newsy\/brooklyn-beckham-usunal-rodzinne-tatuaze-david-i-victoria-przezywaja-smutek\/eq3rjhd\" id=\"43ff5e9e-fbc4-478f-a827-27aff35a9089\" rel=\"nofollow noopener\" target=\"_blank\">coraz gorsze<\/a>, a Brooklyn podobno kontaktuje si\u0119 z Victori\u0105 i Davidem wy\u0142\u0105cznie za po\u015brednictwem prawnik\u00f3w, rodzice 27-latka publicznie z\u0142o\u017cyli mu \u017cyczenia z okazji urodzin, kt\u00f3re obchodzi 4 marca.<\/p>\n<p>Na instagramowym profilach Victorii i Davida Beckham\u00f3w pojawi\u0142y si\u0119 archiwalne zdj\u0119cia wzbogacone o \u017cyczenia. &#8222;Wszystkiego najlepszego. Kochamy ci\u0119 bardzo mocno&#8221; \u2014 napisali oboje.<\/p>\n<p> <img decoding=\"async\" src=\"https:\/\/www.europesays.com\/pl\/wp-content\/uploads\/2026\/03\/vXak9lBaHR0cHM6Ly9vY2RuLmV1L3B1bHNjbXMvTURBXy8zOWEzODRiNThhZGYzZTMyODM2NzQ2MjFhMmE3ZmMzZi5wbmeSlQPNA.jpeg\" height=\"362\" width=\"217\" alt=\"Beckhamowie na Instagramie\" loading=\"lazy\" class=\"ods-c-image__img ods-c-image__img--viewport-width\"\/> <\/p>\n<p>Beckhamowie na Instagramiehttps:\/\/www.instagram.com\/victoriabeckham\/, https:\/\/www.instagram.com\/davidbeckham\/ \/ Materia\u0142y prasowe<\/p>\n<p>  <img decoding=\"async\" src=\"https:\/\/www.europesays.com\/pl\/wp-content\/uploads\/2026\/03\/a-4k9lBaHR0cHM6Ly9vY2RuLmV1L3B1bHNjbXMvTURBXy9mYmEzNzc5NjMyNTkzMmEzZTJlNjhlMDMyNTBhMGY2My5wbmeSlQPNA.jpeg\" height=\"357\" width=\"220\" alt=\"Beckhamowie na Instagramie\" loading=\"lazy\" class=\"ods-c-image__img ods-c-image__img--viewport-width\"\/> <\/p>\n<p>Beckhamowie na Instagramiehttps:\/\/www.instagram.com\/victoriabeckham\/, https:\/\/www.instagram.com\/davidbeckham\/ \/ Materia\u0142y prasowe<\/p>\n<p>  <img decoding=\"async\" src=\"https:\/\/www.europesays.com\/pl\/wp-content\/uploads\/2026\/03\/bCyk9lBaHR0cHM6Ly9vY2RuLmV1L3B1bHNjbXMvTURBXy80Yjk4NTI0NmEzZmRkOTY3MDE1NDA1ODdkYmZlMGZhNS5wbmeSlQPNA.jpeg\" height=\"361\" width=\"217\" alt=\"Beckhamowie na Instagramie\" loading=\"lazy\" class=\"ods-c-image__img ods-c-image__img--viewport-width\"\/> <\/p>\n<p>Beckhamowie na Instagramiehttps:\/\/www.instagram.com\/victoriabeckham\/, https:\/\/www.instagram.com\/davidbeckham\/ \/ Materia\u0142y prasowe<\/p>\n<p>  Dzi\u0119kujemy, \u017ce przeczyta\u0142a\u015b\/e\u015b nasz artyku\u0142 do ko\u0144ca. W serwisie Plejada.pl ka\u017cdego dnia piszemy o najwa\u017cniejszych wydarzeniach show-biznesowych. B\u0105d\u017a na bie\u017c\u0105co!<a rel=\"nofollow noopener\" href=\"https:\/\/profile.google.com\/cp\/Cg0vZy8xMWJ6X19wdHBx\" id=\"4e0e68e8-00f2-4f09-84aa-e7bccac84ae1\" target=\"_blank\"> Obserwuj<\/a> Plejad\u0119 w Google. Odwied\u017a nas tak\u017ce na<a rel=\"nofollow noopener\" href=\"https:\/\/www.facebook.com\/plejadapl\" id=\"02b06764-1b26-4a75-a9a5-1ef0a9f51246\" target=\"_blank\"> Facebooku<\/a>,<a rel=\"nofollow noopener\" href=\"https:\/\/www.instagram.com\/plejadapl\/\" id=\"b9d34d20-4396-4df4-8c17-7dddab805fe7\" target=\"_blank\"> Instagramie<\/a>,<a rel=\"nofollow noopener\" href=\"https:\/\/www.youtube.com\/c\/plejada\" id=\"5df168de-3ca3-41a5-a976-167c8865f9b7\" target=\"_blank\"> YouTubie<\/a> oraz<a rel=\"nofollow noopener\" href=\"https:\/\/www.tiktok.com\/@plejada_pl\" id=\"9f84048e-552b-45a4-ac51-41e2e474d05a\" target=\"_blank\"> TikToku<\/a>.Chcesz podzieli\u0107 si\u0119 ciekawym newsem lub zaproponowa\u0107 temat? Skontaktuj si\u0119 z nami, pisz\u0105c maila na adres: <a rel=\"nofollow noopener\" href=\"https:\/\/plejada.pl\/newsy\/david-i-victoria-beckham-zlozyli-zyczenia-urodzinowe-brooklynowi-kochamy-cie\/mailto:plejada@redakcjaonet.pl\" id=\"9de1fd79-e39c-4b5e-8d87-dcaaacab8bc8\" target=\"_blank\">plejada@redakcjaonet.pl<\/a>.<script async src=\"\/\/www.instagram.com\/embed.js\"><\/script><script async src=\"\/\/www.tiktok.com\/embed.js\"><\/script><\/p>\n","protected":false},"excerpt":{"rendered":"David i Victoria Beckhamowie to ju\u017c od lat jedna z najpopularniejszych par \u015bwiatowego show-biznesu. Para wzi\u0119\u0142a \u015blub w&hellip;\n","protected":false},"author":2,"featured_media":291039,"comment_status":"","ping_status":"","sticky":false,"template":"","format":"standard","meta":{"footnotes":"","_share_on_mastodon":"0"},"categories":[22],"tags":[9693,9400,122,42093,36142,48,125,46,42,38,40,39,41,123,47,9326],"class_list":["post-291038","post","type-post","status-publish","format-standard","has-post-thumbnail","category-rozrywka","tag-brooklyn_beckham","tag-david_beckham","tag-entertainment","tag-float_tst0","tag-konflikty_gwiazd","tag-nat_styl","tag-newsy","tag-omp","tag-pl","tag-poland","tag-polish","tag-polska","tag-polski","tag-rozrywka","tag-screening_general","tag-victoria_beckham"],"share_on_mastodon":{"url":"https:\/\/pubeurope.com\/@pl\/116177676810356923","error":""},"_links":{"self":[{"href":"https:\/\/www.europesays.com\/pl\/wp-json\/wp\/v2\/posts\/291038","targetHints":{"allow":["GET"]}}],"collection":[{"href":"https:\/\/www.europesays.com\/pl\/wp-json\/wp\/v2\/posts"}],"about":[{"href":"https:\/\/www.europesays.com\/pl\/wp-json\/wp\/v2\/types\/post"}],"author":[{"embeddable":true,"href":"https:\/\/www.europesays.com\/pl\/wp-json\/wp\/v2\/users\/2"}],"replies":[{"embeddable":true,"href":"https:\/\/www.europesays.com\/pl\/wp-json\/wp\/v2\/comments?post=291038"}],"version-history":[{"count":0,"href":"https:\/\/www.europesays.com\/pl\/wp-json\/wp\/v2\/posts\/291038\/revisions"}],"wp:featuredmedia":[{"embeddable":true,"href":"https:\/\/www.europesays.com\/pl\/wp-json\/wp\/v2\/media\/291039"}],"wp:attachment":[{"href":"https:\/\/www.europesays.com\/pl\/wp-json\/wp\/v2\/media?parent=291038"}],"wp:term":[{"taxonomy":"category","embeddable":true,"href":"https:\/\/www.europesays.com\/pl\/wp-json\/wp\/v2\/categories?post=291038"},{"taxonomy":"post_tag","embeddable":true,"href":"https:\/\/www.europesays.com\/pl\/wp-json\/wp\/v2\/tags?post=291038"}],"curies":[{"name":"wp","href":"https:\/\/api.w.org\/{rel}","templated":true}]}}