{"id":292093,"date":"2026-03-06T10:59:04","date_gmt":"2026-03-06T10:59:04","guid":{"rendered":"https:\/\/www.europesays.com\/pl\/292093\/"},"modified":"2026-03-06T10:59:04","modified_gmt":"2026-03-06T10:59:04","slug":"zaczeli-sie-modlic-nad-donaldem-trumpem-osobliwe-nagranie-z-gabinetu-owalnego","status":"publish","type":"post","link":"https:\/\/www.europesays.com\/pl\/292093\/","title":{"rendered":"Zacz\u0119li si\u0119 modli\u0107 nad Donaldem Trumpem. Osobliwe nagranie z Gabinetu Owalnego"},"content":{"rendered":"<p class=\"Paragraph_desktopParagraph__U31Gm\">W czwartek, 5 marca, w Gabinecie Owalnym przyw\u00f3dca USA spotka\u0142 si\u0119 z pastorami i liderami religijnymi z ca\u0142ych Stan\u00f3w Zjednoczonych.<\/p>\n<p class=\"VideoPlayerText_videoPlayerText__iDwyz\">Dalszy ci\u0105g materia\u0142u pod wideo<\/p>\n<p class=\"Paragraph_desktopParagraph__U31Gm\">Na opublikowanym w sieci materiale wida\u0107 moment, w kt\u00f3rym jeden z duchownych, Tom Mullins z Christ Fellowship na Florydzie, rozpoczyna modlitw\u0119 z pro\u015bb\u0105 o \u0142ask\u0119 i opiek\u0119 nad Donaldem Trumpem oraz ameryka\u0144skimi si\u0142ami zbrojnymi. Pastor modli\u0142 si\u0119 r\u00f3wnie\u017c o si\u0142\u0119 dla prezydenta, by m\u00f3g\u0142 on prowadzi\u0107 Ameryk\u0119 jako &#8222;jeden nar\u00f3d pod Bogiem&#8221;.<\/p>\n<ul class=\"OchatFollowUps_wrapper__1ry7X\">\n<li class=\"OchatFollowUps_item__Dhyly OchatFollowUps_itemDesktop__R6aBv\">Kto modli\u0142 si\u0119 nad Donaldem Trumpem?<\/li>\n<li class=\"OchatFollowUps_item__Dhyly OchatFollowUps_itemDesktop__R6aBv\">Gdzie mia\u0142o miejsce to wydarzenie?<\/li>\n<li class=\"OchatFollowUps_item__Dhyly OchatFollowUps_itemDesktop__R6aBv\">Jakie intencje mia\u0142 pastor modl\u0105cy si\u0119 za Trumpa?<\/li>\n<li class=\"OchatFollowUps_item__Dhyly OchatFollowUps_itemDesktop__R6aBv\">Ile razy nagranie zosta\u0142o wy\u015bwietlone na platformie X?<\/li>\n<\/ul>\n<p>Znane twarze u boku prezydenta Trumpa <\/p>\n<p class=\"Paragraph_desktopParagraph__U31Gm\">Na filmie, obok prezydenta i pastora z Florydy, pojawili si\u0119 wp\u0142ywowi przedstawiciele \u015brodowisk religijnych. W\u015br\u00f3d nich byli m.in. Paula White-Cain (szefowa Biura Wiary Bia\u0142ego Domu), Robert Jeffress z Pierwszego Ko\u015bcio\u0142a Baptyst\u00f3w w Dallas, a tak\u017ce liderzy organizacji konserwatywnych: Ralph Reed, Gary Bauer oraz William Wolfe.<\/p>\n<p class=\"Paragraph_desktopParagraph__U31Gm\">Cho\u0107 Donald Trump ju\u017c wcze\u015bniej uczestniczy\u0142 w podobnych wydarzeniach, dopiero to nagranie autorstwa Margo Martin odbi\u0142o si\u0119 wyj\u0105tkowo szerokim echem w mediach spo\u0142eczno\u015bciowych. Tylko na platformie X materia\u0142 wy\u015bwietlono ponad 370 tys. razy.<\/p>\n<p>&#8222;Walka duchowa&#8221; o dobro USA <\/p>\n<p class=\"Paragraph_desktopParagraph__U31Gm\">Religijno\u015b\u0107 Donalda Trumpa by\u0142a wielokrotnie tematem publicznych dyskusji. Cho\u0107 jako dziecko nale\u017ca\u0142 do ko\u015bcio\u0142a prezbiteria\u0144skiego, od 2020 r. oficjalnie identyfikuje si\u0119 jako chrze\u015bcijanin niedenominacyjny (osoba wierz\u0105ca w Jezusa Chrystusa, kt\u00f3ra nie uto\u017csamia si\u0119 z \u017cadn\u0105 konkretn\u0105 religi\u0105). W rozmowie z Religion News Service przyzna\u0142 w\u00f3wczas wprost: nie jestem zwi\u0105zany z \u017cadnym konkretnym wyznaniem.<\/p>\n<p class=\"Paragraph_desktopParagraph__U31Gm\">Warto przypomnie\u0107, \u017ce republika\u0144ski polityk niejednokrotnie nadawa\u0142 swojej prezydenturze wymiar metafizyczny. Sam Trump wielokrotnie por\u00f3wnywa\u0142 sprawowanie urz\u0119du do &#8222;walki duchowej&#8221;, kt\u00f3r\u0105 toczy dla dobra ca\u0142ego kraju.<\/p>\n","protected":false},"excerpt":{"rendered":"W czwartek, 5 marca, w Gabinecie Owalnym przyw\u00f3dca USA spotka\u0142 si\u0119 z pastorami i liderami religijnymi z ca\u0142ych&hellip;\n","protected":false},"author":2,"featured_media":292094,"comment_status":"","ping_status":"","sticky":false,"template":"","format":"standard","meta":{"footnotes":"","_share_on_mastodon":"0"},"categories":[24],"tags":[58,1350,67,46637,53,52,68,51,48002,55,42,45363,38,40,39,41,1270,47,39366,127,126,65,50,26],"class_list":["post-292093","post","type-post","status-publish","format-standard","has-post-thumbnail","category-sport","tag-donald_trump_prezydent_usa","tag-floryda","tag-intextvideo_splayer","tag-less_more_tst0","tag-new_header","tag-onet3","tag-onet3d","tag-onet3d_2i","tag-pastor","tag-phx","tag-pl","tag-playerv3_tst0","tag-poland","tag-polish","tag-polska","tag-polski","tag-religia_wiara","tag-screening_general","tag-sg_cleanup_tst0","tag-sport","tag-sports","tag-update_me","tag-v2021","tag-wiadomosci"],"share_on_mastodon":{"url":"https:\/\/pubeurope.com\/@pl\/116181884161710549","error":""},"_links":{"self":[{"href":"https:\/\/www.europesays.com\/pl\/wp-json\/wp\/v2\/posts\/292093","targetHints":{"allow":["GET"]}}],"collection":[{"href":"https:\/\/www.europesays.com\/pl\/wp-json\/wp\/v2\/posts"}],"about":[{"href":"https:\/\/www.europesays.com\/pl\/wp-json\/wp\/v2\/types\/post"}],"author":[{"embeddable":true,"href":"https:\/\/www.europesays.com\/pl\/wp-json\/wp\/v2\/users\/2"}],"replies":[{"embeddable":true,"href":"https:\/\/www.europesays.com\/pl\/wp-json\/wp\/v2\/comments?post=292093"}],"version-history":[{"count":0,"href":"https:\/\/www.europesays.com\/pl\/wp-json\/wp\/v2\/posts\/292093\/revisions"}],"wp:featuredmedia":[{"embeddable":true,"href":"https:\/\/www.europesays.com\/pl\/wp-json\/wp\/v2\/media\/292094"}],"wp:attachment":[{"href":"https:\/\/www.europesays.com\/pl\/wp-json\/wp\/v2\/media?parent=292093"}],"wp:term":[{"taxonomy":"category","embeddable":true,"href":"https:\/\/www.europesays.com\/pl\/wp-json\/wp\/v2\/categories?post=292093"},{"taxonomy":"post_tag","embeddable":true,"href":"https:\/\/www.europesays.com\/pl\/wp-json\/wp\/v2\/tags?post=292093"}],"curies":[{"name":"wp","href":"https:\/\/api.w.org\/{rel}","templated":true}]}}