{"id":292421,"date":"2026-03-06T15:00:21","date_gmt":"2026-03-06T15:00:21","guid":{"rendered":"https:\/\/www.europesays.com\/pl\/292421\/"},"modified":"2026-03-06T15:00:21","modified_gmt":"2026-03-06T15:00:21","slug":"osoby-z-niepelnosprawnosciami-w-2026-roku-5-waznych-praw-lista","status":"publish","type":"post","link":"https:\/\/www.europesays.com\/pl\/292421\/","title":{"rendered":"Osoby z niepe\u0142nosprawno\u015bciami w 2026 roku. 5 wa\u017cnych praw [LISTA]"},"content":{"rendered":"<p>rozwi\u0144 &gt;<\/p>\n<p>1. \u015awiadczenia NFZ poza kolejno\u015bci\u0105 dla os\u00f3b z niekt\u00f3rymi orzeczeniami<\/p>\n<p>Co do zasady pacjenci korzystaj\u0105 ze \u015bwiadcze\u0144 zdrowotnych wed\u0142ug kolejno\u015bci zg\u0142oszenia.<\/p>\n<p>W praktyce \u201epoza kolejno\u015bci\u0105\u201d oznacza, \u017ce mo\u017cna korzysta\u0107 ze \u015bwiadcze\u0144 ambulatoryjnej opieki specjalistycznej, a tak\u017ce szpitalnych i innych plac\u00f3wek stacjonarnych i ca\u0142odobowych (np. zak\u0142ady opieku\u0144czo-lecznicze) w dniu zg\u0142oszenia. Gdy nie jest to mo\u017cliwe, to ze \u015bwiadcze\u0144 korzysta si\u0119 najbli\u017cszym mo\u017cliwym terminie poza list\u0105 oczekuj\u0105cych (nie p\u00f3\u017aniej ni\u017c 7 dni roboczych od zg\u0142oszenia w ambulatoryjnej opiece specjalistycznej).<\/p>\n<p>Poza kolejno\u015bci\u0105 mo\u017cna otrzyma\u0107 \u015bwiadczenia podstawowej opieki zdrowotnej i \u015bwiadczenia specjalist\u00f3w, a tak\u017ce \u015bwiadczenia w szpitalach. Zakres ten obejmuje r\u00f3wnie\u017c us\u0142ugi farmaceutyczne w aptekach i \u015bwiadczenia rehabilitacji leczniczej zgodnie ze wskazaniami medycznymi.<\/p>\n<p>Do os\u00f3b, kt\u00f3rym przys\u0142uguje takie uprawnienie nale\u017c\u0105 m.in. pacjenci posiadaj\u0105cy orzeczenie:<\/p>\n<p>\u2022 znacznym stopniu niepe\u0142nosprawno\u015bci;<\/p>\n<p>Dalszy ci\u0105g materia\u0142u pod wideo<\/p>\n<p>\u2022 niepe\u0142nosprawno\u015bci \u0142\u0105cznie ze wskazaniami: konieczno\u015bci sta\u0142ej lub d\u0142ugotrwa\u0142ej opieki lub pomocy innej osoby w zwi\u0105zku ze znacznie ograniczon\u0105 mo\u017cliwo\u015bci\u0105 samodzielnej egzystencji oraz konieczno\u015bci sta\u0142ego wsp\u00f3\u0142udzia\u0142u na co dzie\u0144 opiekuna dziecka w procesie jego leczenia, rehabilitacji i edukacji.<\/p>\n<p>Prawo do korzystania ze \u015bwiadcze\u0144 poza kolejno\u015bci\u0105 mo\u017cna potwierdzi\u0107 r\u00f3wnie\u017c za pomoc\u0105 jednego z orzecze\u0144 r\u00f3wnorz\u0119dnych orzeczeniu o znacznym stopniu niepe\u0142nosprawno\u015bci np. o ca\u0142kowitej niezdolno\u015bci do pracy i samodzielnej egzystencji wydanym przez lekarza orzecznika Zak\u0142adu Ubezpiecze\u0144 Spo\u0142ecznych.<\/p>\n<p>Co istotne, r\u00f3wnie\u017c termin udzielenia \u015bwiadczenia w ramach centralnej e-rejestracji powinien by\u0107 wyznaczany \u015bwiadczeniobiorcy z uwzgl\u0119dnieniem prawa \u015bwiadczeniobiorcy do korzystania poza kolejno\u015bci\u0105 ze \u015bwiadcze\u0144 opieki zdrowotnej. Jak jednak informuje resort zdrowia, pacjenci, kt\u00f3rzy korzystaj\u0105 ze \u015bwiadcze\u0144 poza kolejno\u015bci\u0105 um\u00f3wi\u0105 si\u0119 wy\u0142\u0105cznie w wybranej plac\u00f3wce &#8211; osobi\u015bcie lub telefonicznie.<\/p>\n<p>2. Szersze prawo do \u015bwiadczenia wspieraj\u0105cego w 2026 r.<\/p>\n<p>Pocz\u0105wszy od 2026 roku \u015bwiadczenie wspieraj\u0105ce mog\u0105 otrzymywa\u0107 osoby z ni\u017csz\u0105 ni\u017c dotychczas punktacj\u0105 okre\u015blan\u0105 przez Wojew\u00f3dzkie Zespo\u0142y do Spraw Orzekania o Niepe\u0142nosprawno\u015bci. To wa\u017cna forma pomocy dedykowana tym osobom z niepe\u0142nosprawno\u015bciami, kt\u00f3re maj\u0105 potrzeb\u0119 wsparcia. \u015awiadczenie ma s\u0142u\u017cy\u0107 cz\u0119\u015bciowemu pokryciu wydatk\u00f3w zwi\u0105zanych z zaspokojeniem szczeg\u00f3lnych potrzeb \u017cyciowych tych os\u00f3b.<\/p>\n<p>Od 1 stycznia 2026 r. \u015bwiadczenie wspieraj\u0105ce przys\u0142uguje osobie w wieku od uko\u0144czenia 18. roku \u017cycia posiadaj\u0105cej decyzj\u0119 ustalaj\u0105c\u0105 poziom potrzeby wsparcia, w kt\u00f3rej potrzeb\u0119 wsparcia okre\u015blono na poziomie od 70 do 100 punkt\u00f3w w skali potrzeby wsparcia.<\/p>\n<p>Od liczby punkt\u00f3w w decyzji WZON i aktualnej wysoko\u015bci renty socjalnej zale\u017cy kwota \u015bwiadczenia wspieraj\u0105cego. Aktualne kwoty (obowi\u0105zuj\u0105ce od marca 2026 r.) prezentuje poni\u017csza tabela:<\/p>\n<tr style=\"height: 62.9924px;\">\n<p>Punktacja w decyzji WZON<\/p>\n<p>Przelicznik procentowy renty socjalnej<\/p>\n<p>Kwota \u015bwiadczenia wspieraj\u0105cego<\/p>\n<\/tr>\n<tr>\n<p>95\u2013100 pkt<\/p>\n<td>\n<p>220 proc. renty socjalnej<\/p>\n<\/td>\n<td>\n<p>4353 z\u0142<\/p>\n<\/td>\n<\/tr>\n<tr>\n<p>90\u201394 pkt<\/p>\n<td>\n<p>180 proc. renty socjalnej<\/p>\n<\/td>\n<td>\n<p>3562 z\u0142<\/p>\n<\/td>\n<\/tr>\n<tr style=\"height: 62.9924px;\">\n<p>85\u201389 pkt<\/p>\n<td>\n<p>120 proc. renty socjalnej<\/p>\n<\/td>\n<td>\n<p>2375 z\u0142<\/p>\n<\/td>\n<\/tr>\n<tr style=\"height: 62.9924px;\">\n<p>80\u201384 pkt<\/p>\n<td>\n<p>80 proc. renty socjalnej<\/p>\n<\/td>\n<td>\n<p>1583 z\u0142<\/p>\n<\/td>\n<\/tr>\n<tr>\n<p>75\u201379 pkt<\/p>\n<td>\n<p>60 proc. renty socjalnej<\/p>\n<\/td>\n<td>\n<p>1188 z\u0142<\/p>\n<\/td>\n<\/tr>\n<tr>\n<p>70\u201374 pkt<\/p>\n<td>\n<p>40 proc. renty socjalnej<\/p>\n<\/td>\n<td>\n<p>792 z\u0142<\/p>\n<\/td>\n<\/tr>\n<p>Warto wspomnie\u0107, i\u017c Ministerstwo Rodziny, Pracy i Polityki Spo\u0142ecznej przygotowa\u0142o przegl\u0105d stosowania przepis\u00f3w ustawy o \u015bwiadczeniu wspieraj\u0105cym. Z informacji przekazanych nam w grudniu przez biuro prasowe ministerstwa wnika, i\u017c Rada Ministr\u00f3w przyj\u0119\u0142a przegl\u0105d 16 pa\u017adziernika 2025 r.<\/p>\n<p>\u201ePrzyj\u0119ty przez Rad\u0119 Ministr\u00f3w przegl\u0105d zawiera rekomendacje dotycz\u0105ce konieczno\u015bci usprawnieniu procedur wydawania decyzji o potrzebie wsparcia oraz podniesienia jako\u015bci tych decyzji. Obecnie Ministerstwo Rodziny, Pracy i Polityki Spo\u0142ecznej pracuje nad konkretnymi zmianami dotycz\u0105cymi ustalania poziomu potrzeby wsparcia oraz ustalania prawa do \u015bwiadczenia wspieraj\u0105cego\u201d \u2013 czytamy w przes\u0142anej odpowiedzi.<\/p>\n<p>Wi\u0119cej na temat dokonanego przegl\u0105du piszemy w poni\u017cszy artykule:<\/p>\n<p>3. Dost\u0119pno\u015b\u0107 dla os\u00f3b z niepe\u0142nosprawno\u015bciami wa\u017cna w 2026 r.<\/p>\n<p>Dost\u0119pno\u015b\u0107 to temat, kt\u00f3ry w ostatnim czasie zyskuje coraz wi\u0119ksze znaczenie. Obowi\u0105zuj\u0105ce przepisy nak\u0142adaj\u0105 bowiem na instytucje publiczne oraz niekt\u00f3rych przedsi\u0119biorc\u00f3w wymagania w zakresie dost\u0119pno\u015bci architektonicznej, cyfrowej oraz informacyjno- komunikacyjnej.<\/p>\n<p>Uprawnieniem, o kt\u00f3rym warto tu wspomnie\u0107 jest przyk\u0142adowo mo\u017cliwo\u015b\u0107 z\u0142o\u017cenia wniosku o zapewnienie dost\u0119pno\u015bci. Pismo takie mo\u017ce z\u0142o\u017cy\u0107 osoba ze szczeg\u00f3lnymi potrzebami lub jej przedstawiciel ustawowy, kt\u00f3ra ma interes faktyczny w skorzystaniu z us\u0142ug podmiotu publicznego. Je\u015bli dany podmiot dost\u0119pno\u015bci nie zapewni\u0142, to przys\u0142uguje skarga do Prezesa Zarz\u0105du PFRON na brak dost\u0119pno\u015bci.<\/p>\n<p>Szczeg\u00f3\u0142owe informacje znajduj\u0105 si\u0119 na stronie https:\/\/dostepnosc.pfron.org.pl\/<\/p>\n<p>4. Pomoc z MOPS i programy realizowane przez samorz\u0105dy<\/p>\n<p>Osoby z niepe\u0142nosprawno\u015bciami, kt\u00f3re znajduj\u0105 si\u0119 w trudnej sytuacji materialnej mog\u0105 ubiega\u0107 si\u0119 o pomoc spo\u0142eczn\u0105 np. w formie zasi\u0142k\u00f3w: sta\u0142ych, okresowych, celowych. W MOPS mo\u017cna te\u017c stara\u0107 si\u0119 o us\u0142ugi opieku\u0144cze i us\u0142ugi specjalistyczne. Samorz\u0105dy realizuj\u0105 r\u00f3wnie\u017c us\u0142ugi opieki wytchnieniowej. Jest to wa\u017cna pomoc dla cz\u0142onk\u00f3w rodziny osoby z niepe\u0142nosprawno\u015bci\u0105, kt\u00f3ra zapewnia czasowe zast\u0119pstwo.<\/p>\n<p>Bior\u0105c pod uwag\u0119 przed\u0142u\u017caj\u0105ce si\u0119 prace nad nowymi rozwi\u0105zaniami w zakresie asystencji osobistej, wci\u0105\u017c spor\u0105 rol\u0119 we wspieraniu os\u00f3b z niepe\u0142nosprawno\u015bciami b\u0119dzie mia\u0142a dotychczasowy \u201eresortowy\u201d program asystencji.<\/p>\n<p class=\"infor-promocja\">Polecamy: <a href=\"https:\/\/sklep.infor.pl\/pomoc-spoleczna-komentarz-do-ustawy-2025?mark=0_0000000000033&amp;utm_source=serwisy-internetowe&amp;utm_medium=link-w-artykule&amp;utm_campaign=artykul-autor-33\" rel=\"dofollow noopener\" class=\"art-inner-link\" target=\"_blank\">Pomoc spo\u0142eczna. Komentarz do ustawy<\/a><\/p>\n<p>5. Prawa w firmie i na ryku pracy, o kt\u00f3rych warto pami\u0119ta\u0107<\/p>\n<p>Niepe\u0142nosprawno\u015b\u0107 nie zawsze oznacza niezdolno\u015b\u0107 do pracy. Osoby z orzeczeniami maj\u0105 szereg uprawnie\u0144, kt\u00f3rych zakres zale\u017cy g\u0142\u00f3wnie od stopnia niepe\u0142nosprawno\u015bci. Do najwa\u017cniejszych u\u0142atwie\u0144 zaliczamy:<\/p>\n<p>\u2022 kr\u00f3tszy czas pracy (stopie\u0144 znaczny i umiarkowany)<\/p>\n<p>\u2022 dodatkow\u0105 przerw\u0119 w pracy (stopie\u0144 lekki, umiarkowany, znaczny)<\/p>\n<p>\u2022 dodatkowy urlop (stopie\u0144 umiarkowany, znaczny)<\/p>\n<p>\u2022 zwolnienie z pracy na turnus rehabilitacyjny (stopie\u0144 umiarkowany, znaczny)<\/p>\n<p>\u2022 dofinansowanie do wynagrodzenia z Pa\u0144stwowego Funduszu Rehabilitacji Os\u00f3b Niepe\u0142nosprawnych (stopie\u0144 lekki, umiarkowany, znaczny)<\/p>\n<p>Na mocy nowej ustawy o rynku pracy i s\u0142u\u017cbach zatrudnienia bezrobotne osoby niepe\u0142nosprawne maj\u0105 prawo do 365 dni zasi\u0142ku dla bezrobotnych. Do takiego d\u0142u\u017cszego okresu uprawnia orzeczenia o lekkim, umiarkowanym, a tak\u017ce znacznym stopniu niepe\u0142nosprawno\u015bci. Takim osobom przys\u0142uguje te\u017c pierwsze\u0144stwo w skierowaniu do udzia\u0142u w formach pomocy. W grudniu zako\u0144czy\u0142 si\u0119 cykl konsultacji spo\u0142ecznych dotycz\u0105cych za\u0142o\u017ce\u0144 modelu zatrudnienia wspomaganego. Wypracowane w nich rozwi\u0105zania zostan\u0105 wdro\u017cone w ca\u0142ej Polsce ramach projektu &#8211; Testowanie modelu zatrudnienia wspomaganego. W drodze konkursu organizowanego przez <a class=\"seoMapping\" href=\"https:\/\/mojafirma.infor.pl\/tematy\/pfron\/\" title=\"PFRON\" rel=\"nofollow noopener\" target=\"_blank\">PFRON<\/a> jeszcze w 2026 r. zostan\u0105 wybrane agencje zatrudnienia wspomaganego, kt\u00f3re b\u0119d\u0105 \u015bwiadczy\u0142y kompleksow\u0105 us\u0142ug\u0119 skierowan\u0105 do os\u00f3b z niepe\u0142nosprawno\u015bciami i pracodawc\u00f3w.<\/p>\n<p>Podsumowanie<\/p>\n<p>Zakres praw, z jakich mog\u0105 korzysta\u0107 osoby z niepe\u0142nosprawno\u015bciami zale\u017cy w g\u0142\u00f3wnej mierze od posiadanego stopnia niepe\u0142nosprawno\u015bci. Dla pomocy spo\u0142ecznej z regu\u0142y wa\u017cne jest spe\u0142nianie kryteri\u00f3w dochodowych.<\/p>\n","protected":false},"excerpt":{"rendered":"rozwi\u0144 &gt; 1. \u015awiadczenia NFZ poza kolejno\u015bci\u0105 dla os\u00f3b z niekt\u00f3rymi orzeczeniami Co do zasady pacjenci korzystaj\u0105 ze&hellip;\n","protected":false},"author":2,"featured_media":292422,"comment_status":"","ping_status":"","sticky":false,"template":"","format":"standard","meta":{"footnotes":"","_share_on_mastodon":"0"},"categories":[16],"tags":[113,112,12944,4778,15569,42,38,40,39,41,383,4990],"class_list":["post-292421","post","type-post","status-publish","format-standard","has-post-thumbnail","category-biznes","tag-biznes","tag-business","tag-co-nas-czeka-w-2026-r","tag-mops","tag-niepelnosprawnosc","tag-pl","tag-poland","tag-polish","tag-polska","tag-polski","tag-prawo","tag-swiadczenie-wspierajace"],"share_on_mastodon":{"url":"https:\/\/pubeurope.com\/@pl\/116182831865919739","error":""},"_links":{"self":[{"href":"https:\/\/www.europesays.com\/pl\/wp-json\/wp\/v2\/posts\/292421","targetHints":{"allow":["GET"]}}],"collection":[{"href":"https:\/\/www.europesays.com\/pl\/wp-json\/wp\/v2\/posts"}],"about":[{"href":"https:\/\/www.europesays.com\/pl\/wp-json\/wp\/v2\/types\/post"}],"author":[{"embeddable":true,"href":"https:\/\/www.europesays.com\/pl\/wp-json\/wp\/v2\/users\/2"}],"replies":[{"embeddable":true,"href":"https:\/\/www.europesays.com\/pl\/wp-json\/wp\/v2\/comments?post=292421"}],"version-history":[{"count":0,"href":"https:\/\/www.europesays.com\/pl\/wp-json\/wp\/v2\/posts\/292421\/revisions"}],"wp:featuredmedia":[{"embeddable":true,"href":"https:\/\/www.europesays.com\/pl\/wp-json\/wp\/v2\/media\/292422"}],"wp:attachment":[{"href":"https:\/\/www.europesays.com\/pl\/wp-json\/wp\/v2\/media?parent=292421"}],"wp:term":[{"taxonomy":"category","embeddable":true,"href":"https:\/\/www.europesays.com\/pl\/wp-json\/wp\/v2\/categories?post=292421"},{"taxonomy":"post_tag","embeddable":true,"href":"https:\/\/www.europesays.com\/pl\/wp-json\/wp\/v2\/tags?post=292421"}],"curies":[{"name":"wp","href":"https:\/\/api.w.org\/{rel}","templated":true}]}}