{"id":292625,"date":"2026-03-06T17:18:07","date_gmt":"2026-03-06T17:18:07","guid":{"rendered":"https:\/\/www.europesays.com\/pl\/292625\/"},"modified":"2026-03-06T17:18:07","modified_gmt":"2026-03-06T17:18:07","slug":"barbara-nowacka-musi-przeprosic-za-slowa-o-podreczniku-do-hit-jest-decyzja","status":"publish","type":"post","link":"https:\/\/www.europesays.com\/pl\/292625\/","title":{"rendered":"Barbara Nowacka musi przeprosi\u0107 za s\u0142owa o podr\u0119czniku do HiT. Jest decyzja"},"content":{"rendered":"<p>Proces wytoczony przez autora podr\u0119cznika do przedmiotu historia i tera\u017aniejszo\u015b\u0107 prof. Wojciecha Roszkowskiego przeciw ministrze edukacji Barbarze Nowackiej dotyczy\u0142 naruszenia d\u00f3br osobistych Roszkowskiego w wypowiedzi Nowackiej z konwencji Koalicji Obywatelskiej 12 pa\u017adziernika 2024 r.<\/p>\n<p> Dalszy ci\u0105g artyku\u0142u pod materia\u0142em wideo    <\/p>\n<p> Dlaczego Barbara Nowacka musi przeprosi\u0107 Wojciecha Roszkowskiego? <\/p>\n<p> Co zarzuci\u0142 Wojciech Roszkowski Barbarze Nowackiej? <\/p>\n<p> Ile koszt\u00f3w procesu ma zap\u0142aci\u0107 Barbara Nowacka? <\/p>\n<p> Jakie s\u0105 plany Barbary Nowackiej po wyroku s\u0105du? <\/p>\n<p>  Barbara Nowacka m\u00f3wi\u0142a o &#8222;k\u0142amstwach na ka\u017cdej stronie&#8221;<\/p>\n<p>\u2014 Oni uczyli k\u0142amstwa. Przypomnijcie sobie, taki przedmiot wprowadzili do szk\u00f3\u0142, nowy przedmiot historia i tera\u017aniejszo\u015b\u0107. Tam k\u0142amstwo by\u0142o na ka\u017cdej stronie podr\u0119cznika. Oni tam uczyli jak k\u0142ama\u0107 i manipulowa\u0107 \u2014 m\u00f3wi\u0142a w\u00f3wczas ministra.<\/p>\n<p>Roszkowski pozwa\u0142 Nowack\u0105 o rozpowszechnienie nieprawdy, jakoby na ka\u017cdej stronie podr\u0119cznika, kt\u00f3rego jest autorem, by\u0142o k\u0142amstwo. Za\u017c\u0105da\u0142 od ministry przeprosin oraz roszczenia w wysoko\u015bci 1 tys. z\u0142 za ka\u017cd\u0105 stron\u0119 \u2014 \u0142\u0105cznie 512 tys. z\u0142.<\/p>\n<p>Barbara Nowacka w trakcie procesu zapewnia\u0142a, \u017ce jej wypowied\u017a nie powinna by\u0107 interpretowana dos\u0142ownie. Podkre\u015bla\u0142a, \u017ce okre\u015blenie &#8222;na ka\u017cdej stronie&#8221; powinno by\u0107 odbierane jako &#8222;licentia poetica&#8221; (\u0142ac. swoboda poetycka).<\/p>\n<p>     Sp\u00f3r o podr\u0119cznik HiT w s\u0105dzie. Obie strony zap\u0142ac\u0105 koszty<\/p>\n<p>Warszawski s\u0105d zdecydowa\u0142, \u017ce Barbara Nowacka musi przeprosi\u0107 za swoje s\u0142owa. Ministra edukacji ma w ci\u0105gu siedmiu dni od uprawomocnienia wyroku opublikowa\u0107 przeprosiny na kanale Koalicji Obywatelskiej na YouTubie.<\/p>\n<p>Barbara Nowacka ma te\u017c zap\u0142aci\u0107 prof. Wojciechowi Roszkowskiemu 1,3 tys. z\u0142 tytu\u0142em koszt\u00f3w procesu. Z kolei Roszkowski musi zap\u0142aci\u0107 Nowackiej z tego samego powodu 10,8 tys. z\u0142. \u2014 Zado\u015b\u0107uczynienie mo\u017ce by\u0107 zas\u0105dzone tylko wtedy, kiedy s\u0105d by uzna\u0142, \u017ce same przeprosiny s\u0105 niewystarczaj\u0105ce \u2014 podkre\u015bli\u0142a s\u0119dzia.<\/p>\n<p>     Ministra edukacji zapowiada apelacj\u0119<\/p>\n<p>Barbara Nowacka odnios\u0142a si\u0119 do sprawy w mediach spo\u0142eczno\u015bciowych.<\/p>\n<p>&#8222;Pora\u017cka s\u0105dowa Wojciecha Roszkowskiego \u2013 \u017c\u0105da\u0142 p\u00f3\u0142 miliona z\u0142otych ode mnie za moj\u0105 wypowied\u017a. Nie do\u015b\u0107, \u017ce ich nie uzyska\u0142 to dodatkowo musi mi zap\u0142aci\u0107 10 tys. z\u0142 koszt\u00f3w s\u0105dowych&#8221; \u2014 stwierdzi\u0142a. &#8222;W sprawie ewentualnych moich przeprosin \u2013 sk\u0142adam apelacj\u0119&#8221; \u2014 zapowiedzia\u0142a.<\/p>\n","protected":false},"excerpt":{"rendered":"Proces wytoczony przez autora podr\u0119cznika do przedmiotu historia i tera\u017aniejszo\u015b\u0107 prof. Wojciecha Roszkowskiego przeciw ministrze edukacji Barbarze Nowackiej&hellip;\n","protected":false},"author":2,"featured_media":292626,"comment_status":"","ping_status":"","sticky":false,"template":"","format":"standard","meta":{"footnotes":"","_share_on_mastodon":"0"},"categories":[12],"tags":[3769,32,33,36,37,27,25777,7210,49,34,35,28,31,48,25,46,42,38,40,39,41,47,29,30,26,48044],"class_list":["post-292625","post","type-post","status-publish","format-standard","has-post-thumbnail","category-polska","tag-barbara_nowacka","tag-breaking-news","tag-breakingnews","tag-featured-news","tag-featurednews","tag-headlines","tag-hit","tag-koalicja_obywatelska","tag-kraj","tag-latest-news","tag-latestnews","tag-naglowki","tag-najwazniejsze-artykuly","tag-nat_styl","tag-news","tag-omp","tag-pl","tag-poland","tag-polish","tag-polska","tag-polski","tag-screening_general","tag-top-stories","tag-topstories","tag-wiadomosci","tag-wojciech_roszkowski"],"share_on_mastodon":{"url":"https:\/\/pubeurope.com\/@pl\/116183374442387645","error":""},"_links":{"self":[{"href":"https:\/\/www.europesays.com\/pl\/wp-json\/wp\/v2\/posts\/292625","targetHints":{"allow":["GET"]}}],"collection":[{"href":"https:\/\/www.europesays.com\/pl\/wp-json\/wp\/v2\/posts"}],"about":[{"href":"https:\/\/www.europesays.com\/pl\/wp-json\/wp\/v2\/types\/post"}],"author":[{"embeddable":true,"href":"https:\/\/www.europesays.com\/pl\/wp-json\/wp\/v2\/users\/2"}],"replies":[{"embeddable":true,"href":"https:\/\/www.europesays.com\/pl\/wp-json\/wp\/v2\/comments?post=292625"}],"version-history":[{"count":0,"href":"https:\/\/www.europesays.com\/pl\/wp-json\/wp\/v2\/posts\/292625\/revisions"}],"wp:featuredmedia":[{"embeddable":true,"href":"https:\/\/www.europesays.com\/pl\/wp-json\/wp\/v2\/media\/292626"}],"wp:attachment":[{"href":"https:\/\/www.europesays.com\/pl\/wp-json\/wp\/v2\/media?parent=292625"}],"wp:term":[{"taxonomy":"category","embeddable":true,"href":"https:\/\/www.europesays.com\/pl\/wp-json\/wp\/v2\/categories?post=292625"},{"taxonomy":"post_tag","embeddable":true,"href":"https:\/\/www.europesays.com\/pl\/wp-json\/wp\/v2\/tags?post=292625"}],"curies":[{"name":"wp","href":"https:\/\/api.w.org\/{rel}","templated":true}]}}