{"id":29278,"date":"2025-10-03T09:30:10","date_gmt":"2025-10-03T09:30:10","guid":{"rendered":"https:\/\/www.europesays.com\/pl\/29278\/"},"modified":"2025-10-03T09:30:10","modified_gmt":"2025-10-03T09:30:10","slug":"polska-podpisze-wstepne-porozumienie-o-podlaczeniu-do-systemu-rurociagow-nato","status":"publish","type":"post","link":"https:\/\/www.europesays.com\/pl\/29278\/","title":{"rendered":"Polska podpisze wst\u0119pne porozumienie o pod\u0142\u0105czeniu do systemu ruroci\u0105g\u00f3w NATO"},"content":{"rendered":"<p>   <a href=\"https:\/\/defence24.pl\/strona-autora\/defence24\" target=\"_self\" class=\"article-author__wrap\" rel=\"nofollow noopener\"><img loading=\"lazy\" decoding=\"async\" src=\"https:\/\/www.europesays.com\/pl\/wp-content\/uploads\/2025\/09\/6bX4RbeqT7ZPuqRvszHLwZXGhC3ZbkkEG20NP5wn.z3l1.png\" alt=\"\"  width=\"100\" height=\"100\" author=\"Pawe\u0142 Korzeniewski\" caption=\"\" fullscreen=\"https:\/\/cdn.defence24.pl\/2021\/10\/07\/1920xpx\/2021\/10\/07\/originals\/6bX4RbeqT7ZPuqRvszHLwZXGhC3ZbkkEG20NP5wn.qa4v.png\" class=\"img article-author__avatar img-avatar\"\/><br \/>\n          Defence24<br \/>\n        <\/a><br \/>\n      2 pa\u017adziernika 2025, 18:17<\/p>\n<p>Polska\u00a0w pi\u0105tek\u00a0podpisze\u00a0wst\u0119pne porozumienie dotycz\u0105ce realizacji programu rozbudowy krajowej infrastruktury paliwowej w celu przy\u0142\u0105czenia jej do systemu ruroci\u0105g\u00f3w NATO &#8211; poinformowa\u0142o w czwartek Ministerstwo Obrony Narodowej.<\/p>\n<p> <img decoding=\"async\" src=\"https:\/\/www.europesays.com\/pl\/wp-content\/uploads\/2025\/10\/28lmeV2o1hxxsP5KyDuOndEEbUTqJDAJ9mLKjLWw.gmz3.png\" alt=\"ministerstwo obrony narodowej\"  width=\"800\" height=\"450\" author=\"Lukas Plewnia\/Wikimedia Commons\/CC2.0 \/ Modyfikacje: CyberDefence24.pl\" fetchpriority=\"high\" class=\"img image-with-caption__image\"\/><br \/>\n        Autor. Lukas Plewnia\/Wikimedia Commons\/CC2.0 \/ Modyfikacje: CyberDefence24.pl<\/p>\n<p class=\"paragraph-module\">Porozumienie o wsp\u00f3\u0142pracy zostanie podpisane pomi\u0119dzy Zak\u0142adem Inwestycji Organizacji Traktatu P\u00f3\u0142nocnoatlantyckiego (ZIOTP) a PERN S.A. Jak podano w zapowiedzi wydarzenia, porozumienie dotyczy przy\u0142\u0105czenia systemu obs\u0142ugiwanego przez PERN S.A. do natowskiego systemu ruroci\u0105g\u00f3w paliwowych, a tak\u017ce budowy magazyn\u00f3w paliw na potrzeby si\u0142 zbrojnych Sojuszu.<\/p>\n<p class=\"paragraph-module\">Resort obrony poda\u0142, \u017ce inwestycja ma kluczowe znaczenie dla bezpiecze\u0144stwa energetycznego i obronnego pa\u0144stwa. Jej realizacja zwi\u0119kszy odporno\u015b\u0107 Polski na kryzysy paliwowe, a tak\u017ce wzmocni pozycj\u0119 kraju jako strategicznego partnera NATO w regionie.<\/p>\n<p class=\"paragraph-module\">\u201eInwestycja w infrastruktur\u0119 przesy\u0142ow\u0105 i magazynow\u0105 paliw wpisuje si\u0119 w dzia\u0142ania na rzecz zwi\u0119kszenia mobilno\u015bci wojsk i efektywno\u015bci operacyjnej ca\u0142ego Sojuszu\u201d \u2013 dodano.<\/p>\n<p class=\"paragraph-module\">W zapowiedzi podano, \u017ce dokument zostanie podpisany przez dyrektora ZIOTP p\u0142k. Mariusza Zyglarskiego oraz prezesa PERN S.A. Daniela \u015awi\u0119tochowskiego, w obecno\u015bci Pe\u0142nomocnika Rz\u0105du ds. Strategicznej Infrastruktury Energetycznej Wojciecha Wrochny oraz Sekretarza Stanu w Ministerstwie Obrony Narodowej Cezarego Tomczyka.<\/p>\n<p class=\"paragraph-module\">Zak\u0142ad Inwestycji Organizacji Traktatu P\u00f3\u0142nocnoatlantyckiego to podleg\u0142a Ministrowi Obrony Narodowej jednostka odpowiedzialna za przygotowanie, realizacj\u0119 i nadz\u00f3r nad inwestycjami infrastrukturalnymi NATO w Polsce. Zajmuje si\u0119 m.in. planowaniem, koordynacj\u0105 oraz wdra\u017caniem projekt\u00f3w zwi\u0105zanych z budow\u0105 i modernizacj\u0105 obiekt\u00f3w s\u0142u\u017c\u0105cych celom obronnym, w tym ruroci\u0105g\u00f3w, magazyn\u00f3w paliw i innych element\u00f3w infrastruktury wspieraj\u0105cej si\u0142y Sojuszu.<\/p>\n<p class=\"paragraph-module\">PERN S.A. z siedzib\u0105 w P\u0142ocku to podmiot strategiczny dla bezpiecze\u0144stwa energetycznego Polski. Sp\u00f3\u0142ka zarz\u0105dza infrastruktur\u0105 krytyczn\u0105, odpowiadaj\u0105c m.in. za t\u0142oczenie ruroci\u0105gami ropy naftowej w Polsce do rafinerii Grupy Orlen w P\u0142ocku i w Gda\u0144sku, a tak\u017ce do dw\u00f3ch rafinerii w Niemczech: Schwedt i Leuna, oraz za magazynowanie w swych bazach na terenie ca\u0142ego kraju surowca i paliw p\u0142ynnych.<\/p>\n<p class=\"paragraph-module\">W Polsce PERN S.A. zarz\u0105dza sieci\u0105 ponad 2,5 tys. km ruroci\u0105g\u00f3w naftowych, ale te\u017c produktowych, oraz posiada 19 baz paliw, kt\u00f3rych pojemno\u015b\u0107 wynosi w sumie oko\u0142o 2,7 mln metr\u00f3w sze\u015bc., a tak\u017ce cztery bazy ropy naftowej o \u0142\u0105cznej pojemno\u015bci ponad 4,1 mln metr\u00f3w sze\u015bc.<\/p>\n","protected":false},"excerpt":{"rendered":"Defence24 2 pa\u017adziernika 2025, 18:17 Polska\u00a0w pi\u0105tek\u00a0podpisze\u00a0wst\u0119pne porozumienie dotycz\u0105ce realizacji programu rozbudowy krajowej infrastruktury paliwowej w celu przy\u0142\u0105czenia&hellip;\n","protected":false},"author":2,"featured_media":29279,"comment_status":"","ping_status":"","sticky":false,"template":"","format":"standard","meta":{"footnotes":""},"categories":[16],"tags":[425,113,112,8660,1587,160,42,38,40,951,39,41],"class_list":{"0":"post-29278","1":"post","2":"type-post","3":"status-publish","4":"format-standard","5":"has-post-thumbnail","7":"category-biznes","8":"tag-bezpieczenstwo","9":"tag-biznes","10":"tag-business","11":"tag-ministerstwo-obrony-narodowej","12":"tag-mon","13":"tag-nato","14":"tag-pl","15":"tag-poland","16":"tag-polish","17":"tag-polityka-obronna","18":"tag-polska","19":"tag-polski"},"share_on_mastodon":{"url":"","error":""},"_links":{"self":[{"href":"https:\/\/www.europesays.com\/pl\/wp-json\/wp\/v2\/posts\/29278","targetHints":{"allow":["GET"]}}],"collection":[{"href":"https:\/\/www.europesays.com\/pl\/wp-json\/wp\/v2\/posts"}],"about":[{"href":"https:\/\/www.europesays.com\/pl\/wp-json\/wp\/v2\/types\/post"}],"author":[{"embeddable":true,"href":"https:\/\/www.europesays.com\/pl\/wp-json\/wp\/v2\/users\/2"}],"replies":[{"embeddable":true,"href":"https:\/\/www.europesays.com\/pl\/wp-json\/wp\/v2\/comments?post=29278"}],"version-history":[{"count":0,"href":"https:\/\/www.europesays.com\/pl\/wp-json\/wp\/v2\/posts\/29278\/revisions"}],"wp:featuredmedia":[{"embeddable":true,"href":"https:\/\/www.europesays.com\/pl\/wp-json\/wp\/v2\/media\/29279"}],"wp:attachment":[{"href":"https:\/\/www.europesays.com\/pl\/wp-json\/wp\/v2\/media?parent=29278"}],"wp:term":[{"taxonomy":"category","embeddable":true,"href":"https:\/\/www.europesays.com\/pl\/wp-json\/wp\/v2\/categories?post=29278"},{"taxonomy":"post_tag","embeddable":true,"href":"https:\/\/www.europesays.com\/pl\/wp-json\/wp\/v2\/tags?post=29278"}],"curies":[{"name":"wp","href":"https:\/\/api.w.org\/{rel}","templated":true}]}}