{"id":292880,"date":"2026-03-06T21:17:43","date_gmt":"2026-03-06T21:17:43","guid":{"rendered":"https:\/\/www.europesays.com\/pl\/292880\/"},"modified":"2026-03-06T21:17:43","modified_gmt":"2026-03-06T21:17:43","slug":"gwiazdy-kina-w-sejmie-cielecka-zebrowski-olbrychski-i-seweryn-oddali-wyjatkowy-hold","status":"publish","type":"post","link":"https:\/\/www.europesays.com\/pl\/292880\/","title":{"rendered":"Gwiazdy kina w Sejmie. Cielecka, \u017bebrowski, Olbrychski i Seweryn oddali wyj\u0105tkowy ho\u0142d"},"content":{"rendered":"<p>6 marca 2026 r. przypada setna rocznica urodzin <a href=\"https:\/\/plejada.pl\/temat\/andrzej-wajda-rezyser\/w7nvh0p\" id=\"a1538d8e-482c-4c64-8630-a709847fe113\" rel=\"nofollow noopener\" target=\"_blank\">Andrzeja Wajdy<\/a> \u2013 jednego z najwybitniejszych tw\u00f3rc\u00f3w polskiego kina. Re\u017cyser urodzi\u0142 si\u0119 6 marca 1926 r. i stworzy\u0142 dzie\u0142a, kt\u00f3re na trwa\u0142e zapisa\u0142y si\u0119 w historii filmu, opowiadaj\u0105c o polskiej historii, to\u017csamo\u015bci i moralnych dylematach kolejnych pokole\u0144. Do jego najwa\u017cniejszych film\u00f3w nale\u017c\u0105 m.in. &#8222;Kana\u0142&#8221;, &#8222;Popi\u00f3\u0142 i diament&#8221;, &#8222;Ziemia obiecana&#8221;, &#8222;Cz\u0142owiek z marmuru&#8221;, &#8222;Cz\u0142owiek z \u017celaza&#8221; czy &#8222;Katy\u0144&#8221;.<\/p>\n<p>Filmy Andrzeja Wajdy zdobywa\u0142y liczne nagrody na ca\u0142ym \u015bwiecie, a sam re\u017cyser zosta\u0142 uhonorowany Oscarem za ca\u0142okszta\u0142t tw\u00f3rczo\u015bci, pozostaj\u0105c symbolem polskiej kultury filmowej i jednym z tw\u00f3rc\u00f3w, kt\u00f3rzy w najwi\u0119kszym stopniu ukszta\u0142towali jej mi\u0119dzynarodow\u0105 pozycj\u0119.<\/p>\n<p>      Dalszy ci\u0105g artyku\u0142u pod materia\u0142em wideo    <\/p>\n<p> Jakie gwiazdy polskiego kina by\u0142y obecne w Sejmie? <\/p>\n<p> Co by\u0142o powodem uroczysto\u015bci w Sejmie? <\/p>\n<p> Jakie filmy stworzy\u0142 Andrzej Wajda? <\/p>\n<p> Czym uhonorowano Andrzeja Wajd\u0119 w roku 2026? <\/p>\n<p>W setn\u0105 rocznic\u0119 urodzin oraz dziesi\u0105t\u0105 rocznic\u0119 \u015bmierci wybitnego artysty Senat ustanowi\u0142 rok 2026 &#8222;Rokiem Andrzeja Wajdy&#8221;. 6 marca 2026 r. w Sejmie odby\u0142a si\u0119 konferencja pod nazw\u0105 &#8222;Andrzej Wajda 2026. Setna rocznica urodzin Mistrza&#8221;, zorganizowana przez marsza\u0142ka Sejmu W\u0142odzimierza Czarzastego, marsza\u0142ek Senatu Ma\u0142gorzat\u0119 Kidaw\u0119-B\u0142o\u0144sk\u0105 oraz Daniela Olbrychskiego.<\/p>\n<p>     W czasie uroczysto\u015bci prowadzonej przez <a href=\"https:\/\/plejada.pl\/temat\/tomasz-raczek\/0ryzdqn\" id=\"6b2db059-8cc2-4082-932e-04ea3dacf806\" rel=\"nofollow noopener\" target=\"_blank\">Tomasza Raczka<\/a> zaprezentowano m.in. projekt specjalnego znaczka pocztowego, wykonanego przez <a href=\"https:\/\/plejada.pl\/temat\/andrzej-pagowski\/plcw8pm\" id=\"f255d019-3ae7-4db6-bd46-af2ec4a15a0d\" rel=\"nofollow noopener\" target=\"_blank\">Andrzeja P\u0105gowskiego<\/a>. Odby\u0142 si\u0119 tak\u017ce specjalny panel dyskusyjny, w kt\u00f3rym udzia\u0142 wzi\u0119\u0142y gwiazdy, kt\u00f3re wyst\u0119powa\u0142y w filmach mistrza, m.in. jak: <a href=\"https:\/\/plejada.pl\/temat\/janusz-gajos-aktor\/2kh47fz\" id=\"25ac5f52-f703-4523-a2b5-0cd91a15c380\" rel=\"nofollow noopener\" target=\"_blank\">Janusz Gajos<\/a>, <a href=\"https:\/\/plejada.pl\/temat\/magdalena-cielecka-aktorka\/vv4qrky\" id=\"191cd355-4e3e-4efc-8c0a-124f73583216\" rel=\"nofollow noopener\" target=\"_blank\">Magdalena Cielecka<\/a>, Borys Lankosz, <a href=\"https:\/\/plejada.pl\/temat\/andrzej-seweryn-aktor\/dcnmvj8\" id=\"9b02d9a1-219b-45da-b264-977ab390b282\" rel=\"nofollow noopener\" target=\"_blank\">Andrzej Seweryn<\/a>, Micha\u0142 \u017bebrowski, <a href=\"https:\/\/plejada.pl\/temat\/grazyna-szapolowska-aktorka\/t5mr4vx\" id=\"5e8a9943-3036-43eb-9213-61da5b216988\" rel=\"nofollow noopener\" target=\"_blank\">Gra\u017cyna Szapo\u0142owska<\/a>, Robert Wi\u0119ckiewicz, Katarzyna Figura, Jerzy Radziwi\u0142owicz, Emilia Krakowska oraz <a href=\"https:\/\/plejada.pl\/temat\/daniel-olbrychski-aktor\/jfw2f7r\" id=\"f7764920-a304-4ae1-9f4f-70cd06741849\" rel=\"nofollow noopener\" target=\"_blank\">Daniel Olbrychski<\/a> i wielu innych znakomitych go\u015bci.Plejada gwiazd w Sejmie. Arty\u015bci oddali ho\u0142d Andrzejowi Wajdzie   1\/42 Ma\u0142gorzata Kidawa-B\u0142o\u0144ska       <img class=\"ods-a-photo ods-a-photo--background\" src=\"https:\/\/www.europesays.com\/pl\/wp-content\/uploads\/2026\/03\/WbBk9lGaHR0cHM6Ly9vY2RuLmV1L3B1bHNjbXMvTURBXy82Yjg3NTRlOS1hNWJkLTRlNmEtYWYxMS1iOGI1NmZkNWIwZWUuanBlZ.jpeg\" height=\"627\" width=\"940\" alt=\"Ma\u0142gorzata Kidawa-B\u0142o\u0144ska\" loading=\"lazy\" fetchpriority=\"auto\" decoding=\"auto\"\/>    <\/p>\n<p>PAP\/Albert Zawada<\/p>\n<p>         2\/42 W\u0142odzimierz Czarzasty       <img class=\"ods-a-photo ods-a-photo--background\" src=\"https:\/\/www.europesays.com\/pl\/wp-content\/uploads\/2026\/03\/KKSk9lGaHR0cHM6Ly9vY2RuLmV1L3B1bHNjbXMvTURBXy9kMzY1ZDRmMi04YTIzLTQ5NmMtOGJjZC1hMWExM2JjY2VlNTIuanBlZ.jpeg\" height=\"627\" width=\"940\" alt=\"W\u0142odzimierz Czarzasty\" loading=\"lazy\" fetchpriority=\"auto\" decoding=\"auto\"\/>    <\/p>\n<p>PAP\/Albert Zawada<\/p>\n<p>                3\/42 Andrzej P\u0105gowski, Sebastian Mikosz       <img class=\"ods-a-photo ods-a-photo--background\" src=\"https:\/\/www.europesays.com\/pl\/wp-content\/uploads\/2026\/03\/tyPk9lGaHR0cHM6Ly9vY2RuLmV1L3B1bHNjbXMvTURBXy8zNDY4MmQ3OS1jYjIyLTRlMDMtODdjYy04N2ZjYmRiNWNlYTIuanBlZ.jpeg\" height=\"627\" width=\"940\" alt=\"Andrzej P\u0105gowski, Sebastian Mikosz\" loading=\"lazy\" fetchpriority=\"auto\" decoding=\"auto\"\/>    <\/p>\n<p>PAP\/Albert Zawada<\/p>\n<p>         4\/42 Andrzej P\u0105gowski       <img class=\"ods-a-photo ods-a-photo--background\" src=\"https:\/\/www.europesays.com\/pl\/wp-content\/uploads\/2026\/03\/rGRk9lGaHR0cHM6Ly9vY2RuLmV1L3B1bHNjbXMvTURBXy9kZjdhZWFmZi00OTEwLTQzOWQtOTY3Yi04MDRiZjQ1ZWVhYzMuanBlZ.jpeg\" height=\"627\" width=\"940\" alt=\"Andrzej P\u0105gowski\" loading=\"lazy\" fetchpriority=\"auto\" decoding=\"auto\"\/>    <\/p>\n<p>PAP\/Albert Zawada<\/p>\n<p>                5\/42 Borys Lankosz, Magdalena Cielecka, Tomasz Raczek       <img class=\"ods-a-photo ods-a-photo--background\" src=\"https:\/\/www.europesays.com\/pl\/wp-content\/uploads\/2026\/03\/Hhbk9lGaHR0cHM6Ly9vY2RuLmV1L3B1bHNjbXMvTURBXy9iNzFkZGUyOC02OWQ4LTRmZTQtOTc5OS1lZDNlMzI1YWJmNzguanBlZ.jpeg\" height=\"627\" width=\"940\" alt=\"Borys Lankosz, Magdalena Cielecka, Tomasz Raczek\" loading=\"lazy\" fetchpriority=\"auto\" decoding=\"auto\"\/>    <\/p>\n<p>PAP\/Albert Zawada<\/p>\n<p>         6\/42 Panel dyskusyjny w ramach konferencji &#8222;Andrzej Wajda 2026. Setna rocznica urodzin Mistrza&#8221;       <img class=\"ods-a-photo ods-a-photo--background\" src=\"https:\/\/www.europesays.com\/pl\/wp-content\/uploads\/2026\/03\/_o7k9lGaHR0cHM6Ly9vY2RuLmV1L3B1bHNjbXMvTURBXy9hZWFmNWVlMi03YTljLTQ0YjItOTM0Yi1lN2I3YTQzZjZkOWQuanBlZ.jpeg\" height=\"627\" width=\"940\" alt=\"Panel dyskusyjny w ramach konferencji &quot;Andrzej Wajda 2026. Setna rocznica urodzin Mistrza&quot;\" loading=\"lazy\" fetchpriority=\"auto\" decoding=\"auto\"\/>    <\/p>\n<p>PAP\/Albert Zawada<\/p>\n<p>                7\/42 Panel dyskusyjny w ramach konferencji &#8222;Andrzej Wajda 2026. Setna rocznica urodzin Mistrza&#8221;       <img class=\"ods-a-photo ods-a-photo--background\" src=\"https:\/\/www.europesays.com\/pl\/wp-content\/uploads\/2026\/03\/UHCk9lGaHR0cHM6Ly9vY2RuLmV1L3B1bHNjbXMvTURBXy82NzdlZWRkYS03MmM0LTRjY2ItOWJkMi1mNjNkODgwODU3MzAuanBlZ.jpeg\" height=\"627\" width=\"940\" alt=\"Panel dyskusyjny w ramach konferencji &quot;Andrzej Wajda 2026. Setna rocznica urodzin Mistrza&quot;\" loading=\"lazy\" fetchpriority=\"auto\" decoding=\"auto\"\/>    <\/p>\n<p>PAP\/Albert Zawada<\/p>\n<p>         8\/42 Daniel Olbrychski       <img class=\"ods-a-photo ods-a-photo--background\" src=\"https:\/\/www.europesays.com\/pl\/wp-content\/uploads\/2026\/03\/-Cpk9lGaHR0cHM6Ly9vY2RuLmV1L3B1bHNjbXMvTURBXy9kNGMzOWQ4My0yOGQyLTQyNWUtOGZmZC03MzY2MmVhYjRlYzIuanBlZ.jpeg\" height=\"627\" width=\"940\" alt=\"Daniel Olbrychski\" loading=\"lazy\" fetchpriority=\"auto\" decoding=\"auto\"\/>    <\/p>\n<p>PAP\/Albert Zawada<\/p>\n<p>                9\/42 Andrzej Seweryn       <img class=\"ods-a-photo ods-a-photo--background\" src=\"https:\/\/www.europesays.com\/pl\/wp-content\/uploads\/2026\/03\/p91k9lGaHR0cHM6Ly9vY2RuLmV1L3B1bHNjbXMvTURBXy84MzJjYzNiZS1iZDU5LTRhNDEtYWE2ZS05M2NjZmY1NDg5ZGEuanBlZ.jpeg\" height=\"627\" width=\"940\" alt=\"Andrzej Seweryn\" loading=\"lazy\" fetchpriority=\"auto\" decoding=\"auto\"\/>    <\/p>\n<p>PAP\/Albert Zawada<\/p>\n<p>         10\/42 Borys Lankosz       <img class=\"ods-a-photo ods-a-photo--background\" src=\"https:\/\/www.europesays.com\/pl\/wp-content\/uploads\/2026\/03\/ELQk9lGaHR0cHM6Ly9vY2RuLmV1L3B1bHNjbXMvTURBXy8xYzMwM2IzNS1lNzgzLTQ5MTItYTNmNC0xY2RiNjdiODI2Y2MuanBlZ.jpeg\" height=\"627\" width=\"940\" alt=\"Borys Lankosz\" loading=\"lazy\" fetchpriority=\"auto\" decoding=\"auto\"\/>    <\/p>\n<p>PAP\/Albert Zawada<\/p>\n<p>                11\/42 Grzegorz \u0141oszewski        <img class=\"ods-a-photo ods-a-photo--background\" src=\"https:\/\/www.europesays.com\/pl\/wp-content\/uploads\/2026\/03\/oQRk9lGaHR0cHM6Ly9vY2RuLmV1L3B1bHNjbXMvTURBXy80YWZlM2FiZS0yMDMxLTRkM2QtYmMyNC00MzM5ZDI2NjdhOWQuanBlZ.jpeg\" height=\"627\" width=\"940\" alt=\"Grzegorz \u0141oszewski \" loading=\"lazy\" fetchpriority=\"auto\" decoding=\"auto\"\/>    <\/p>\n<p>PAP\/Albert Zawada<\/p>\n<p>         12\/42 Marzena Mr\u00f3z       <img class=\"ods-a-photo ods-a-photo--background\" src=\"https:\/\/www.europesays.com\/pl\/wp-content\/uploads\/2026\/03\/wrOk9lGaHR0cHM6Ly9vY2RuLmV1L3B1bHNjbXMvTURBXy82NTVjMzYxNC1mNzA0LTRmYTctYWUzNy02ODlhM2M3NGJhZDAuanBlZ.jpeg\" height=\"627\" width=\"940\" alt=\"Marzena Mr\u00f3z\" loading=\"lazy\" fetchpriority=\"auto\" decoding=\"auto\"\/>    <\/p>\n<p>PAP\/Albert Zawada<\/p>\n<p>                13\/42 Tomasz Raczek       <img class=\"ods-a-photo ods-a-photo--background\" src=\"https:\/\/www.europesays.com\/pl\/wp-content\/uploads\/2026\/03\/WFuk9lGaHR0cHM6Ly9vY2RuLmV1L3B1bHNjbXMvTURBXy9lM2U2NjQzMS02MjA4LTQ2OWYtOTdmNC02YjMyZTc3ZTZjYWUuanBlZ.jpeg\" height=\"627\" width=\"940\" alt=\"Tomasz Raczek\" loading=\"lazy\" fetchpriority=\"auto\" decoding=\"auto\"\/>    <\/p>\n<p>PAP\/Albert Zawada<\/p>\n<p>         14\/42 Natasza Parzymies       <img class=\"ods-a-photo ods-a-photo--background\" src=\"https:\/\/www.europesays.com\/pl\/wp-content\/uploads\/2026\/03\/4cmk9lGaHR0cHM6Ly9vY2RuLmV1L3B1bHNjbXMvTURBXy8zNTBiNDBlOS0yNjAxLTQyZTUtYjlkYS05YzFkZGY1YmVmNzAuanBlZ.jpeg\" height=\"627\" width=\"940\" alt=\"Natasza Parzymies\" loading=\"lazy\" fetchpriority=\"auto\" decoding=\"auto\"\/>    <\/p>\n<p>PAP\/Albert Zawada<\/p>\n<p>                15\/42 Micha\u0142 \u017bebrowski       <img class=\"ods-a-photo ods-a-photo--background\" src=\"https:\/\/www.europesays.com\/pl\/wp-content\/uploads\/2026\/03\/Ci7k9lGaHR0cHM6Ly9vY2RuLmV1L3B1bHNjbXMvTURBXy9iOWRkYTUxMy0zNDZhLTRjNTQtYTJlNy0yMjM4MzZmNTdkYTkuanBlZ.jpeg\" height=\"627\" width=\"940\" alt=\"Micha\u0142 \u017bebrowski\" loading=\"lazy\" fetchpriority=\"auto\" decoding=\"auto\"\/>    <\/p>\n<p>PAP\/Albert Zawada<\/p>\n<p>         16\/42 Magdalena Cielecka       <img class=\"ods-a-photo ods-a-photo--background\" src=\"https:\/\/www.europesays.com\/pl\/wp-content\/uploads\/2026\/03\/xe6k9lGaHR0cHM6Ly9vY2RuLmV1L3B1bHNjbXMvTURBXy8xNjExY2Y4Yi1lZDVlLTRjNDQtOTE0ZS1mNWY5MzYxYjI2MGIuanBlZ.jpeg\" height=\"627\" width=\"940\" alt=\"Magdalena Cielecka\" loading=\"lazy\" fetchpriority=\"auto\" decoding=\"auto\"\/>    <\/p>\n<p>PAP\/Albert Zawada<\/p>\n<p>                17\/42 Sebastian Mikosz       <img class=\"ods-a-photo ods-a-photo--background\" src=\"https:\/\/www.europesays.com\/pl\/wp-content\/uploads\/2026\/03\/wn3k9lGaHR0cHM6Ly9vY2RuLmV1L3B1bHNjbXMvTURBXy9iNTYyY2Y2MC0wOTVkLTQ2ODctYjc5YS04NjA0NDcyMGEyODMuanBlZ.jpeg\" height=\"627\" width=\"940\" alt=\"Sebastian Mikosz\" loading=\"lazy\" fetchpriority=\"auto\" decoding=\"auto\"\/>    <\/p>\n<p>PAP\/Albert Zawada<\/p>\n<p>         18\/42 Micha\u0142 \u017bebrowski, Natasza Parzymies, Andrzej Seweryn, Borys Lankosz, Magdalena Cielecka i Tomasz Raczek       <img class=\"ods-a-photo ods-a-photo--background\" src=\"https:\/\/www.europesays.com\/pl\/wp-content\/uploads\/2026\/03\/KU4k9lGaHR0cHM6Ly9vY2RuLmV1L3B1bHNjbXMvTURBXy8zMTMzZDliMi00YTI4LTQ3MmEtOWUyMC01N2ExNGRkZjJjOTMuanBlZ.jpeg\" height=\"627\" width=\"940\" alt=\"Micha\u0142 \u017bebrowski, Natasza Parzymies, Andrzej Seweryn, Borys Lankosz, Magdalena Cielecka i Tomasz Raczek\" loading=\"lazy\" fetchpriority=\"auto\" decoding=\"auto\"\/>    <\/p>\n<p>PAP\/Albert Zawada<\/p>\n<p>                19\/42 Wicemarsza\u0142ek Sejmu Dorota Niedziela,  wicemarsza\u0142ek Senatu Magdalena Biejat, szef Kancelarii Sejmu Marek Siwiec       <img class=\"ods-a-photo ods-a-photo--background\" src=\"https:\/\/www.europesays.com\/pl\/wp-content\/uploads\/2026\/03\/Y6uk9lGaHR0cHM6Ly9vY2RuLmV1L3B1bHNjbXMvTURBXy9iOWY5MmRiZS02Y2FlLTQ5YTUtYTU5ZC05ODJjNWQ2ODQwNmMuanBlZ.jpeg\" height=\"627\" width=\"940\" alt=\"Wicemarsza\u0142ek Sejmu Dorota Niedziela,  wicemarsza\u0142ek Senatu Magdalena Biejat, szef Kancelarii Sejmu Marek Siwiec\" loading=\"lazy\" fetchpriority=\"auto\" decoding=\"auto\"\/>    <\/p>\n<p>PAP\/Albert Zawada<\/p>\n<p>         20\/42 Jerzy Radziwi\u0142owicz z \u017con\u0105 Ew\u0105 Markowsk\u0105-Radziwi\u0142owicz i Janusz Gajos z \u017con\u0105 El\u017cbiet\u0105 Gajos       <img class=\"ods-a-photo ods-a-photo--background\" src=\"https:\/\/www.europesays.com\/pl\/wp-content\/uploads\/2026\/03\/hjyk9lGaHR0cHM6Ly9vY2RuLmV1L3B1bHNjbXMvTURBXy8zNzA2ODhhZi1kNmEzLTQ1YzEtOTE3NS1kM2EzNzhhZmIxMTQuanBlZ.jpeg\" height=\"627\" width=\"940\" alt=\"Jerzy Radziwi\u0142owicz z \u017con\u0105 Ew\u0105 Markowsk\u0105-Radziwi\u0142owicz i Janusz Gajos z \u017con\u0105 El\u017cbiet\u0105 Gajos\" loading=\"lazy\" fetchpriority=\"auto\" decoding=\"auto\"\/>    <\/p>\n<p>PAP\/Albert Zawada<\/p>\n<p>                21\/42 Jerzy Radziwi\u0142owicz, Ewa Markowska-Radziwi\u0142owicz, Robert Wi\u0119ckiewicz       <img class=\"ods-a-photo ods-a-photo--background\" src=\"https:\/\/www.europesays.com\/pl\/wp-content\/uploads\/2026\/03\/IEzk9lGaHR0cHM6Ly9vY2RuLmV1L3B1bHNjbXMvTURBXy82NGUyNjVjMS02MmRkLTQ4OTktYmU2Yi0wYTAwOTljM2E3MTUuanBlZ.jpeg\" height=\"627\" width=\"940\" alt=\"Jerzy Radziwi\u0142owicz, Ewa Markowska-Radziwi\u0142owicz, Robert Wi\u0119ckiewicz\" loading=\"lazy\" fetchpriority=\"auto\" decoding=\"auto\"\/>    <\/p>\n<p>PAP\/Albert Zawada<\/p>\n<p>         22\/42 Olgierd \u0141ukaszewicz       <img class=\"ods-a-photo ods-a-photo--background\" src=\"https:\/\/www.europesays.com\/pl\/wp-content\/uploads\/2026\/03\/2E3k9lGaHR0cHM6Ly9vY2RuLmV1L3B1bHNjbXMvTURBXy81ZjViYTE0OS05NDkzLTQyNjgtYjEwYy00MDQ5Y2NlMTBkNTcuanBlZ.jpeg\" height=\"627\" width=\"940\" alt=\"Olgierd \u0141ukaszewicz\" loading=\"lazy\" fetchpriority=\"auto\" decoding=\"auto\"\/>    <\/p>\n<p>PAP\/Albert Zawada<\/p>\n<p>                23\/42 Jerzy Radziwi\u0142owicz, Ewa Markowska-Radziwi\u0142owicz, El\u017cbieta Gajos       <img class=\"ods-a-photo ods-a-photo--background\" src=\"https:\/\/www.europesays.com\/pl\/wp-content\/uploads\/2026\/03\/uBOk9lGaHR0cHM6Ly9vY2RuLmV1L3B1bHNjbXMvTURBXy8xZmUwYzU2My03Y2VkLTQ1ODktYTYxNS05Yzc3Y2ZmYjNlMzUuanBlZ.jpeg\" height=\"627\" width=\"940\" alt=\"Jerzy Radziwi\u0142owicz, Ewa Markowska-Radziwi\u0142owicz, El\u017cbieta Gajos\" loading=\"lazy\" fetchpriority=\"auto\" decoding=\"auto\"\/>    <\/p>\n<p>PAP\/Albert Zawada<\/p>\n<p>         24\/42 Katarzyna Figura       <img class=\"ods-a-photo ods-a-photo--background\" src=\"https:\/\/www.europesays.com\/pl\/wp-content\/uploads\/2026\/03\/TTUk9lGaHR0cHM6Ly9vY2RuLmV1L3B1bHNjbXMvTURBXy84ZDc1MWRhNC05ZDhkLTQwODEtYjI4Yy01MDBiZTY0ZTBiZTUuanBlZ.jpeg\" height=\"800\" width=\"533\" alt=\"Katarzyna Figura\" loading=\"lazy\" fetchpriority=\"auto\" decoding=\"auto\"\/>    <\/p>\n<p>PAP\/Albert Zawada<\/p>\n<p>                25\/42 Emilia Krakowska       <img class=\"ods-a-photo ods-a-photo--background\" src=\"https:\/\/www.europesays.com\/pl\/wp-content\/uploads\/2026\/03\/6qlk9lGaHR0cHM6Ly9vY2RuLmV1L3B1bHNjbXMvTURBXy81MDNhNjM0ZC1mZWFjLTQ5ZWQtYjkyMy0wODIyZTBmNWJjY2MuanBlZ.jpeg\" height=\"627\" width=\"940\" alt=\"Emilia Krakowska\" loading=\"lazy\" fetchpriority=\"auto\" decoding=\"auto\"\/>    <\/p>\n<p>PAP\/Albert Zawada<\/p>\n<p>         26\/42 Allan Starski       <img class=\"ods-a-photo ods-a-photo--background\" src=\"https:\/\/www.europesays.com\/pl\/wp-content\/uploads\/2026\/03\/uyPk9lGaHR0cHM6Ly9vY2RuLmV1L3B1bHNjbXMvTURBXy9lYmRlNGY4Zi02ZGExLTQzM2YtYWVlNC1lNDhlNGY2ZjRhNDQuanBlZ.jpeg\" height=\"627\" width=\"940\" alt=\"Allan Starski\" loading=\"lazy\" fetchpriority=\"auto\" decoding=\"auto\"\/>    <\/p>\n<p>PAP\/Albert Zawada<\/p>\n<p>                27\/42 Andrzej Seweryn, Katarzyna Kubacka-Seweryn       <img class=\"ods-a-photo ods-a-photo--background\" src=\"https:\/\/www.europesays.com\/pl\/wp-content\/uploads\/2026\/03\/7cfk9lGaHR0cHM6Ly9vY2RuLmV1L3B1bHNjbXMvTURBXy8xNmE1YTA3Yy1mNWMyLTRmYWQtYmQ3NS05NzdjNWZmYTZiOWUuanBlZ.jpeg\" height=\"627\" width=\"940\" alt=\"Andrzej Seweryn, Katarzyna Kubacka-Seweryn\" loading=\"lazy\" fetchpriority=\"auto\" decoding=\"auto\"\/>    <\/p>\n<p>PAP\/Albert Zawada<\/p>\n<p>         28\/42 Magdalena Cielecka       <img class=\"ods-a-photo ods-a-photo--background\" src=\"https:\/\/www.europesays.com\/pl\/wp-content\/uploads\/2026\/03\/yUEk9lGaHR0cHM6Ly9vY2RuLmV1L3B1bHNjbXMvTURBXy9lMzViNGUxNS1kMmMxLTQ4MjUtYmZlNC01OTNlODM1ZDk1NjIuanBlZ.jpeg\" height=\"627\" width=\"940\" alt=\"Magdalena Cielecka\" loading=\"lazy\" fetchpriority=\"auto\" decoding=\"auto\"\/>    <\/p>\n<p>PAP\/Albert Zawada<\/p>\n<p>                29\/42 Olgierd \u0141ukaszewicz       <img class=\"ods-a-photo ods-a-photo--background\" src=\"https:\/\/www.europesays.com\/pl\/wp-content\/uploads\/2026\/03\/rwck9lGaHR0cHM6Ly9vY2RuLmV1L3B1bHNjbXMvTURBXy8xNTgwYTlkYi02ZDI1LTQ4OWMtYjAzNC0zOWRkYzdkYWZkNWUuanBlZ.jpeg\" height=\"627\" width=\"940\" alt=\"Olgierd \u0141ukaszewicz\" loading=\"lazy\" fetchpriority=\"auto\" decoding=\"auto\"\/>    <\/p>\n<p>PAP\/Albert Zawada<\/p>\n<p>         30\/42 Andrzej Seweryn, Magdalena Cielecka, Katarzyna Kubacka-Seweryn       <img class=\"ods-a-photo ods-a-photo--background\" src=\"https:\/\/www.europesays.com\/pl\/wp-content\/uploads\/2026\/03\/OlZk9lGaHR0cHM6Ly9vY2RuLmV1L3B1bHNjbXMvTURBXy8yYmM3NjU0My05MjdjLTQzOWItYTViZi03ZTM4MTYxOGM2ZjcuanBlZ.jpeg\" height=\"627\" width=\"940\" alt=\"Andrzej Seweryn, Magdalena Cielecka, Katarzyna Kubacka-Seweryn\" loading=\"lazy\" fetchpriority=\"auto\" decoding=\"auto\"\/>    <\/p>\n<p>PAP\/Albert Zawada<\/p>\n<p>                31\/42 Andrzej Seweryn, Magdalena Cielecka       <img class=\"ods-a-photo ods-a-photo--background\" src=\"https:\/\/www.europesays.com\/pl\/wp-content\/uploads\/2026\/03\/YPHk9lGaHR0cHM6Ly9vY2RuLmV1L3B1bHNjbXMvTURBXy9kMjdhYmY0Ny0xOTM2LTRkNmUtYjYwMi01NWUyNDI0OWIxOGMuanBlZ.jpeg\" height=\"627\" width=\"940\" alt=\"Andrzej Seweryn, Magdalena Cielecka\" loading=\"lazy\" fetchpriority=\"auto\" decoding=\"auto\"\/>    <\/p>\n<p>PAP\/Albert Zawada<\/p>\n<p>         32\/42 Micha\u0142 \u017bebrowski, Magdalena Cielecka       <img class=\"ods-a-photo ods-a-photo--background\" src=\"https:\/\/www.europesays.com\/pl\/wp-content\/uploads\/2026\/03\/2iVk9lGaHR0cHM6Ly9vY2RuLmV1L3B1bHNjbXMvTURBXy9lNmU1MGYyOS0yNjk0LTQzMjctYWE0OC05Y2M0MDk4NGJhMGUuanBlZ.jpeg\" height=\"627\" width=\"940\" alt=\"Micha\u0142 \u017bebrowski, Magdalena Cielecka\" loading=\"lazy\" fetchpriority=\"auto\" decoding=\"auto\"\/>    <\/p>\n<p>PAP\/Albert Zawada<\/p>\n<p>                33\/42 W\u0142odzimierz Czarzasty, Daniel Olbrychski       <img class=\"ods-a-photo ods-a-photo--background\" src=\"https:\/\/www.europesays.com\/pl\/wp-content\/uploads\/2026\/03\/58sk9lGaHR0cHM6Ly9vY2RuLmV1L3B1bHNjbXMvTURBXy9lZDdlNmFjNi1iYTQ3LTQ5NmYtOWFmYi1mZjQ3MzMwOTFhZTAuanBlZ.jpeg\" height=\"627\" width=\"940\" alt=\"W\u0142odzimierz Czarzasty, Daniel Olbrychski\" loading=\"lazy\" fetchpriority=\"auto\" decoding=\"auto\"\/>    <\/p>\n<p>PAP\/Albert Zawada<\/p>\n<p>         34\/42 Tomasz Raczek       <img class=\"ods-a-photo ods-a-photo--background\" src=\"https:\/\/www.europesays.com\/pl\/wp-content\/uploads\/2026\/03\/XtIk9lGaHR0cHM6Ly9vY2RuLmV1L3B1bHNjbXMvTURBXy83MjA4MTkyZS01ZjBlLTRjM2QtOTY4Ni1hYTRlZTA0NDFhZjguanBlZ.jpeg\" height=\"627\" width=\"940\" alt=\"Tomasz Raczek\" loading=\"lazy\" fetchpriority=\"auto\" decoding=\"auto\"\/>    <\/p>\n<p>PAP\/Albert Zawada<\/p>\n<p>                35\/42 Ma\u0142gorzata Kidawa-B\u0142o\u0144ska, Krystyna Demska-Olbrychska, Daniel Olbrychski, Karolina Wajda       <img class=\"ods-a-photo ods-a-photo--background\" src=\"https:\/\/www.europesays.com\/pl\/wp-content\/uploads\/2026\/03\/N2wk9lGaHR0cHM6Ly9vY2RuLmV1L3B1bHNjbXMvTURBXy9lMzQzOTQ0My00NGYyLTQyMmQtOTc5NC0wMWU5OTA2ZWI4MzQuanBlZ.jpeg\" height=\"627\" width=\"940\" alt=\"Ma\u0142gorzata Kidawa-B\u0142o\u0144ska, Krystyna Demska-Olbrychska, Daniel Olbrychski, Karolina Wajda\" loading=\"lazy\" fetchpriority=\"auto\" decoding=\"auto\"\/>    <\/p>\n<p>PAP\/Albert Zawada<\/p>\n<p>         36\/42 Daniel Olbrychski, Krystyna Demska-Olbrychska       <img class=\"ods-a-photo ods-a-photo--background\" src=\"https:\/\/www.europesays.com\/pl\/wp-content\/uploads\/2026\/03\/Ptik9lGaHR0cHM6Ly9vY2RuLmV1L3B1bHNjbXMvTURBXy80NDVkOTU2My1lMGZiLTQzNzYtYTU5NS0wMWUzYmFkMmQ2YTcuanBlZ.jpeg\" height=\"627\" width=\"940\" alt=\"Daniel Olbrychski, Krystyna Demska-Olbrychska\" loading=\"lazy\" fetchpriority=\"auto\" decoding=\"auto\"\/>    <\/p>\n<p>PAP\/Albert Zawada<\/p>\n<p>                37\/42 Gra\u017cyna Szapo\u0142owska       <img class=\"ods-a-photo ods-a-photo--background\" src=\"https:\/\/www.europesays.com\/pl\/wp-content\/uploads\/2026\/03\/ulzk9lGaHR0cHM6Ly9vY2RuLmV1L3B1bHNjbXMvTURBXy8wNDA2YWJhZC1lYTllLTQ3NTYtYmNhNi0zZjZjYTJhNGYyZmIuanBlZ.jpeg\" height=\"627\" width=\"940\" alt=\"Gra\u017cyna Szapo\u0142owska\" loading=\"lazy\" fetchpriority=\"auto\" decoding=\"auto\"\/>    <\/p>\n<p>PAP\/Albert Zawada<\/p>\n<p>         38\/42 Ma\u0142gorzata Kidawa-B\u0142o\u0144ska, Krystyna Demska-Olbrychska, Daniel Olbrychski, Karolina Wajda       <img class=\"ods-a-photo ods-a-photo--background\" src=\"https:\/\/www.europesays.com\/pl\/wp-content\/uploads\/2026\/03\/Brzk9lGaHR0cHM6Ly9vY2RuLmV1L3B1bHNjbXMvTURBXy9mOGE5NjRmMC02ZWI3LTQ5Y2EtYTM0ZS02MDA3MThlYmU4MzMuanBlZ.jpeg\" height=\"627\" width=\"940\" alt=\"Ma\u0142gorzata Kidawa-B\u0142o\u0144ska, Krystyna Demska-Olbrychska, Daniel Olbrychski, Karolina Wajda\" loading=\"lazy\" fetchpriority=\"auto\" decoding=\"auto\"\/>    <\/p>\n<p>PAP\/Albert Zawada<\/p>\n<p>                39\/42 Wystawa w ramach konferencji &#8222;Andrzej Wajda 2026. Setna rocznica urodzin Mistrza&#8221; w Sejmie       <img class=\"ods-a-photo ods-a-photo--background\" src=\"https:\/\/www.europesays.com\/pl\/wp-content\/uploads\/2026\/03\/Gkpk9lGaHR0cHM6Ly9vY2RuLmV1L3B1bHNjbXMvTURBXy85ZjE3MDI1YS01OTg0LTQxMjUtYjg3Mi1iNmZkZmE1NzMyZjMuanBlZ.jpeg\" height=\"627\" width=\"940\" alt=\"Wystawa w ramach konferencji &quot;Andrzej Wajda 2026. Setna rocznica urodzin Mistrza&quot; w Sejmie\" loading=\"lazy\" fetchpriority=\"auto\" decoding=\"auto\"\/>    <\/p>\n<p>PAP\/Albert Zawada<\/p>\n<p>         40\/42 Wystawa w ramach konferencji &#8222;Andrzej Wajda 2026. Setna rocznica urodzin Mistrza&#8221; w Sejmie       <img class=\"ods-a-photo ods-a-photo--background\" src=\"https:\/\/www.europesays.com\/pl\/wp-content\/uploads\/2026\/03\/TiAk9lGaHR0cHM6Ly9vY2RuLmV1L3B1bHNjbXMvTURBXy9mMGU0YzBmMS1kODdlLTQ2ZWMtOTlkYy1kNjdjZjJjZGRhMTUuanBlZ.jpeg\" height=\"627\" width=\"940\" alt=\"Wystawa w ramach konferencji &quot;Andrzej Wajda 2026. Setna rocznica urodzin Mistrza&quot; w Sejmie\" loading=\"lazy\" fetchpriority=\"auto\" decoding=\"auto\"\/>    <\/p>\n<p>PAP\/Albert Zawada<\/p>\n<p>                41\/42 Wystawa w ramach konferencji &#8222;Andrzej Wajda 2026. Setna rocznica urodzin Mistrza&#8221; w Sejmie       <img class=\"ods-a-photo ods-a-photo--background\" src=\"https:\/\/www.europesays.com\/pl\/wp-content\/uploads\/2026\/03\/iZrk9lGaHR0cHM6Ly9vY2RuLmV1L3B1bHNjbXMvTURBXy81YWRiNWI5Yy1mYjUyLTRmZjgtYWMxNC01NjVkMjIyMzA0MDguanBlZ.jpeg\" height=\"627\" width=\"940\" alt=\"Wystawa w ramach konferencji &quot;Andrzej Wajda 2026. Setna rocznica urodzin Mistrza&quot; w Sejmie\" loading=\"lazy\" fetchpriority=\"auto\" decoding=\"auto\"\/>    <\/p>\n<p>PAP\/Albert Zawada<\/p>\n<p>         42\/42 Znaczek wed\u0142ug projektu Andrzeja P\u0105gowskiego       <img class=\"ods-a-photo ods-a-photo--background\" src=\"https:\/\/www.europesays.com\/pl\/wp-content\/uploads\/2026\/03\/BMEk9lGaHR0cHM6Ly9vY2RuLmV1L3B1bHNjbXMvTURBXy9kMmU3NjZkZS0wMTAxLTQ5ODctYWM0Yy1mYjc4M2U2YzkwZjAuanBlZ.jpeg\" height=\"627\" width=\"940\" alt=\"Znaczek wed\u0142ug projektu Andrzeja P\u0105gowskiego\" loading=\"lazy\" fetchpriority=\"auto\" decoding=\"auto\"\/>    <\/p>\n<p>PAP\/Albert Zawada<\/p>\n<p>Dzi\u0119kujemy, \u017ce przeczyta\u0142a\u015b\/e\u015b nasz artyku\u0142 do ko\u0144ca. W serwisie Plejada.pl ka\u017cdego dnia piszemy o najwa\u017cniejszych wydarzeniach show-biznesowych. B\u0105d\u017a na bie\u017c\u0105co i obserwuj Plejad\u0119 w <a href=\"&quot;http:\/\/news.google.com\/publications\/CAAiEF0PeAlb7W1llpV_mwV2rL4qFAgKIhBdD3gJW-1tZZaVf5sFdqy-?hl=pl&amp;gl=PL&amp;ceid=PL%3Apl&quot;\">Wiadomo\u015bciach Google<\/a>. Odwied\u017a nas tak\u017ce na <a href=\"&quot;http:\/\/facebook.com\/plejadapl&quot;\">Facebooku<\/a> , <a href=\"&quot;http:\/\/instagram.com\/plejadapl\/&quot;\">Instagramie<\/a>, <a href=\"&quot;http:\/\/youtube.com\/c\/plejada&quot;\">YouTubie<\/a> i <a href=\"&quot;http:\/\/tiktok.com\/@plejada_pl&quot;\">TikToku<\/a>. <br \/>Chcesz podzieli\u0107 si\u0119 ciekawym newsem lub zaproponowa\u0107 temat? Skontaktuj si\u0119 z nami, pisz\u0105c maila na adres: plejada@redakcjaonet.pl.      <\/p>\n<p>Dzi\u0119kujemy, \u017ce przeczyta\u0142a\u015b\/e\u015b nasz artyku\u0142 do ko\u0144ca. W serwisie Plejada.pl ka\u017cdego dnia piszemy o najwa\u017cniejszych wydarzeniach show-biznesowych. B\u0105d\u017a na bie\u017c\u0105co i obserwuj Plejad\u0119 w <a href=\"http:\/\/news.google.com\/publications\/CAAiEF0PeAlb7W1llpV_mwV2rL4qFAgKIhBdD3gJW-1tZZaVf5sFdqy-?hl=pl&amp;gl=PL&amp;ceid=PL%3Apl\" rel=\"nofollow noopener\" target=\"_blank\">Wiadomo\u015bciach Google<\/a>. Odwied\u017a nas tak\u017ce na <a href=\"http:\/\/facebook.com\/plejadapl\" rel=\"nofollow noopener\" target=\"_blank\">Facebooku<\/a> , <a href=\"http:\/\/instagram.com\/plejadapl\/\" rel=\"nofollow noopener\" target=\"_blank\">Instagramie<\/a>, <a href=\"http:\/\/youtube.com\/c\/plejada\" rel=\"nofollow noopener\" target=\"_blank\">YouTubie<\/a> i <a href=\"http:\/\/tiktok.com\/@plejada_pl\" rel=\"nofollow noopener\" target=\"_blank\">TikToku<\/a>. <\/p>\n<p>Chcesz podzieli\u0107 si\u0119 ciekawym newsem lub zaproponowa\u0107 temat? Skontaktuj si\u0119 z nami, pisz\u0105c maila na adres: plejada@redakcjaonet.pl.<\/p>\n<p>  <script async src=\"\/\/www.instagram.com\/embed.js\"><\/script><script async src=\"\/\/www.tiktok.com\/embed.js\"><\/script><\/p>\n","protected":false},"excerpt":{"rendered":"6 marca 2026 r. przypada setna rocznica urodzin Andrzeja Wajdy \u2013 jednego z najwybitniejszych tw\u00f3rc\u00f3w polskiego kina. Re\u017cyser&hellip;\n","protected":false},"author":2,"featured_media":292881,"comment_status":"","ping_status":"","sticky":false,"template":"","format":"standard","meta":{"footnotes":"","_share_on_mastodon":"0"},"categories":[5],"tags":[30711,2394,32,33,4691,36,37,42024,27,6578,34,35,9132,18667,28,31,48,25,125,46,42,38,40,39,41,48075,48076,47,29,30,26,48074],"class_list":["post-292880","post","type-post","status-publish","format-standard","has-post-thumbnail","category-naglowki","tag-andrzej_seweryn","tag-andrzej_wajda","tag-breaking-news","tag-breakingnews","tag-daniel_olbrychski","tag-featured-news","tag-featurednews","tag-float_tst2","tag-headlines","tag-katarzyna_figura","tag-latest-news","tag-latestnews","tag-magdalena_cielecka","tag-michal_zebrowski","tag-naglowki","tag-najwazniejsze-artykuly","tag-nat_styl","tag-news","tag-newsy","tag-omp","tag-pl","tag-poland","tag-polish","tag-polska","tag-polski","tag-popiol_i_diament","tag-robert_wieckiewicz","tag-screening_general","tag-top-stories","tag-topstories","tag-wiadomosci","tag-ziemia_obiecana"],"share_on_mastodon":{"url":"","error":"Validation failed: Text character limit of 500 exceeded"},"_links":{"self":[{"href":"https:\/\/www.europesays.com\/pl\/wp-json\/wp\/v2\/posts\/292880","targetHints":{"allow":["GET"]}}],"collection":[{"href":"https:\/\/www.europesays.com\/pl\/wp-json\/wp\/v2\/posts"}],"about":[{"href":"https:\/\/www.europesays.com\/pl\/wp-json\/wp\/v2\/types\/post"}],"author":[{"embeddable":true,"href":"https:\/\/www.europesays.com\/pl\/wp-json\/wp\/v2\/users\/2"}],"replies":[{"embeddable":true,"href":"https:\/\/www.europesays.com\/pl\/wp-json\/wp\/v2\/comments?post=292880"}],"version-history":[{"count":0,"href":"https:\/\/www.europesays.com\/pl\/wp-json\/wp\/v2\/posts\/292880\/revisions"}],"wp:featuredmedia":[{"embeddable":true,"href":"https:\/\/www.europesays.com\/pl\/wp-json\/wp\/v2\/media\/292881"}],"wp:attachment":[{"href":"https:\/\/www.europesays.com\/pl\/wp-json\/wp\/v2\/media?parent=292880"}],"wp:term":[{"taxonomy":"category","embeddable":true,"href":"https:\/\/www.europesays.com\/pl\/wp-json\/wp\/v2\/categories?post=292880"},{"taxonomy":"post_tag","embeddable":true,"href":"https:\/\/www.europesays.com\/pl\/wp-json\/wp\/v2\/tags?post=292880"}],"curies":[{"name":"wp","href":"https:\/\/api.w.org\/{rel}","templated":true}]}}