{"id":293238,"date":"2026-03-07T02:45:18","date_gmt":"2026-03-07T02:45:18","guid":{"rendered":"https:\/\/www.europesays.com\/pl\/293238\/"},"modified":"2026-03-07T02:45:18","modified_gmt":"2026-03-07T02:45:18","slug":"wielkopolska-ko-przed-wyborami-kulisy-naglego-wzrostu-liczby-czlonkow","status":"publish","type":"post","link":"https:\/\/www.europesays.com\/pl\/293238\/","title":{"rendered":"Wielkopolska KO przed wyborami. Kulisy nag\u0142ego wzrostu liczby cz\u0142onk\u00f3w"},"content":{"rendered":"\n<p class=\"ods-o-frame-in-text__paragraph\"> W skr\u00f3cie:<\/p>\n<ul class=\"ods-m-bullet-list\">\n<li class=\"ods-a-bullet ods-a-bullet--normal\"> W Koalicji Obywatelskiej trwaj\u0105 wybory od najni\u017cszych szczebli a\u017c po w\u0142adze wojew\u00f3dzkie <\/li>\n<li class=\"ods-a-bullet ods-a-bullet--normal\"> W po\u0142owie lutego 2026 r. pojawi\u0142y si\u0119 sygna\u0142y o nietypowych ruchach w strukturach partii <\/li>\n<li class=\"ods-a-bullet ods-a-bullet--normal\"> Dzia\u0142acze partii informowali, \u017ce w Poznaniu i powiecie trwa masowe &#8222;pompowanie k\u00f3\u0142&#8221;. Ponad 100 os\u00f3b z Inicjatywy Polskiej do\u0142\u0105czy\u0142o do wielkopolskiej KO tu\u017c przed wyborami wewn\u0119trznymi <\/li>\n<li class=\"ods-a-bullet ods-a-bullet--normal\"> Najwi\u0119cej kontrowersji dotyczy\u0142o k\u00f3\u0142 w Poznaniu, Je\u017cycach i Tarnowie Podg\u00f3rnym, gdzie dosz\u0142o do masowego dopisywania cz\u0142onk\u00f3w <\/li>\n<li class=\"ods-a-bullet ods-a-bullet--normal\"> Z pisma jednej z dzia\u0142aczek KO, do kt\u00f3rego dotar\u0142 Onet, wynika, \u017ce podobna sytuacja mog\u0142a mie\u0107 miejsce w Krotoszynie <\/li>\n<li class=\"ods-a-bullet ods-a-bullet--normal\"> W pa\u017adzierniku 2025 r. Platforma Obywatelska po\u0142\u0105czy\u0142a si\u0119 z Nowoczesn\u0105 i Inicjatyw\u0105 Polsk\u0105, tworz\u0105c Koalicj\u0119 Obywatelsk\u0105 <\/li>\n<\/ul>\n<p>W Koalicji Obywatelskiej trwaj\u0105 wybory od najni\u017cszych szczebli a\u017c po w\u0142adze wojew\u00f3dzkie. Pierwsze sygna\u0142y o nietypowych ruchach w strukturach KO pojawi\u0142y si\u0119 w po\u0142owie lutego. Dzia\u0142acze partii informowali, \u017ce w Poznaniu i powiecie trwa masowe &#8222;pompowanie k\u00f3\u0142&#8221;. W regionie prawo g\u0142osu ma oko\u0142o 2 tys. cz\u0142onk\u00f3w, a po rezygnacji Rafa\u0142a Grupi\u0144skiego o przyw\u00f3dztwo walcz\u0105 pos\u0142owie Marcin Bosacki i Jaros\u0142aw Urbaniak.<\/p>\n<p> Dalszy ci\u0105g artyku\u0142u pod materia\u0142em wideo    <\/p>\n<p> Ilu nowych cz\u0142onk\u00f3w przyby\u0142o do Koalicji Obywatelskiej? <\/p>\n<p> Jakie kontrowersje dotycz\u0105 k\u00f3\u0142 w Poznaniu? <\/p>\n<p> Co m\u00f3wi statut Koalicji Obywatelskiej o prawie g\u0142osu? <\/p>\n<p> Jakie dzia\u0142ania podejmowane s\u0105 w Krotoszynie w zwi\u0105zku z nowymi cz\u0142onkami? <\/p>\n<p>  Specjalne zasady dla nowych cz\u0142onk\u00f3w<\/p>\n<p>W pa\u017adzierniku 2025 r. Platforma Obywatelska po\u0142\u0105czy\u0142a si\u0119 z Nowoczesn\u0105 i Inicjatyw\u0105 Polsk\u0105, tworz\u0105c Koalicj\u0119 Obywatelsk\u0105. W jej statucie znalaz\u0142 si\u0119 zapis, \u017ce prawo g\u0142osu w wyborach wewn\u0119trznych maj\u0105 cz\u0142onkowie z co najmniej p\u00f3\u0142rocznym sta\u017cem i bez zaleg\u0142o\u015bci w sk\u0142adkach powy\u017cej trzech miesi\u0119cy. Mia\u0142o to zapobiec masowemu przyjmowaniu nowych os\u00f3b tu\u017c przed g\u0142osowaniami. Jednak w przypadku cz\u0142onk\u00f3w Nowoczesnej i Inicjatywy Polskiej wprowadzono wyj\u0105tek \u2014 mogli oni przepisa\u0107 si\u0119 do KO bez okresu karencji, wystarczy\u0142o z\u0142o\u017cy\u0107 deklaracj\u0119 i o\u015bwiadczenie \u2014 donosi &#8222;GW&#8221;.<\/p>\n<p>Jeden z polityk\u00f3w KO z regionu przyzna\u0142, \u017ce nie pami\u0119ta \u017cadnego dzia\u0142acza Inicjatywy Polskiej, kt\u00f3ry wcze\u015bniej anga\u017cowa\u0142by si\u0119 w dzia\u0142ania partii. Ust\u0119puj\u0105cy szef wielkopolskich struktur KO, Rafa\u0142 Grupi\u0144ski, informowa\u0142, \u017ce po zjednoczeniu partia zyska\u0142a ponad 200 nowych cz\u0142onk\u00f3w \u2014 oko\u0142o 100 z Nowoczesnej i ponad 100 z Inicjatywy Polskiej.<\/p>\n<p>Nowoczesna od lat by\u0142a silna w Poznaniu, skupiona wok\u00f3\u0142 swojego lidera Adama Sz\u0142apki, a jej cz\u0142onkowie aktywnie uczestniczyli w kampaniach i zasiadali w radach. Wielu z nich do\u0142\u0105czy\u0142o do ko\u0142a KO na Wildzie, kt\u00f3rego przewodnicz\u0105cym zosta\u0142 Bart\u0142omiej Ignaszewski, radny miejski z Nowoczesnej.<\/p>\n<p>Nag\u0142e zmiany w ko\u0142ach i pr\u00f3by przej\u0119\u0107<\/p>\n<p>Zupe\u0142nie inaczej wygl\u0105da\u0142a sytuacja z cz\u0142onkami Inicjatywy Polskiej, kt\u00f3rzy masowo zapisali si\u0119 m.in. do ko\u0142a na Je\u017cycach. Tam wybory przewodnicz\u0105cego nie przebiega\u0142y ju\u017c w duchu porozumienia. Zwyci\u0119\u017cy\u0142 Jakub Kucharczyk, zdobywaj\u0105c 72 proc. g\u0142os\u00f3w, jednak kulisy g\u0142osowania budzi\u0142y wiele emocji.<\/p>\n<p>Wed\u0142ug polityk\u00f3w KO Marek Niedba\u0142a, by\u0142y pose\u0142 SLD i szef Inicjatywy Polskiej w Poznaniu, mia\u0142 pr\u00f3bowa\u0107 przej\u0105\u0107 w\u0142adz\u0119 w kole na Je\u017cycach, wsp\u00f3\u0142pracuj\u0105c z Bartoszem Zawiej\u0105, pos\u0142em KO i szefem pozna\u0144skich struktur. Plan zak\u0142ada\u0142 dopisanie kilkudziesi\u0119ciu cz\u0142onk\u00f3w Inicjatywy Polskiej do ko\u0142a, jednak Kucharczyk zorientowa\u0142 si\u0119 w sytuacji i interweniowa\u0142 w biurze zarz\u0105du KO. W efekcie cz\u0119\u015b\u0107 nowych cz\u0142onk\u00f3w nie zosta\u0142a przyj\u0119ta \u2014 donosi &#8222;Wyborcza&#8221;.<\/p>\n<p>Dzia\u0142acze KO twierdz\u0105, \u017ce przej\u0119cie ko\u0142a na Je\u017cycach by\u0142o elementem szerszego planu, w kt\u00f3rym Niedba\u0142a i jego ludzie mieli poprze\u0107 w wyborach Bartosza Zawiej\u0119, \u0141ukasza Zarzyckiego i Jaros\u0142awa Urbaniaka. Sam Niedba\u0142a okre\u015bli\u0142 &#8222;dopisywanie&#8221; jako niefortunne sformu\u0142owanie i podkre\u015bli\u0142, \u017ce przepisywanie cz\u0142onk\u00f3w odbywa\u0142o si\u0119 zgodnie z decyzj\u0105 zarz\u0105du krajowego.<\/p>\n<p>Nie tylko Jakub Kucharczyk interweniowa\u0142 w sprawie masowego dopisywania cz\u0142onk\u00f3w Inicjatywy Polskiej. Zaniepokojeni byli tak\u017ce senator Waldy Dzikowski i Rafa\u0142 Grupi\u0144ski. Ostatecznie do wielkopolskiej KO przyj\u0119to ponad 100 os\u00f3b z Inicjatywy Polskiej, cho\u0107 ch\u0119tnych by\u0142o ponad 200.<\/p>\n<p>Przej\u0119cie matecznika senatora i reakcje dzia\u0142aczy<\/p>\n<p>W Tarnowie Podg\u00f3rnym, mateczniku senatora Waldy Dzikowskiego, wybory na szefa ko\u0142a przegra\u0142 Bernard Bro\u0144ski, jego zaufany wsp\u00f3\u0142pracownik. Dzie\u0144 przed g\u0142osowaniem otrzyma\u0142 list\u0119 11 os\u00f3b przepisanych z Inicjatywy Polskiej, z kt\u00f3rych wi\u0119kszo\u015b\u0107 zapisa\u0142a si\u0119 w ostatnich tygodniach.<\/p>\n<p>Bro\u0144ski uwa\u017ca, \u017ce dopisywanie nowych cz\u0142onk\u00f3w by\u0142o elementem gry politycznej, maj\u0105cej na celu wsparcie konkretnych kandydat\u00f3w w wyborach. Wed\u0142ug niego, cz\u0142onk\u00f3w z Inicjatywy Polskiej dopisano do k\u00f3\u0142 przeciwnych staro\u015bcie Janowi Grabkowskiemu i popieranemu przez niego \u0141ukaszowi Zarzyckiemu, a dzia\u0142ania te odbywa\u0142y si\u0119 w porozumieniu z Markiem Niedba\u0142\u0105 \u2014 donosi &#8222;GW&#8221;.<\/p>\n<p>Zarzycki, odnosz\u0105c si\u0119 do tych zarzut\u00f3w, stwierdzi\u0142, \u017ce nie podoba mu si\u0119 wewn\u0119trzna kampania napuszczania jednych na drugich i podkre\u015bli\u0142, \u017ce je\u015bli s\u0105 w\u0105tpliwo\u015bci co do zasadno\u015bci przyj\u0119cia nowych cz\u0142onk\u00f3w, odpowiednie organy mog\u0105 to wyja\u015bni\u0107. Jego zdaniem, liczba nowych cz\u0142onk\u00f3w nie wp\u0142ynie znacz\u0105co na wynik wybor\u00f3w w powiecie pozna\u0144skim.<\/p>\n<p>Ostatecznie w wyborach regionalnych ka\u017cdy cz\u0142onek KO ma jeden g\u0142os, a ko\u0142a nie decyduj\u0105 jako ca\u0142o\u015b\u0107. Jaros\u0142aw Urbaniak, pytany o ca\u0142\u0105 sytuacj\u0119, odpowiedzia\u0142, \u017ce s\u0105 to &#8222;bardzo dziwne i nieprawdopodobne informacje, prawdopodobnie rozsiewane przez przeciwnik\u00f3w politycznych&#8221;.<\/p>\n<p>Nieudane przej\u0119cia i kontrowersje w innych ko\u0142ach<\/p>\n<p>Podobne pr\u00f3by przej\u0119cia k\u00f3\u0142 mia\u0142y miejsce tak\u017ce w innych miejscowo\u015bciach. W Luboniu cz\u0142onkowie przepisywani z Inicjatywy Polskiej przej\u0119li niewielkie ko\u0142o, natomiast w Dopiewie pr\u00f3ba ta si\u0119 nie powiod\u0142a. Przewodnicz\u0105cy Andrzej Stra\u017cy\u0144ski wyja\u015bnia\u0142, \u017ce jego ko\u0142o liczy\u0142o 15 aktywnych cz\u0142onk\u00f3w, a ostatnio przyj\u0119to kilka nowych os\u00f3b, kt\u00f3re musz\u0105 jednak odczeka\u0107 p\u00f3\u0142 roku na prawo g\u0142osu. W przypadku cz\u0142onk\u00f3w Inicjatywy Polskiej sytuacja by\u0142a inna \u2014 decyzj\u0105 sekretarza dopisano \u0142\u0105cznie 18 os\u00f3b, z kt\u00f3rych cz\u0119\u015b\u0107 nie by\u0142a mieszka\u0144cami gminy. Stra\u017cy\u0144ski uzna\u0142, \u017ce by\u0142 to zorganizowany przerzut cz\u0142onk\u00f3w, poniewa\u017c podobne sytuacje mia\u0142y miejsce w innych ko\u0142ach.<\/p>\n<p>Kontrowersyjna sytuacja mia\u0142a miejsce r\u00f3wnie\u017c w Krotoszynie. Onet dotar\u0142 do pisma jednej z dzia\u0142aczek, adresowanego do Marcina Bosackiego, obecnego wiceministra spraw zagranicznych, ale te\u017c pos\u0142a pochodz\u0105cego z Poznania, kt\u00f3ry r\u00f3wnie\u017c walczy o przyw\u00f3dztwo w partii w regionie.<\/p>\n<p>&#8222;W Krotoszynie dotychczas nie funkcjonowa\u0142y struktury Inicjatywy Barbary Nowackiej. Nikt o nich nie s\u0142ysza\u0142. W zwi\u0105zku z tym informacja, \u017ce ko\u0142o to powsta\u0142o ju\u017c po zjednoczeniu Platformy i Inicjatywy oraz Nowoczesnej wywo\u0142a\u0142a we mnie ogromne zdziwienie, a z kolei to, \u017ce jego cz\u0142onkowie posiadaj\u0105 czynne prawo wyborcze w wewn\u0119trznych wyborach w koalicji wywo\u0142a\u0142o moje oburzenie, ale r\u00f3wnie\u017c zachwia\u0142o wiar\u0105 w demokracj\u0119, przejrzysto\u015b\u0107 i sens jakichkolwiek dzia\u0142a\u0144 w koalicji&#8221; \u2014 czytamy w nim.<\/p>\n<p>Dzia\u0142aczka informuje w pi\u015bmie, \u017ce 1 stycznia br. w jednej z restauracji odby\u0142o si\u0119 zebranie za\u0142o\u017cycielskie ko\u0142a Inicjatywy. Wed\u0142ug jej relacji w jego trakcie &#8222;rozmawiano o tym, \u017ce jest konieczno\u015b\u0107 utworzenia ko\u0142a i podpisania deklaracji z dat\u0105 wsteczn\u0105 (tak, aby by\u0142a to data sprzed Zjednoczenia Platformy Obywatelskiej, Inicjatywy Barbary Nowackiej i Nowoczesnej), gdy\u017c po tej dacie by\u0142oby to bezzasadne&#8221;.<\/p>\n<p>     &#8222;To budzi nasz sprzeciw moralny, ale te\u017c uwa\u017camy, \u017ce nast\u0105pi\u0142o tu przekroczenie prawa&#8221;<\/p>\n<p>&#8222;Przewodnicz\u0105cym Ko\u0142a Inicjatywy zosta\u0142 Pan Maciej Soba\u0144ski, kt\u00f3ry by\u0142 przewodnicz\u0105cym m\u0142odzie\u017c\u00f3wki PO, czyli krotoszy\u0144skiego oddzia\u0142u stowarzyszenia M\u0142odzi Demokraci, startowa\u0142 r\u00f3wnie\u017c w wyborach samorz\u0105dowych z listy Platformy oraz jest spo\u0142ecznym asystentem pani senator Ewy Mateckiej (KO) z Ostrowa Wlkp.&#8221; \u2014 czytamy w pi\u015bmie.<\/p>\n<p>Dzia\u0142aczka wymienia r\u00f3wnie\u017c inne osoby, kt\u00f3re znalaz\u0142y si\u0119 w tym kole, a kt\u00f3re w przesz\u0142o\u015bci zwi\u0105zane by\u0142y z PO, a w szczeg\u00f3lno\u015bci z pos\u0142em Jaros\u0142awem Urbaniakiem.<\/p>\n<p>&#8222;W zwi\u0105zku z powy\u017cszym w mojej opinii i cz\u0142onk\u00f3w ko\u0142a nr 1 w Krotoszynie, ko\u0142o Inicjatywy zosta\u0142o za\u0142o\u017cone po to, by zdoby\u0107 wi\u0119cej g\u0142os\u00f3w i unikn\u0105\u0107 6\u2011miesi\u0119cznej karencji mi\u0119dzy przyj\u0119ciem w struktury KO, a wcze\u015bniej PO i uzyskaniem czynnego prawa wyborczego, co wprost oznacza, \u017ce dzia\u0142anie te zosta\u0142y podj\u0119te po to, by wp\u0142yn\u0105\u0107 na wyniki wybor\u00f3w wewn\u0119trznych zar\u00f3wno w powiecie, jak i w regionie. W innym przypadku osoby, kt\u00f3re wesz\u0142y w sk\u0142ad ko\u0142a Inicjatywy, nie mia\u0142yby prawa g\u0142osu. W tych wyborach Inicjatywy nie obowi\u0105zuje okres karencji i Statut Koalicji&#8221; \u2014 czytamy w pi\u015bmie.<\/p>\n<p>&#8222;Powy\u017cej przedstawione informacje w opinii cz\u0142onk\u00f3w naszego ko\u0142a i mojej osobistej budz\u0105 ogromny sprzeciw nie tylko moralny, ale r\u00f3wnie\u017c uwa\u017camy, \u017ce nast\u0105pi\u0142o tu przekroczenie prawa i ju\u017c dzi\u015b zapowiadamy podj\u0119cie stosownych krok\u00f3w prawnych, gdyby ta sytuacja nie zosta\u0142a wyja\u015bniona na niwie partyjnej&#8221; \u2014 ostrzega polityczka, dodaj\u0105c, \u017ce nie wyklucza z\u0142o\u017cenia stosownych informacji do prokuratury.<\/p>\n<p>Reakcje w\u0142adz KO i brak jednoznacznych odpowiedzi<\/p>\n<p>Bartosz Zawieja, pytany przez &#8222;GW&#8221; o ca\u0142\u0105 sytuacj\u0119, nie odni\u00f3s\u0142 si\u0119 bezpo\u015brednio do zarzut\u00f3w. W odpowiedzi mailowej podkre\u015bli\u0142, \u017ce proces \u0142\u0105czenia struktur przebieg\u0142 zgodnie z wytycznymi Zarz\u0105du Krajowego, a do blisko 1000 cz\u0142onk\u00f3w by\u0142ej PO w Poznaniu do\u0142\u0105czy\u0142o oko\u0142o 80 os\u00f3b z Nowoczesnej oraz 30 z Inicjatywy Polskiej.<\/p>\n<p>Wed\u0142ug jednego z rozm\u00f3wc\u00f3w &#8222;Wyborczej&#8221; Zawieja i tak mia\u0142by wystarczaj\u0105ce poparcie w mie\u015bcie bez wsparcia ludzi z Inicjatywy Polskiej, a ca\u0142a operacja mia\u0142a wi\u0119ksze znaczenie na poziomie powiatu pozna\u0144skiego, gdzie dopisa\u0142o si\u0119 wi\u0119cej nowych cz\u0142onk\u00f3w.<\/p>\n<p>Pr\u00f3by uzyskania szczeg\u00f3\u0142owych informacji na temat liczby os\u00f3b przepisanych do wielkopolskiej KO z Inicjatywy Polskiej nie przynios\u0142y jednoznacznych odpowiedzi. Biuro zarz\u0105du regionu i biuro krajowe partii nie udzieli\u0142y precyzyjnych danych, a dyrektor biura wielkopolskiej KO, Szymon S\u0142omi\u0144ski, potwierdzi\u0142 jedynie, \u017ce osoby te wybiera\u0142y najwi\u0119ksze struktury w regionie \u2014 miasto Pozna\u0144 i powiat pozna\u0144ski.<\/p>\n","protected":false},"excerpt":{"rendered":"W skr\u00f3cie: W Koalicji Obywatelskiej trwaj\u0105 wybory od najni\u017cszych szczebli a\u017c po w\u0142adze wojew\u00f3dzkie W po\u0142owie lutego 2026&hellip;\n","protected":false},"author":2,"featured_media":293239,"comment_status":"","ping_status":"","sticky":false,"template":"","format":"standard","meta":{"footnotes":"","_share_on_mastodon":"0"},"categories":[12],"tags":[32,33,36,37,27,7210,34,35,28,31,48,25,46,42,8926,38,40,39,41,1817,47,29,30,26],"class_list":["post-293238","post","type-post","status-publish","format-standard","has-post-thumbnail","category-polska","tag-breaking-news","tag-breakingnews","tag-featured-news","tag-featurednews","tag-headlines","tag-koalicja_obywatelska","tag-latest-news","tag-latestnews","tag-naglowki","tag-najwazniejsze-artykuly","tag-nat_styl","tag-news","tag-omp","tag-pl","tag-platforma_obywatelska","tag-poland","tag-polish","tag-polska","tag-polski","tag-poznan","tag-screening_general","tag-top-stories","tag-topstories","tag-wiadomosci"],"share_on_mastodon":{"url":"https:\/\/pubeurope.com\/@pl\/116185604029995307","error":""},"_links":{"self":[{"href":"https:\/\/www.europesays.com\/pl\/wp-json\/wp\/v2\/posts\/293238","targetHints":{"allow":["GET"]}}],"collection":[{"href":"https:\/\/www.europesays.com\/pl\/wp-json\/wp\/v2\/posts"}],"about":[{"href":"https:\/\/www.europesays.com\/pl\/wp-json\/wp\/v2\/types\/post"}],"author":[{"embeddable":true,"href":"https:\/\/www.europesays.com\/pl\/wp-json\/wp\/v2\/users\/2"}],"replies":[{"embeddable":true,"href":"https:\/\/www.europesays.com\/pl\/wp-json\/wp\/v2\/comments?post=293238"}],"version-history":[{"count":0,"href":"https:\/\/www.europesays.com\/pl\/wp-json\/wp\/v2\/posts\/293238\/revisions"}],"wp:featuredmedia":[{"embeddable":true,"href":"https:\/\/www.europesays.com\/pl\/wp-json\/wp\/v2\/media\/293239"}],"wp:attachment":[{"href":"https:\/\/www.europesays.com\/pl\/wp-json\/wp\/v2\/media?parent=293238"}],"wp:term":[{"taxonomy":"category","embeddable":true,"href":"https:\/\/www.europesays.com\/pl\/wp-json\/wp\/v2\/categories?post=293238"},{"taxonomy":"post_tag","embeddable":true,"href":"https:\/\/www.europesays.com\/pl\/wp-json\/wp\/v2\/tags?post=293238"}],"curies":[{"name":"wp","href":"https:\/\/api.w.org\/{rel}","templated":true}]}}