{"id":293519,"date":"2026-03-07T08:00:07","date_gmt":"2026-03-07T08:00:07","guid":{"rendered":"https:\/\/www.europesays.com\/pl\/293519\/"},"modified":"2026-03-07T08:00:07","modified_gmt":"2026-03-07T08:00:07","slug":"rosja-zbombardowala-wiezowiec-w-charkowie-sa-ofiary-smiertelne","status":"publish","type":"post","link":"https:\/\/www.europesays.com\/pl\/293519\/","title":{"rendered":"Rosja zbombardowa\u0142a wie\u017cowiec w Charkowie. S\u0105 ofiary \u015bmiertelne"},"content":{"rendered":"<p>W nocy z pi\u0105tku na sobot\u0119 Rosja przeprowadzi\u0142a kolejny zmasowany atak na Ukrain\u0119, wykorzystuj\u0105c zar\u00f3wno drony, jak i rakiety balistyczne. Jak podaje &#8222;Ukrai\u0144ska Prawda&#8221;, powo\u0142uj\u0105c si\u0119 na informacje od dow\u00f3dc\u00f3w Si\u0142 Powietrznych i Si\u0142 Zbrojnych Ukrainy oraz mer\u00f3w Kijowa i Charkowa, w wyniku ostrza\u0142u wie\u017cowca w Charkowie odnaleziono cia\u0142a o\u015bmiu os\u00f3b<\/p>\n<p> Ile ofiar \u015bmiertelnych jest w Charkowie? <\/p>\n<p> Co obecnie dzieje si\u0119 na miejscu ataku? <\/p>\n<p> Jakie dzia\u0142ania podj\u0119\u0142o polskie wojsko? <\/p>\n<p> Czy w gruzach mog\u0105 by\u0107 jeszcze ludzie? <\/p>\n<p>Pod gruzami wci\u0105\u017c mog\u0105 znajdowa\u0107 si\u0119 ludzie. Akcja poszukiwawczo-ratownicza trwa. &#8222;W miejscu ostrza\u0142u znaleziono cia\u0142o 13-letniej dziewczynki (&#8230;) Mamy informacje o kolejnym zabitym dziecku w Charkowie. Spod gruz\u00f3w wydobyto cia\u0142o ch\u0142opca. (&#8230;) trwaj\u0105 poszukiwania&#8221; \u2014 napisa\u0142 w komunikatorze Telegram O\u0142eh Syniehubow, szef wojskowej administracji obwodu charkowskiego na wschodzie Ukrainy.<\/p>\n<p>     Polska poderwa\u0142a my\u015bliwce<\/p>\n<p>Z powodu rosyjskiego ataku polskie wojsko poderwa\u0142o my\u015bliwce. &#8222;Uwaga. W zwi\u0105zku z atakami rakietowymi Federacji Rosyjskiej, wykonuj\u0105cej uderzenia na terytorium Ukrainy, rozpocz\u0119\u0142o si\u0119 operowanie wojskowego lotnictwa w naszej przestrzeni powietrznej&#8221; \u2014 poda\u0142o Dow\u00f3dztwo Operacyjne Rodzaj\u00f3w Si\u0142 Zbrojnych.<\/p>\n<p>Oko\u0142o godz. 5 alarm zosta\u0142 odwo\u0142any. &#8222;Uruchomione naziemne systemy obrony powietrznej oraz rozpoznania radiolokacyjnego powr\u00f3ci\u0142y do standardowej dzia\u0142alno\u015bci operacyjnej&#8221; \u2014 czytamy w komunikacie.<\/p>\n","protected":false},"excerpt":{"rendered":"W nocy z pi\u0105tku na sobot\u0119 Rosja przeprowadzi\u0142a kolejny zmasowany atak na Ukrain\u0119, wykorzystuj\u0105c zar\u00f3wno drony, jak i&hellip;\n","protected":false},"author":2,"featured_media":293520,"comment_status":"","ping_status":"","sticky":false,"template":"","format":"standard","meta":{"footnotes":"","_share_on_mastodon":"0"},"categories":[12],"tags":[32,33,3468,36,37,27,76,1239,34,35,28,31,48,25,46,42,38,40,39,41,47,80,29,30,26,3146],"class_list":["post-293519","post","type-post","status-publish","format-standard","has-post-thumbnail","category-polska","tag-breaking-news","tag-breakingnews","tag-charkow","tag-featured-news","tag-featurednews","tag-headlines","tag-inwazja_rosji_na_ukraine","tag-kijow","tag-latest-news","tag-latestnews","tag-naglowki","tag-najwazniejsze-artykuly","tag-nat_styl","tag-news","tag-omp","tag-pl","tag-poland","tag-polish","tag-polska","tag-polski","tag-screening_general","tag-swiat","tag-top-stories","tag-topstories","tag-wiadomosci","tag-wojsko_polskie"],"share_on_mastodon":{"url":"https:\/\/pubeurope.com\/@pl\/116186842644138495","error":""},"_links":{"self":[{"href":"https:\/\/www.europesays.com\/pl\/wp-json\/wp\/v2\/posts\/293519","targetHints":{"allow":["GET"]}}],"collection":[{"href":"https:\/\/www.europesays.com\/pl\/wp-json\/wp\/v2\/posts"}],"about":[{"href":"https:\/\/www.europesays.com\/pl\/wp-json\/wp\/v2\/types\/post"}],"author":[{"embeddable":true,"href":"https:\/\/www.europesays.com\/pl\/wp-json\/wp\/v2\/users\/2"}],"replies":[{"embeddable":true,"href":"https:\/\/www.europesays.com\/pl\/wp-json\/wp\/v2\/comments?post=293519"}],"version-history":[{"count":0,"href":"https:\/\/www.europesays.com\/pl\/wp-json\/wp\/v2\/posts\/293519\/revisions"}],"wp:featuredmedia":[{"embeddable":true,"href":"https:\/\/www.europesays.com\/pl\/wp-json\/wp\/v2\/media\/293520"}],"wp:attachment":[{"href":"https:\/\/www.europesays.com\/pl\/wp-json\/wp\/v2\/media?parent=293519"}],"wp:term":[{"taxonomy":"category","embeddable":true,"href":"https:\/\/www.europesays.com\/pl\/wp-json\/wp\/v2\/categories?post=293519"},{"taxonomy":"post_tag","embeddable":true,"href":"https:\/\/www.europesays.com\/pl\/wp-json\/wp\/v2\/tags?post=293519"}],"curies":[{"name":"wp","href":"https:\/\/api.w.org\/{rel}","templated":true}]}}