{"id":293577,"date":"2026-03-07T08:33:16","date_gmt":"2026-03-07T08:33:16","guid":{"rendered":"https:\/\/www.europesays.com\/pl\/293577\/"},"modified":"2026-03-07T08:33:16","modified_gmt":"2026-03-07T08:33:16","slug":"ida-ciezkie-czasy-dla-branzy-smartfonow-widmo-poteznych-spadkow-sprzedazy","status":"publish","type":"post","link":"https:\/\/www.europesays.com\/pl\/293577\/","title":{"rendered":"Id\u0105 ci\u0119\u017ckie czasy dla bran\u017cy smartfon\u00f3w. Widmo pot\u0119\u017cnych spadk\u00f3w sprzeda\u017cy"},"content":{"rendered":"<p>Jak wynika z analizy przygotowanej przez firm\u0119 Omdia, w 2026 roku sprzeda\u017c smartfon\u00f3w w uj\u0119ciu globalnym ma spa\u015b\u0107 a\u017c o 7 proc. w uj\u0119ciu rok do roku. Na ten stan rzeczy zapracuje przede wszystkim jeden element.<\/p>\n<p> Jakie s\u0105 prognozy dotycz\u0105ce sprzeda\u017cy smartfon\u00f3w w 2026 roku? <\/p>\n<p> Co wp\u0142ywa na spadek sprzeda\u017cy smartfon\u00f3w? <\/p>\n<p> Jakie firmy przedstawiaj\u0105 r\u00f3\u017cne prognozy dotycz\u0105ce rynku smartfon\u00f3w? <\/p>\n<p> Jak sytuacja geopolityczna wp\u0142ywa na bran\u017c\u0119 smartfon\u00f3w? <\/p>\n<p>  <a href=\"https:\/\/www.komputerswiat.pl\/komputery-i-laptopy\/podzespoly\/ceny-pamieci-ram-rosna-przez-ai-eksperci-nie-maja-dobrych-wiesci\/vchs4jq\" id=\"5a893b00-6bc2-44d4-9414-fe8169f47e5a\" rel=\"nofollow noopener\" target=\"_blank\">Mowa oczywi\u015bcie o pami\u0119ciach: RAM oraz wewn\u0119trznej<\/a>. Wzrosty ich cen powoduj\u0105, \u017ce wielu producent\u00f3w ma problemy z zapewnieniem odpowiednich dostaw tych podzespo\u0142\u00f3w, a zwi\u0119kszone koszty produkcji przek\u0142adaj\u0105 si\u0119 tak\u017ce na cen\u0119 finalnego efektu w postaci urz\u0105dzenia. <\/p>\n<p>To oczywi\u015bcie oznacza, \u017ce wiele os\u00f3b mo\u017ce zdecydowa\u0107 si\u0119 na od\u0142o\u017cenie w czasie decyzji o kupnie nowego smartfona. Analitycy zwracaj\u0105 tak\u017ce na niestabiln\u0105 sytuacj\u0119 geopolityczn\u0105 na szybko rozwijaj\u0105cym si\u0119 rynku Bliskiego Wschodu. Wysokie ceny energii oraz morskiego frachtu, spowodowane przez konflikt mi\u0119dzy USA i Izraelem a Iranem, mo\u017ce tak\u017ce zauwa\u017calnie zwi\u0119kszy\u0107 koszty produkcji i dystrybucji.<\/p>\n<p>Warto jednak zwr\u00f3ci\u0107 uwag\u0119 na fakt, \u017ce stanowisko analityk\u00f3w firmy Omdia i tak jest znacznie bardziej pozytywne, ni\u017c dw\u00f3ch innych o\u015brodk\u00f3w badawczych. Counterpoint Research przewiduje spadek sprzeda\u017cy w por\u00f3wnaniu do 2025 r. o 12,4 proc., z kolei IDC \u2014 12,9 proc.<\/p>\n","protected":false},"excerpt":{"rendered":"Jak wynika z analizy przygotowanej przez firm\u0119 Omdia, w 2026 roku sprzeda\u017c smartfon\u00f3w w uj\u0119ciu globalnym ma spa\u015b\u0107&hellip;\n","protected":false},"author":2,"featured_media":293578,"comment_status":"","ping_status":"","sticky":false,"template":"","format":"standard","meta":{"footnotes":"","_share_on_mastodon":"0"},"categories":[16],"tags":[113,112,6204,48,46,42,38,40,39,41,47,6205],"class_list":["post-293577","post","type-post","status-publish","format-standard","has-post-thumbnail","category-biznes","tag-biznes","tag-business","tag-mobile","tag-nat_styl","tag-omp","tag-pl","tag-poland","tag-polish","tag-polska","tag-polski","tag-screening_general","tag-smartfony"],"share_on_mastodon":{"url":"https:\/\/pubeurope.com\/@pl\/116186972372131642","error":""},"_links":{"self":[{"href":"https:\/\/www.europesays.com\/pl\/wp-json\/wp\/v2\/posts\/293577","targetHints":{"allow":["GET"]}}],"collection":[{"href":"https:\/\/www.europesays.com\/pl\/wp-json\/wp\/v2\/posts"}],"about":[{"href":"https:\/\/www.europesays.com\/pl\/wp-json\/wp\/v2\/types\/post"}],"author":[{"embeddable":true,"href":"https:\/\/www.europesays.com\/pl\/wp-json\/wp\/v2\/users\/2"}],"replies":[{"embeddable":true,"href":"https:\/\/www.europesays.com\/pl\/wp-json\/wp\/v2\/comments?post=293577"}],"version-history":[{"count":0,"href":"https:\/\/www.europesays.com\/pl\/wp-json\/wp\/v2\/posts\/293577\/revisions"}],"wp:featuredmedia":[{"embeddable":true,"href":"https:\/\/www.europesays.com\/pl\/wp-json\/wp\/v2\/media\/293578"}],"wp:attachment":[{"href":"https:\/\/www.europesays.com\/pl\/wp-json\/wp\/v2\/media?parent=293577"}],"wp:term":[{"taxonomy":"category","embeddable":true,"href":"https:\/\/www.europesays.com\/pl\/wp-json\/wp\/v2\/categories?post=293577"},{"taxonomy":"post_tag","embeddable":true,"href":"https:\/\/www.europesays.com\/pl\/wp-json\/wp\/v2\/tags?post=293577"}],"curies":[{"name":"wp","href":"https:\/\/api.w.org\/{rel}","templated":true}]}}