{"id":293705,"date":"2026-03-07T10:10:09","date_gmt":"2026-03-07T10:10:09","guid":{"rendered":"https:\/\/www.europesays.com\/pl\/293705\/"},"modified":"2026-03-07T10:10:09","modified_gmt":"2026-03-07T10:10:09","slug":"zuzel-wygadal-sie-po-kilku-kolejkach-usiadl-do-rozmow-z-nowym-klubem-mowi-o-tajnym-spotkaniu","status":"publish","type":"post","link":"https:\/\/www.europesays.com\/pl\/293705\/","title":{"rendered":"\u017bu\u017cel. Wygada\u0142 si\u0119! Po kilku kolejkach usiad\u0142 do rozm\u00f3w z nowym klubem. M\u00f3wi o tajnym spotkaniu"},"content":{"rendered":"\n<p class=\"contentpart contentpart--default contentpart--text\" data-position=\"1\"><a href=\"https:\/\/sportowefakty.wp.pl\/zuzel\/jason-doyle\" rel=\"nofollow noopener\" target=\"_blank\">Jason Doyle<\/a>\u00a0powraca do <a href=\"https:\/\/sportowefakty.wp.pl\/zuzel\/wilki-krosno\" rel=\"nofollow noopener\" target=\"_blank\">Cellfast Wilk\u00f3w Krosno<\/a>\u00a0i ma by\u0107 jednym z ogniw, kt\u00f3re poprowadz\u0105 klub z Podkarpacia do fina\u0142u <a href=\"https:\/\/sportowefakty.wp.pl\/zuzel\/i-liga\" rel=\"nofollow noopener\" target=\"_blank\">Metalkas 2. Ekstraligi<\/a>, a w nim wykona prac\u0119, kt\u00f3ra pozwoli pokona\u0107 rywala w najwa\u017cniejszym dwumeczu sezonu.<\/p>\n<p class=\"contentpart contentpart--default contentpart--text\" data-position=\"2\">W rozmowie z klubowymi mediami Australijczyk odkry\u0142 kulisy negocjacji w sprawie powrotu do klubu z Krosna.\u00a0&#8211; To by\u0142o do\u015b\u0107 tajne spotkanie. Odbyli\u015bmy je po meczu we Wroc\u0142awiu, spotka\u0142em si\u0119 wtedy z dwiema osobami z klubu, by porozmawia\u0107 o przysz\u0142ym sezonie &#8211; m\u00f3wi otwarcie.<\/p>\n<p>  <img decoding=\"async\" src=\"https:\/\/v.wpimg.pl\/X3dwLnN2d1IFFTpdYUl6R0ZNbgcnEHQREVV2TGEGbUtRT2MdOlZ2RBQUKABgQjQcDRotCStBd1IAAWMeIlM7VgwYIAorQAdEFFk_GCkQJQ\" alt=\"\" width=\"45\" height=\"58\" loading=\"lazy\"\/>  <\/p>\n<p class=\"contentpart contentpart--default contentpart--text\" data-position=\"3\">ZOBACZ WIDEO: Artiom \u0141aguta nie chcia\u0142 czeka\u0107 na Poloni\u0119. Kulisy numeru startowego w Sparcie<\/p>\n<p class=\"contentpart contentpart--default contentpart--text\" data-position=\"5\">Spotkanie Krono-Plast W\u0142\u00f3kniarza Cz\u0119stochowa we Wroc\u0142awiu odby\u0142o si\u0119 30 maja, wi\u0119c\u00a0ju\u017c wtedy tak naprawd\u0119 by\u0142y mistrz \u015bwiata wiedzia\u0142, \u017ce opu\u015bci klub spod Jasnej G\u00f3ry. Konfrontacja we Wroc\u0142awiu to by\u0142a dopiero si\u00f3dma runda PGE Ekstraligi.<\/p>\n<p class=\"contentpart contentpart--default contentpart--text\" data-position=\"6\">&#8211; Decyzja o powrocie by\u0142a bardzo prosta. Po dobrych wspomnieniach z 2023 roku uzna\u0142em, \u017ce to by\u0142 bardzo dobry ruch. By\u0142em bardzo rozczarowany, \u017ce nie utrzymali\u015bmy si\u0119 wtedy w PGE Ekstralidze. My\u015bl\u0119, \u017ce gdyby\u015bmy zostali tam jeszcze jeden sezon, mogliby\u015bmy si\u0119 pi\u0105\u0107 w g\u00f3r\u0119 i walczy\u0107 o miejsca w czo\u0142owej tr\u00f3jce ligi. Tym razem chodzi o powr\u00f3t do PGE Ekstraligi &#8211; doda\u0142.<\/p>\n<p class=\"contentpart contentpart--default contentpart--text\" data-position=\"7\">Dla Jasona Doyle&#8217;a b\u0119dzie to powr\u00f3t na zaplecze najlepszej ligi \u015bwiata po ponad dziesi\u0119ciu latach. Po raz ostatni je\u017adzi\u0142 tam w 2014 roku w barwach klubu z \u0141odzi. &#8211; Nigdy nie my\u015bla\u0142em, \u017ce wr\u00f3c\u0119 do pierwszej ligi. My\u015bla\u0142em, \u017ce zako\u0144cz\u0119 karier\u0119 w PGE Ekstralidze. Ale to \u015bwietny moment, aby zrobi\u0107 to dla tego klubu. Mam nadziej\u0119, \u017ce zostan\u0119 tutaj na d\u0142u\u017cej &#8211; skomentowa\u0142.<\/p>\n<p>  <img decoding=\"async\" src=\"https:\/\/v.wpimg.pl\/X3dwLnN2d1IFFTpdYUl6R0ZNbgcnEHQREVV2TGEGbUtRT2MdOlZ2RBQUKABgQjQcDRotCStBd1IAAWMeIlM7VgwYIAorQAdEFFk_GCkQJQ\" alt=\"\" width=\"45\" height=\"58\" loading=\"lazy\"\/>  <\/p>\n<p class=\"contentpart contentpart--default contentpart--text\" data-position=\"8\">Australijczyk nie ukrywa, \u017ce wci\u0105\u017c ma chrapk\u0119 na wygrywanie turniej\u00f3w Grand Prix i kolejny z\u0142oty medal mistrzostw \u015bwiata w swojej kolekcji.<\/p>\n","protected":false},"excerpt":{"rendered":"Jason Doyle\u00a0powraca do Cellfast Wilk\u00f3w Krosno\u00a0i ma by\u0107 jednym z ogniw, kt\u00f3re poprowadz\u0105 klub z Podkarpacia do fina\u0142u&hellip;\n","protected":false},"author":2,"featured_media":293706,"comment_status":"","ping_status":"","sticky":false,"template":"","format":"standard","meta":{"footnotes":"","_share_on_mastodon":"0"},"categories":[24],"tags":[1331,10063,2969,979,42,38,40,39,41,127,126,27961,174],"class_list":["post-293705","post","type-post","status-publish","format-standard","has-post-thumbnail","category-sport","tag-cellfast-wilki-krosno","tag-jason-doyle","tag-krosno","tag-metalkas-2-ekstraliga","tag-pl","tag-poland","tag-polish","tag-polska","tag-polski","tag-sport","tag-sports","tag-stadion-zuzlowy-w-krosnie","tag-zuzel"],"share_on_mastodon":{"url":"https:\/\/pubeurope.com\/@pl\/116187355656325053","error":""},"_links":{"self":[{"href":"https:\/\/www.europesays.com\/pl\/wp-json\/wp\/v2\/posts\/293705","targetHints":{"allow":["GET"]}}],"collection":[{"href":"https:\/\/www.europesays.com\/pl\/wp-json\/wp\/v2\/posts"}],"about":[{"href":"https:\/\/www.europesays.com\/pl\/wp-json\/wp\/v2\/types\/post"}],"author":[{"embeddable":true,"href":"https:\/\/www.europesays.com\/pl\/wp-json\/wp\/v2\/users\/2"}],"replies":[{"embeddable":true,"href":"https:\/\/www.europesays.com\/pl\/wp-json\/wp\/v2\/comments?post=293705"}],"version-history":[{"count":0,"href":"https:\/\/www.europesays.com\/pl\/wp-json\/wp\/v2\/posts\/293705\/revisions"}],"wp:featuredmedia":[{"embeddable":true,"href":"https:\/\/www.europesays.com\/pl\/wp-json\/wp\/v2\/media\/293706"}],"wp:attachment":[{"href":"https:\/\/www.europesays.com\/pl\/wp-json\/wp\/v2\/media?parent=293705"}],"wp:term":[{"taxonomy":"category","embeddable":true,"href":"https:\/\/www.europesays.com\/pl\/wp-json\/wp\/v2\/categories?post=293705"},{"taxonomy":"post_tag","embeddable":true,"href":"https:\/\/www.europesays.com\/pl\/wp-json\/wp\/v2\/tags?post=293705"}],"curies":[{"name":"wp","href":"https:\/\/api.w.org\/{rel}","templated":true}]}}