{"id":293794,"date":"2026-03-07T11:06:10","date_gmt":"2026-03-07T11:06:10","guid":{"rendered":"https:\/\/www.europesays.com\/pl\/293794\/"},"modified":"2026-03-07T11:06:10","modified_gmt":"2026-03-07T11:06:10","slug":"wrze-po-slowach-trumpa-o-iranie-tak-zareagowal-messi","status":"publish","type":"post","link":"https:\/\/www.europesays.com\/pl\/293794\/","title":{"rendered":"Wrze po s\u0142owach Trumpa o Iranie. Tak zareagowa\u0142 Messi"},"content":{"rendered":"<p>W ostatnim czasie dru\u017cyna Interu Miami, w kt\u00f3rej graj\u0105 m.in. Leo Messi, Luis Suarez czy Rodrigo de Paul go\u015bci\u0142a w Bia\u0142ym Domu. W trakcie ich wizyty przem\u00f3wienie wyg\u0142osi\u0142 tak\u017ce Donald Trump, a jednym z temat\u00f3w by\u0142a oczywi\u015bcie sytuacja na Bliskim Wschodzie, gdzie USA i Izrael bombarduj\u0105 cele w Iranie.<\/p>\n<p> Dalszy ci\u0105g artyku\u0142u pod materia\u0142em wideo    <\/p>\n<p> Co og\u0142osi\u0142 Donald Trump na temat Iranu? <\/p>\n<p> Jak zareagowa\u0142 Leo Messi podczas przem\u00f3wienia? <\/p>\n<p> Jakie kontrowersje wzbudzi\u0142o klaskanie Messiego? <\/p>\n<p> Ile wy\u015bwietle\u0144 ma wpis Leyli Hamed? <\/p>\n<p>  Zawrza\u0142o po tym, co powiedzia\u0142 Donald Trump i reakcji Leo Messiego<\/p>\n<p>\u2014 Nasi ludzie [\u017co\u0142nierze] wykonuj\u0105 \u015bwietn\u0105 robot\u0119. Powtarzam, to najlepsza armia, jak\u0105 ktokolwiek widzia\u0142. Dzi\u0119kuj\u0119 \u2014 m\u00f3wi\u0142 prezydent Trump, a w tle znajdowali si\u0119 pi\u0142karze wspomnianego Interu Miami. Na koniec przem\u00f3wienia rozleg\u0142y si\u0119 brawa, a kamery uchwyci\u0142y, \u017ce klaska\u0142 tak\u017ce Messi.<\/p>\n<p>A to spotka\u0142o si\u0119 z wieloma nieprzychylnymi komentarzami w sieci. &#8222;Donald Trump mimochodem og\u0142asza kolejne nielegalne bombardowania Iranu na oczach ca\u0142ej dru\u017cyny Inter Miami. W ci\u0105gu ostatnich kilku dni w Iranie zgin\u0119\u0142y setki dzieci. Lionel Messi i jego koledzy z dru\u017cyny odpowiadaj\u0105 brawami. Dziwne&#8221; \u2014 pisze dziennikarze sportowy Leyla Hamed.<\/p>\n<p>Jej wpis zebra\u0142 ju\u017c ponad 2,1 mln wy\u015bwietle\u0144 i ponad 25 tys. polubie\u0144. &#8222;Ambasador UNICEF-u [Messi] spotyka si\u0119 z osob\u0105, kt\u00f3ra dwa dni temu zbombardowa\u0142a szko\u0142\u0119 dla dziewcz\u0105t&#8221; \u2014 pisze inny u\u017cytkownik na platformie X. On r\u00f3wnie\u017c pod swoim wpisem zebra\u0142 ogromn\u0105 liczb\u0119 ponad 26 tys. polubie\u0144.<\/p>\n","protected":false},"excerpt":{"rendered":"W ostatnim czasie dru\u017cyna Interu Miami, w kt\u00f3rej graj\u0105 m.in. Leo Messi, Luis Suarez czy Rodrigo de Paul&hellip;\n","protected":false},"author":2,"featured_media":293795,"comment_status":"","ping_status":"","sticky":false,"template":"","format":"standard","meta":{"footnotes":"","_share_on_mastodon":"0"},"categories":[24],"tags":[44,1356,663,16482,1355,48,129,46,948,42,38,40,39,41,28927,47,127,126,71,130],"class_list":["post-293794","post","type-post","status-publish","format-standard","has-post-thumbnail","category-sport","tag-donald_trump","tag-inter_miami","tag-iran","tag-leo_messi","tag-lionel_messi","tag-nat_styl","tag-ofsajd","tag-omp","tag-pilka_nozna","tag-pl","tag-poland","tag-polish","tag-polska","tag-polski","tag-ps_omp_tst1","tag-screening_general","tag-sport","tag-sports","tag-usa","tag-wiadomosci_sportowe"],"share_on_mastodon":{"url":"https:\/\/pubeurope.com\/@pl\/116187573960647907","error":""},"_links":{"self":[{"href":"https:\/\/www.europesays.com\/pl\/wp-json\/wp\/v2\/posts\/293794","targetHints":{"allow":["GET"]}}],"collection":[{"href":"https:\/\/www.europesays.com\/pl\/wp-json\/wp\/v2\/posts"}],"about":[{"href":"https:\/\/www.europesays.com\/pl\/wp-json\/wp\/v2\/types\/post"}],"author":[{"embeddable":true,"href":"https:\/\/www.europesays.com\/pl\/wp-json\/wp\/v2\/users\/2"}],"replies":[{"embeddable":true,"href":"https:\/\/www.europesays.com\/pl\/wp-json\/wp\/v2\/comments?post=293794"}],"version-history":[{"count":0,"href":"https:\/\/www.europesays.com\/pl\/wp-json\/wp\/v2\/posts\/293794\/revisions"}],"wp:featuredmedia":[{"embeddable":true,"href":"https:\/\/www.europesays.com\/pl\/wp-json\/wp\/v2\/media\/293795"}],"wp:attachment":[{"href":"https:\/\/www.europesays.com\/pl\/wp-json\/wp\/v2\/media?parent=293794"}],"wp:term":[{"taxonomy":"category","embeddable":true,"href":"https:\/\/www.europesays.com\/pl\/wp-json\/wp\/v2\/categories?post=293794"},{"taxonomy":"post_tag","embeddable":true,"href":"https:\/\/www.europesays.com\/pl\/wp-json\/wp\/v2\/tags?post=293794"}],"curies":[{"name":"wp","href":"https:\/\/api.w.org\/{rel}","templated":true}]}}