{"id":294067,"date":"2026-03-07T14:21:14","date_gmt":"2026-03-07T14:21:14","guid":{"rendered":"https:\/\/www.europesays.com\/pl\/294067\/"},"modified":"2026-03-07T14:21:14","modified_gmt":"2026-03-07T14:21:14","slug":"order-orla-bialego-dla-radwanskiego-kontrowersja-podczas-przemowienia-2","status":"publish","type":"post","link":"https:\/\/www.europesays.com\/pl\/294067\/","title":{"rendered":"Order Or\u0142a Bia\u0142ego dla Radwa\u0144skiego. Kontrowersja podczas przem\u00f3wienia"},"content":{"rendered":"<p>W Pa\u0142acu Prezydenckim odby\u0142a si\u0119 <a href=\"https:\/\/wiadomosci.onet.pl\/kraj\/order-orla-bialego-prezydent-wreczyl-odznaczenia\/cjx3fm5\" id=\"e57c000d-6f31-41d9-91fb-b937fdc5e370\" rel=\"nofollow noopener\" target=\"_blank\">uroczysto\u015b\u0107 wr\u0119czenia Order\u00f3w Or\u0142a Bia\u0142ego<\/a> oraz Order\u00f3w Odrodzenia Polski. Najwa\u017cniejsze cywilne odznaczenia pa\u0144stwowe wr\u0119czy\u0142 prezydent Karol Nawrocki. Wyr\u00f3\u017cnienia otrzymali m.in. Czes\u0142aw Nowak dzia\u0142acz opozycji z czas\u00f3w PRL, polityk i samorz\u0105dowiec oraz Stanis\u0142aw Radwa\u0144ski \u2014 artysta, malarz i rze\u017abiarz, a tak\u017ce by\u0142y rektor Akademii Sztuk Pi\u0119knych w Gda\u0144sku, kt\u00f3ry zosta\u0142 doceniony za wk\u0142ad w rozw\u00f3j kultury i sztuki, osi\u0105gni\u0119cia artystyczne oraz zaanga\u017cowanie w edukacj\u0119 artystyczn\u0105. Dalszy ci\u0105g artyku\u0142u pod materia\u0142em wideo    <\/p>\n<p> Kto wr\u0119czy\u0142 Order Or\u0142a Bia\u0142ego Stanis\u0142awowi Radwa\u0144skiemu? <\/p>\n<p> Za co Stanis\u0142aw Radwa\u0144ski otrzyma\u0142 Order Or\u0142a Bia\u0142ego? <\/p>\n<p> Jakie has\u0142o Jerzego Owsiaka zosta\u0142 nawi\u0105zane w przem\u00f3wieniu Radwa\u0144skiego? <\/p>\n<p> Jakie inne odznaczenia otrzyma\u0142 Stanis\u0142aw Radwa\u0144ski? <\/p>\n<p>Radwa\u0144ski swoim przem\u00f3wieniu w Pa\u0142acu Prezydenckim uderzy\u0142 (\u015bwiadomie b\u0105d\u017a nie) w Jerzego Owsiaka. \u2014 Bli\u017csza mojemu sercu by\u0142a postawa mistrzowsko uj\u0119ta w s\u0142owach piosenki Wojciecha M\u0142ynarskiego &#8222;R\u00f3bmy swoje \u2014 mo\u017ce to co\u015b da&#8221; ni\u017c wizja \u015bwiata zaprezentowana w ha\u015ble &#8222;R\u00f3bta co chceta&#8221; \u2014 powiedzia\u0142 podczas przem\u00f3wienia.<\/p>\n<p>     Ordery Or\u0142a Bia\u0142ego. Najwa\u017cniejsze odznaczenia pa\u0144stwoweStanis\u0142aw Radwa\u0144ski zosta\u0142 wyr\u00f3\u017cniony &#8222;za zas\u0142ugi dla polskiej kultury i sztuki, za osi\u0105gni\u0119cia w dzia\u0142alno\u015bci artystycznej i tw\u00f3rczej oraz wk\u0142ad w rozw\u00f3j szkolnictwa artystycznego&#8221;. Artysta jest znany z licznych realizacji, w tym wsp\u00f3\u0142tworzenia Pomnika Obro\u0144c\u00f3w Wybrze\u017ca na Westerplatte. Odpowiada\u0142 tak\u017ce za projekt <a href=\"https:\/\/wiadomosci.onet.pl\/kraj\/wiekszy-niz-bursztynowa-komnata-dzis-poswiecenie-gdanskiego-oltarza-ojczyzny\/n6ece1r\" id=\"2625a2c3-aa88-4902-bf23-5af5984b51e6\" rel=\"nofollow noopener\" target=\"_blank\">g\u0142\u00f3wnego o\u0142tarza z bursztynu oraz zestawu rze\u017ab z br\u0105zu dla bazyliki \u015bw. Brygidy w Gda\u0144sku<\/a>.     <\/p>\n<p>Radwa\u0144ski wielokrotnie otrzymywa\u0142 wyr\u00f3\u017cnienia, w\u015br\u00f3d kt\u00f3rych znalaz\u0142y si\u0119 Order Odrodzenia Polski, z\u0142oty i srebrny medal Gloria Artis, a obecnie tak\u017ce Order Or\u0142a Bia\u0142ego. Tw\u00f3rca przez lata anga\u017cowa\u0142 si\u0119 w rozw\u00f3j edukacji artystycznej, pe\u0142ni\u0105c funkcj\u0119 rektora gda\u0144skiej Akademii Sztuk Pi\u0119knych.<\/p>\n<p>Znaczenie has\u0142a &#8222;R\u00f3bta co chceta&#8221;Has\u0142o &#8222;R\u00f3bta co chceta&#8221; to kultowy slogan, kt\u00f3ry sta\u0142 si\u0119 tytu\u0142em programu telewizyjnego prowadzonego przez Jerzego Owsiaka w latach 90. Pe\u0142na nazwa brzmia\u0142a <a href=\"https:\/\/wiadomosci.onet.pl\/kraj\/nagroda-szczytu-laureatow-pokojowej-nagrody-nobla-dla-owsiaka\/bpd2f\" id=\"1b7ebb4c-e3a4-42ce-b3a2-2b2fbf583847\" rel=\"nofollow noopener\" target=\"_blank\">&#8222;R\u00f3bta, co chceta, czyli rockandrollowa jazda bez trzymanki&#8221;<\/a>. Program ten wp\u0142yn\u0105\u0142 na spos\u00f3b my\u015blenia m\u0142odego pokolenia i na sta\u0142e zapisa\u0142 si\u0119 w historii polskiej popkultury.<\/p>\n","protected":false},"excerpt":{"rendered":"W Pa\u0142acu Prezydenckim odby\u0142a si\u0119 uroczysto\u015b\u0107 wr\u0119czenia Order\u00f3w Or\u0142a Bia\u0142ego oraz Order\u00f3w Odrodzenia Polski. Najwa\u017cniejsze cywilne odznaczenia pa\u0144stwowe&hellip;\n","protected":false},"author":2,"featured_media":294068,"comment_status":"","ping_status":"","sticky":false,"template":"","format":"standard","meta":{"footnotes":"","_share_on_mastodon":"0"},"categories":[5],"tags":[32,33,36,37,27,24148,34,35,28,31,48,25,46,22006,42,38,40,39,41,47,8767,29,30,26],"class_list":["post-294067","post","type-post","status-publish","format-standard","has-post-thumbnail","category-naglowki","tag-breaking-news","tag-breakingnews","tag-featured-news","tag-featurednews","tag-headlines","tag-jerzy_owsiak","tag-latest-news","tag-latestnews","tag-naglowki","tag-najwazniejsze-artykuly","tag-nat_styl","tag-news","tag-omp","tag-order_orla_bialego","tag-pl","tag-poland","tag-polish","tag-polska","tag-polski","tag-screening_general","tag-sztuka","tag-top-stories","tag-topstories","tag-wiadomosci"],"share_on_mastodon":{"url":"https:\/\/pubeurope.com\/@pl\/116188340796996702","error":""},"_links":{"self":[{"href":"https:\/\/www.europesays.com\/pl\/wp-json\/wp\/v2\/posts\/294067","targetHints":{"allow":["GET"]}}],"collection":[{"href":"https:\/\/www.europesays.com\/pl\/wp-json\/wp\/v2\/posts"}],"about":[{"href":"https:\/\/www.europesays.com\/pl\/wp-json\/wp\/v2\/types\/post"}],"author":[{"embeddable":true,"href":"https:\/\/www.europesays.com\/pl\/wp-json\/wp\/v2\/users\/2"}],"replies":[{"embeddable":true,"href":"https:\/\/www.europesays.com\/pl\/wp-json\/wp\/v2\/comments?post=294067"}],"version-history":[{"count":0,"href":"https:\/\/www.europesays.com\/pl\/wp-json\/wp\/v2\/posts\/294067\/revisions"}],"wp:featuredmedia":[{"embeddable":true,"href":"https:\/\/www.europesays.com\/pl\/wp-json\/wp\/v2\/media\/294068"}],"wp:attachment":[{"href":"https:\/\/www.europesays.com\/pl\/wp-json\/wp\/v2\/media?parent=294067"}],"wp:term":[{"taxonomy":"category","embeddable":true,"href":"https:\/\/www.europesays.com\/pl\/wp-json\/wp\/v2\/categories?post=294067"},{"taxonomy":"post_tag","embeddable":true,"href":"https:\/\/www.europesays.com\/pl\/wp-json\/wp\/v2\/tags?post=294067"}],"curies":[{"name":"wp","href":"https:\/\/api.w.org\/{rel}","templated":true}]}}