{"id":294071,"date":"2026-03-07T14:23:11","date_gmt":"2026-03-07T14:23:11","guid":{"rendered":"https:\/\/www.europesays.com\/pl\/294071\/"},"modified":"2026-03-07T14:23:11","modified_gmt":"2026-03-07T14:23:11","slug":"dominika-tajner-ujawnia-skad-ma-pieniadze-oto-jej-zrodla-dochodu","status":"publish","type":"post","link":"https:\/\/www.europesays.com\/pl\/294071\/","title":{"rendered":"Dominika Tajner ujawnia, sk\u0105d ma pieni\u0105dze. Oto jej \u017ar\u00f3d\u0142a dochodu"},"content":{"rendered":"<p class=\"Paragraph_desktopParagraph__U31Gm\"><a href=\"https:\/\/plejada.pl\/temat\/dominika-tajner\/y0s9zsz\" id=\"af06f6ff-d9a3-4936-a629-b6e3297dad00\" rel=\"nofollow noopener\" target=\"_blank\">Dominika Tajner<\/a> zadebiutowa\u0142a w show-biznesie, kiedy zacz\u0119\u0142a spotyka\u0107 si\u0119 z <a href=\"https:\/\/plejada.pl\/temat\/michal-wisniewski-piosenkarz\/ze29w76\" id=\"3ae1708c-fda8-4f61-b891-2e3ccf42e555\" rel=\"nofollow noopener\" target=\"_blank\">Micha\u0142em Wi\u015bniewskim<\/a>. Do tamtej pory zdecydowanie bli\u017cszy jej \u017cyciu by\u0142 \u015bwiat sportu, jest bowiem c\u00f3rk\u0105 by\u0142ego trenera Adama Ma\u0142ysza, a obecnego pos\u0142a Apoloniusza Tajnera. Cho\u0107 przedsi\u0119biorczyni wzi\u0119\u0142a \u017cycie za barki i za\u0142o\u017cy\u0142a wiele biznes\u00f3w, wci\u0105\u017c musi mierzy\u0107 si\u0119 z pytaniami: &#8222;Co ona robi? Z czego ona \u017cyje?&#8221;.<\/p>\n<ul class=\"OchatFollowUps_wrapper__1ry7X\">\n<li class=\"OchatFollowUps_item__Dhyly OchatFollowUps_itemDesktop__R6aBv\">Jakie \u017ar\u00f3d\u0142a dochodu wymienia Dominika Tajner?<\/li>\n<li class=\"OchatFollowUps_item__Dhyly OchatFollowUps_itemDesktop__R6aBv\">Czy Dominika Tajner planuje odci\u0105\u0107 si\u0119 od swojej przesz\u0142o\u015bci?<\/li>\n<li class=\"OchatFollowUps_item__Dhyly OchatFollowUps_itemDesktop__R6aBv\">Czym zajmuje si\u0119 Dominika Tajner na co dzie\u0144?<\/li>\n<li class=\"OchatFollowUps_item__Dhyly OchatFollowUps_itemDesktop__R6aBv\">Jakie ma plany zwi\u0105zane z telewizj\u0105?<\/li>\n<\/ul>\n<p>Dominika Tajner zirytowana pytaniami internaut\u00f3w. Ujawnia \u017ar\u00f3d\u0142a dochodu <\/p>\n<p class=\"Paragraph_desktopParagraph__U31Gm\">Dominika Tajner w rozmowie z Plejad\u0105 nie kryje irytacji pytaniami internaut\u00f3w. Jednocze\u015bnie wylicza, czym si\u0119 zajmuje. Trzeba przyzna\u0107, \u017ce nie narzeka na nud\u0119.<\/p>\n<p class=\"Paragraph_desktopParagraph__U31Gm\">\u2014 Z czego \u017cyj\u0119? No najpewniej z le\u017cenia i nic nie robienia, nie? Albo z bycia by\u0142\u0105 \u017con\u0105 Wi\u015bniewskiego. No nie. Jestem mened\u017cerk\u0105, mam zawodnik\u00f3w, zajmuj\u0119 si\u0119 PR-em, mam firm\u0119, jestem przedsi\u0119biorczyni\u0105, zajmuj\u0119 si\u0119 sprzeda\u017c\u0105 m.in. machy. Motywuj\u0119, robi\u0119 bardzo du\u017co szkole\u0144, otworzy\u0142am fundacj\u0119, tak\u017ce ja naprawd\u0119 pracuj\u0119 od rana do nocy \u2014 wyja\u015bnia.<\/p>\n<blockquote>\n<p class=\"Paragraph_desktopParagraph__U31Gm\">Nie jestem tylko by\u0142\u0105 \u017con\u0105 Micha\u0142a Wi\u015bniewskiego czy c\u00f3rk\u0105 trenera Tajnera, teraz ju\u017c pos\u0142a, przepraszam. Ale i tak wszyscy m\u00f3wi\u0105 jeszcze trenera. Natomiast jest to cz\u0119\u015b\u0107 mojej historii i pewne rzeczy, kt\u00f3re teraz robi\u0119, wynikaj\u0105 oczywi\u015bcie z tego<\/p>\n<\/blockquote>\n<p class=\"Paragraph_desktopParagraph__U31Gm\">\u2014 dodaje.<\/p>\n<p class=\"Paragraph_desktopParagraph__U31Gm\">Zapytana o to, czy zamierza odci\u0105\u0107 si\u0119 od tych plakietek raz na zawsze, odpowiada wprost: \u2014 Absolutnie nie chc\u0119 i nie b\u0119d\u0119 si\u0119 od nich odcina\u0107. To jest cz\u0119\u015b\u0107 mojego \u017cycia, natomiast jak s\u0142ysz\u0119 takie pytania, z czego ona jest znana, no to wejd\u017a na moje social media i zobacz, co ja robi\u0119. Odnosz\u0119 wiele sukces\u00f3w tak samo, jak wiele pora\u017cek. Uwa\u017cam, \u017ce akurat pora\u017cka jest potrzebna, \u017ceby budowa\u0107 sukces.<\/p>\n<p class=\"Paragraph_desktopParagraph__U31Gm\">Dominika Tajner wyra\u017ca jednak nadziej\u0119, \u017ce to nie koniec jej przygody z telewizj\u0105. Influencerka i przedsi\u0119biorczyni widzi swoj\u0105 przysz\u0142o\u015b\u0107 na szklanym ekranie.<\/p>\n<p class=\"Paragraph_desktopParagraph__U31Gm\">\u2014 Je\u017celi chodzi o takie programy, to od razu mog\u0119 wyskoczy\u0107 z tych pi\u0119knych ciuszk\u00f3w, wskoczy\u0107 w co\u015b wygodnego i jecha\u0107. &#8222;Azja Express&#8221;? Jad\u0119 natychmiast, tylko musz\u0119 wzi\u0105\u0107 ze sob\u0105 kogo\u015b dobrego, \u017ceby mie\u0107 dobre wsparcie. Tam ju\u017c potrzebna jest dobra taktyka. Od pewnego czasu otrzymuj\u0119 bardzo du\u017co propozycji i czekam, co mi \u017cycie przyniesie. A mo\u017ce zdarzy\u0107 si\u0119 tak, \u017ce za rok, dwa, mo\u017ce za miesi\u0105c wy\u0142\u0105cz\u0119 wszystkie social media i ju\u017c nigdy mnie telewizja nie zobaczy \u2014 podsumowuje.<\/p>\n<p><img decoding=\"async\" class=\"Image_image__0tuHp Image_autoHeight__f2n87 \" height=\"587\" width=\"391\" src=\"https:\/\/www.europesays.com\/pl\/wp-content\/uploads\/2026\/03\/sk6k9kpTURBXy85YTQzOGFkNmRmOTIxY2Y1OWNmMTAzZTNhYTM1OWQ2OS5qcGeSlQLNA6wAwsOVAgDNAkvCw94AA6EwAaExAaEzw.jpeg\" alt=\"Dominika Tajner na konferencji prasowej przed premier\u0105 programu &quot;Kr\u00f3lowa przetrwania&quot;\" loading=\"lazy\" \/>Andras Szilagyi \/ MW Media<\/p>\n<p>Dominika Tajner na konferencji prasowej przed premier\u0105 programu &#8222;Kr\u00f3lowa przetrwania&#8221;<\/p>\n<p class=\"Paragraph_desktopParagraph__U31Gm\">Dzi\u0119kujemy, \u017ce przeczyta\u0142a\u015b\/e\u015b nasz artyku\u0142 do ko\u0144ca. W serwisie Plejada.pl ka\u017cdego dnia piszemy o najwa\u017cniejszych wydarzeniach show-biznesowych. B\u0105d\u017a na bie\u017c\u0105co!<a rel=\"nofollow noopener\" href=\"https:\/\/profile.google.com\/cp\/Cg0vZy8xMWJ6X19wdHBx\" id=\"6760c743-13a7-473c-8f88-746d25badf0c\" target=\"_blank\"> Obserwuj<\/a> Plejad\u0119 w Google. Odwied\u017a nas tak\u017ce na<a rel=\"nofollow noopener\" href=\"https:\/\/www.facebook.com\/plejadapl\" id=\"cc715708-8ce7-42c0-a8e4-bf94186b8b7d\" target=\"_blank\"> Facebooku<\/a>,<a rel=\"nofollow noopener\" href=\"https:\/\/www.instagram.com\/plejadapl\/\" id=\"d341ac17-7a04-4896-806b-6330f5e1e603\" target=\"_blank\"> Instagramie<\/a>,<a rel=\"nofollow noopener\" href=\"https:\/\/www.youtube.com\/c\/plejada\" id=\"4b1ff3a0-503b-4573-baf5-0a1fa135c81d\" target=\"_blank\"> YouTubie<\/a> oraz<a rel=\"nofollow noopener\" href=\"https:\/\/www.tiktok.com\/@plejada_pl\" id=\"7d0dd599-3caf-4c89-9dc1-f72956559b2c\" target=\"_blank\"> TikToku<\/a>.<\/p>\n<p class=\"Paragraph_desktopParagraph__U31Gm\">Chcesz podzieli\u0107 si\u0119 ciekawym newsem lub zaproponowa\u0107 temat? Skontaktuj si\u0119 z nami, pisz\u0105c maila na adres: <a href=\"https:\/\/www.onet.pl\/styl-zycia\/plejada\/dominika-tajner-ujawnia-skad-ma-pieniadze-oto-jej-zrodla-dochodu\/mailto:plejada@redakcjaonet.pl\" id=\"65d1da4f-54fb-4eb6-b1f2-0104a24e8a02\" rel=\"nofollow noopener\" target=\"_blank\">plejada@redakcjaonet.pl<\/a>.<\/p>\n<p><script async src=\"\/\/www.instagram.com\/embed.js\"><\/script><script async src=\"\/\/www.tiktok.com\/embed.js\"><\/script><\/p>\n","protected":false},"excerpt":{"rendered":"Dominika Tajner zadebiutowa\u0142a w show-biznesie, kiedy zacz\u0119\u0142a spotyka\u0107 si\u0119 z Micha\u0142em Wi\u015bniewskim. Do tamtej pory zdecydowanie bli\u017cszy jej&hellip;\n","protected":false},"author":2,"featured_media":294072,"comment_status":"","ping_status":"","sticky":false,"template":"","format":"standard","meta":{"footnotes":"","_share_on_mastodon":"0"},"categories":[22],"tags":[48210,16152,122,16381,53,52,68,51,55,4707,42,38,40,39,41,123,47,196,338,65,50,4578],"class_list":["post-294071","post","type-post","status-publish","format-standard","has-post-thumbnail","category-rozrywka","tag-apoloniusz_tajner_trener_polityk","tag-dominika_tajner","tag-entertainment","tag-michal_wisniewski_piosenkarz","tag-new_header","tag-onet3","tag-onet3d","tag-onet3d_2i","tag-phx","tag-pieniadze_pieniadz_finanse","tag-pl","tag-poland","tag-polish","tag-polska","tag-polski","tag-rozrywka","tag-screening_general","tag-styl_zycia","tag-tylko_w_plejadzie","tag-update_me","tag-v2021","tag-video_article"],"share_on_mastodon":{"url":"https:\/\/pubeurope.com\/@pl\/116188348601547903","error":""},"_links":{"self":[{"href":"https:\/\/www.europesays.com\/pl\/wp-json\/wp\/v2\/posts\/294071","targetHints":{"allow":["GET"]}}],"collection":[{"href":"https:\/\/www.europesays.com\/pl\/wp-json\/wp\/v2\/posts"}],"about":[{"href":"https:\/\/www.europesays.com\/pl\/wp-json\/wp\/v2\/types\/post"}],"author":[{"embeddable":true,"href":"https:\/\/www.europesays.com\/pl\/wp-json\/wp\/v2\/users\/2"}],"replies":[{"embeddable":true,"href":"https:\/\/www.europesays.com\/pl\/wp-json\/wp\/v2\/comments?post=294071"}],"version-history":[{"count":0,"href":"https:\/\/www.europesays.com\/pl\/wp-json\/wp\/v2\/posts\/294071\/revisions"}],"wp:featuredmedia":[{"embeddable":true,"href":"https:\/\/www.europesays.com\/pl\/wp-json\/wp\/v2\/media\/294072"}],"wp:attachment":[{"href":"https:\/\/www.europesays.com\/pl\/wp-json\/wp\/v2\/media?parent=294071"}],"wp:term":[{"taxonomy":"category","embeddable":true,"href":"https:\/\/www.europesays.com\/pl\/wp-json\/wp\/v2\/categories?post=294071"},{"taxonomy":"post_tag","embeddable":true,"href":"https:\/\/www.europesays.com\/pl\/wp-json\/wp\/v2\/tags?post=294071"}],"curies":[{"name":"wp","href":"https:\/\/api.w.org\/{rel}","templated":true}]}}