{"id":294269,"date":"2026-03-07T18:23:10","date_gmt":"2026-03-07T18:23:10","guid":{"rendered":"https:\/\/www.europesays.com\/pl\/294269\/"},"modified":"2026-03-07T18:23:10","modified_gmt":"2026-03-07T18:23:10","slug":"dylemat-europy-czy-chiny-zajma-miejsce-usa-ekspert-ostrzega-to-strategicznie-ryzykowne-2","status":"publish","type":"post","link":"https:\/\/www.europesays.com\/pl\/294269\/","title":{"rendered":"Dylemat Europy. Czy Chiny zajm\u0105 miejsce USA? Ekspert ostrzega: to strategicznie ryzykowne"},"content":{"rendered":"<p>Je\u015bli nie chc\u0105 nas na Zachodzie, zwr\u00f3cimy si\u0119 ku Wschodowi. Je\u015bli najbli\u017cszy sojusznik si\u0119 oddala, trzeba poszuka\u0107 nowego partnera.<\/p>\n<p>Tak wygl\u0105da obecnie dylemat Europy, kt\u00f3ra coraz bardziej odsuwa si\u0119 od Stan\u00f3w Zjednoczonych. Rozwi\u0105zanie? Wielu europejskich polityk\u00f3w coraz cz\u0119\u015bciej zwraca si\u0119 ku nowemu, kontrowersyjnemu sojusznikowi \u2014 Chinom.<\/p>\n<p>Najwyra\u017aniej znale\u017ali nowego partnera w kraju, kt\u00f3ry opr\u00f3cz \u0142amania podstawowych praw cz\u0142owieka wykazuje r\u00f3wnie\u017c ambicje wobec kraj\u00f3w UE i pr\u00f3buje wp\u0142ywa\u0107 na polityk\u0119 pa\u0144stw cz\u0142onkowskich. Niedawno czeskie s\u0142u\u017cby specjalne ujawni\u0142y chi\u0144skiego szpiega w swoim kraju \u2014 i nie by\u0142 to odosobniony przypadek.<\/p>\n<p>Wed\u0142ug eksperta ds. Azji Wschodniej z Uniwersytetu w Ostrawie Lukasa Lasa zbli\u017cenie liberalnych demokracji, takich jak Niemcy czy Kanada, z komunistycznymi Chinami &#8222;jest strategicznie ryzykowne&#8221;. Las dodaje jednak, \u017ce &#8222;bior\u0105c pod uwag\u0119 niestabilno\u015b\u0107 obecnych stosunk\u00f3w transatlantyckich i <a href=\"https:\/\/www.onet.pl\/informacje\/onetwiadomosci\/tak-neutralny-pekin-nadal-wspiera-machine-wojenna-putina-dzieki-chinskim-komponentom\/ykn3dld,79cfc278\" id=\"2ee46581-f34a-4d15-bef2-4beec4dd7e09\" rel=\"nofollow noopener\" target=\"_blank\">ambiwalentn\u0105 rol\u0119 Chin we wspieraniu Rosji<\/a> w wojnie na Ukrainie, pa\u0144stwa zachodnie s\u0105 zmuszone do prowadzenia dwustronnych rozm\u00f3w z Pekinem&#8221;. Zdaniem eksperta nale\u017cy jednak liczy\u0107 si\u0119 z r\u00f3\u017cnicami interes\u00f3w w G7, co b\u0119dzie sprzyja\u0142o Rosji i Chinom.     <\/p>\n<p>Liderzy UE musz\u0105 zatem zada\u0107 sobie pytanie, za jak\u0105 cen\u0119 s\u0105 gotowi zbli\u017cy\u0107 si\u0119 do Chin, aby znale\u017a\u0107 now\u0105 superpot\u0119g\u0119 i partnera, kt\u00f3ry zast\u0105pi im ju\u017c i tak napi\u0119te i niestabilne stosunki z USA.<\/p>\n<p>Kanclerz Niemiec Friedrich Merz sp\u0119dzi\u0142 cz\u0119\u015b\u0107 ostatniego tygodnia lutego w Chinach, gdzie spotka\u0142 si\u0119 m.in. z Xi Jinpingiem. \u015awiat obieg\u0142y zdj\u0119cia dw\u00f3ch przyw\u00f3dc\u00f3w z r\u00f3\u017cnych \u015bwiat\u00f3w politycznych \u2014 jednego reprezentuj\u0105cego liberaln\u0105 demokracj\u0119 Unii Europejskiej, drugiego stoj\u0105cego na czele autorytarnie zarz\u0105dzanych komunistycznych Chin.<\/p>\n<p>      <img decoding=\"async\" src=\"https:\/\/www.europesays.com\/pl\/wp-content\/uploads\/2026\/03\/zkMk9lBaHR0cHM6Ly9vY2RuLmV1L3B1bHNjbXMvTURBXy9mMmViMzBiYzg2NjEzYzQwODcyZDVlYTJkODkwMDA0NS5qcGeRlQLNB.jpeg\" height=\"601\" width=\"940\" alt=\"Kanclerz Niemiec Friedrich Merz i przyw\u00f3dca Chin Xi Jinping w Pekinie, 25 lutego 2026 r. \" loading=\"lazy\" class=\"ods-c-image__img ods-c-image__img--viewport-width\"\/> <\/p>\n<p>Kanclerz Niemiec Friedrich Merz i przyw\u00f3dca Chin Xi Jinping w Pekinie, 25 lutego 2026 r.Michael Kappeler-Pool\/Getty Images \/ Getty Images<\/p>\n<p>Pomimo odmiennych system\u00f3w politycznych przyw\u00f3dcy obu kraj\u00f3w serdecznie si\u0119 powitali i rozmawiali przede wszystkim o kwestiach gospodarczych dotycz\u0105cych Niemiec, ale tak\u017ce ca\u0142ej UE.<\/p>\n<p>Dominuj\u0105cym tematem by\u0142a rosn\u0105ca nier\u00f3wnowaga handlowa mi\u0119dzy Berlinem a Pekinem. Niemiecki deficyt handlowy wobec Chin osi\u0105gn\u0105\u0142 w 2025 r. oko\u0142o 90 mld euro (385 mld z\u0142) i wed\u0142ug Merza od 2020 r. wzr\u00f3s\u0142 czterokrotnie. W ubieg\u0142ym roku do Niemiec przywieziono towary z Chin o warto\u015bci 170,6 mld euro (ok. 730 mld z\u0142), co stanowi wzrost o 8,8 proc. w por\u00f3wnaniu z rokiem poprzednim. Natomiast niemiecki eksport do Chin spad\u0142 o 9,7 proc. do 81,3 mld euro (ok. 348 mld z\u0142). Import z Chin by\u0142 wi\u0119c ponad dwukrotnie wy\u017cszy ni\u017c eksport.<\/p>\n<p>Chiny zagro\u017ceniem dla europejskiego rynku     W 2025 r. Chiny ponownie sta\u0142y si\u0119 najwi\u0119kszym partnerem handlowym Niemiec, wyprzedzaj\u0105c Stany Zjednoczone. Za tymi danymi kryje si\u0119 jednak znaczna nier\u00f3wnowaga strukturalna, kt\u00f3ra wed\u0142ug niemieckich instytut\u00f3w ekonomicznych <a href=\"https:\/\/wiadomosci.onet.pl\/swiat\/tak-zle-nie-bylo-od-lat-niemcy-moga-nie-podniesc-sie-z-kryzysu-opinia\/xf0ltl3\" id=\"df9ffbe9-3333-44cc-b731-5d643135d34c\" rel=\"nofollow noopener\" target=\"_blank\">os\u0142abia rdze\u0144 niemieckiego przemys\u0142u<\/a>, zw\u0142aszcza sektor motoryzacyjny, maszynowy i chemiczny. Niemiecki przemys\u0142 przetw\u00f3rczy boryka si\u0119 jednocze\u015bnie z oko\u0142o 10-tysi\u0119cznymi miesi\u0119cznymi stratami miejsc pracy.<\/p>\n<p>Strona niemiecka wskazuje na chi\u0144skie nadwy\u017cki produkcyjne, dotacje pa\u0144stwowe i preferencyjne ceny chi\u0144skich przedsi\u0119biorstw. Analitycy m\u00f3wi\u0105 r\u00f3wnie\u017c o zani\u017conym kursie chi\u0144skiej waluty i presji wynikaj\u0105cej z d\u0142ugotrwa\u0142ej deflacji w Chinach, kt\u00f3ra powsta\u0142a w wyniku nadmiernych inwestycji w moce produkcyjne. Z kolei europejskie koszty produkcji wzros\u0142y w ostatnich latach w wyniku pandemii i rosyjskiej inwazji na Ukrain\u0119.<\/p>\n<p>      Dalszy ci\u0105g artyku\u0142u pod materia\u0142em wideo <\/p>\n<p>Podczas wizyty Merz o\u015bwiadczy\u0142, \u017ce celem Niemiec jest zmniejszenie tej nier\u00f3wnowagi i zapewnienie uczciwych warunk\u00f3w konkurencji, w tym wi\u0119kszej przejrzysto\u015bci i przestrzegania wsp\u00f3lnych zasad handlu. Jednocze\u015bnie podkre\u015bli\u0142, \u017ce Niemcy nie s\u0105 zainteresowane ekonomicznym odci\u0119ciem si\u0119 od Chin, ale chc\u0105 lepiej chroni\u0107 swoje interesy gospodarcze.<\/p>\n<p>W sk\u0142adzie delegacji znalaz\u0142a si\u0119 r\u00f3wnie\u017c silna grupa przedsi\u0119biorc\u00f3w. Wed\u0142ug kanclerza Chiny zobowi\u0105za\u0142y si\u0119 do zam\u00f3wienia nawet 120 samolot\u00f3w od europejskiego producenta, firmy Airbus, a kolejne umowy handlowe s\u0105 w przygotowaniu.<\/p>\n<p>Merz wezwa\u0142 jednocze\u015bnie Pekin do wykorzystania swoich wp\u0142yw\u00f3w w Moskwie i przyczynienia si\u0119 do zako\u0144czenia wojny w Ukrainie, w tym poprzez ograniczenie eksportu towar\u00f3w podw\u00f3jnego zastosowania, kt\u00f3re mog\u0105 by\u0107 wykorzystywane przez rosyjsk\u0105 armi\u0119. Wed\u0142ug niego sygna\u0142y z Chin s\u0105 traktowane powa\u017cnie w Moskwie \u2014 nie tylko s\u0142owa, ale tak\u017ce konkretne dzia\u0142ania.<\/p>\n<p>Wed\u0142ug eksperta ds. Azji Wschodniej Lukasa Lasa Merz powinien wywalczy\u0107 lepsze warunki handlu z Chinami. Las twierdzi, \u017ce Chiny aktywnie zagra\u017caj\u0105 europejskiemu rynkowi, w tym niemieckiemu, zw\u0142aszcza w bran\u017cy motoryzacyjnej, kt\u00f3ra ma kluczowe znaczenie dla Niemiec. \u2014 Niemcy nie maj\u0105 takich samych warunk\u00f3w wej\u015bcia na rynek chi\u0144ski \u2014 zauwa\u017ca. Wed\u0142ug eksperta Niemcy zaczynaj\u0105 przegrywa\u0107 z Chinami.<\/p>\n<p>Ryzykowny zwrot<\/p>\n<p>Chocia\u017c w ostatnich dniach widoczne by\u0142o zbli\u017cenie Merza z Chinami, nie jest on jedynym zachodnim przyw\u00f3dc\u0105, kt\u00f3ry w ostatnich miesi\u0105cach podejmuje t\u0119 ryzykown\u0105 gr\u0119 zbli\u017cania si\u0119 do Pekinu.<\/p>\n<p>Podobny ton wybrzmia\u0142 r\u00f3wnie\u017c podczas wizyty premiera Irlandii Micheala Martina w Pekinie na pocz\u0105tku stycznia 2026 r. Prezydent Xi Jinping podczas spotkania wykona\u0142 symboliczny gest i wspomnia\u0142, \u017ce jego ulubion\u0105 ksi\u0105\u017ck\u0105 z m\u0142odo\u015bci by\u0142a irlandzka powie\u015b\u0107 &#8222;The Gadfly&#8221; (&#8222;Szersze\u0144&#8221;), nadaj\u0105c rozmowom bardziej osobisty wymiar. Pekin jednocze\u015bnie otwarcie wzywa za po\u015brednictwem medi\u00f3w pa\u0144stwowych do \u015bci\u015blejszej wsp\u00f3\u0142pracy z Uni\u0105 Europejsk\u0105 i przedstawia si\u0119 jako obro\u0144ca porz\u0105dku multilateralnego.<\/p>\n<p>      <img decoding=\"async\" src=\"https:\/\/www.europesays.com\/pl\/wp-content\/uploads\/2026\/03\/Y3Sk9lBaHR0cHM6Ly9vY2RuLmV1L3B1bHNjbXMvTURBXy81ZGRjZjZkNjIzZjMyYzQ1ZjkwMzBhMGFhMjIyMjZlOC5qcGeRlQLNB.jpeg\" height=\"684\" width=\"940\" alt=\"Premier Kanady Mark Carney z przyw\u00f3dc\u0105 Chin Xi Jinpingiem w Pekinie, 16 stycznia 2026 r.\" loading=\"lazy\" class=\"ods-c-image__img ods-c-image__img--viewport-width\"\/> <\/p>\n<p>Premier Kanady Mark Carney z przyw\u00f3dc\u0105 Chin Xi Jinpingiem w Pekinie, 16 stycznia 2026 r.SEAN KILPATRICK \/ PAP<\/p>\n<p>Zbli\u017cenie z Chinami nie jest wi\u0119c odosobnionym krokiem Berlina, ale cz\u0119\u015bci\u0105 szerszej rewizji stosunk\u00f3w mi\u0119dzy Zachodem a Pekinem.<\/p>\n<p>Podczas wizyty w Pekinie premier Kanady Mark Carney og\u0142osi\u0142 now\u0105 faz\u0119 wsp\u00f3\u0142pracy strategicznej i podj\u0105\u0142 decyzj\u0119 o znacznym obni\u017ceniu ce\u0142 na chi\u0144skie samochody elektryczne. Krok ten sygnalizuje d\u0105\u017cenie do dywersyfikacji stosunk\u00f3w handlowych w czasie napi\u0119\u0107 ze Stanami Zjednoczonymi, kiedy to c\u0142a na\u0142o\u017cone przez Trumpa na Kanad\u0119 na samym pocz\u0105tku jego rz\u0105d\u00f3w wywo\u0142a\u0142y du\u017cy sprzeciw Kanadyjczyk\u00f3w wobec USA i ich prezydenta.<\/p>\n<p>Brytyjski premier Keir Starmer spotka\u0142 si\u0119 z Xi Jinpingiem pod koniec stycznia 2026 r. w Pekinie. Obie strony rozmawia\u0142y o &#8222;resecie&#8221; stosunk\u00f3w gospodarczych. Chiny zgodzi\u0142y si\u0119 na obni\u017cenie ce\u0142 na szkock\u0105 whisky i wprowadzi\u0142y 30-dniowy okres bezwizowy dla obywateli brytyjskich. Cz\u0119\u015bci\u0105 wizyty by\u0142y r\u00f3wnie\u017c umowy inwestycyjne w dziedzinie farmacji, energetyki i us\u0142ug finansowych.<\/p>\n<p>Mo\u017cna by pomy\u015ble\u0107, \u017ce zbli\u017cenie z Chinami ma charakter g\u0142\u00f3wnie ekonomiczny i mo\u017ce sugerowa\u0107 pr\u00f3b\u0119 prowokacji ze strony europejskich przyw\u00f3dc\u00f3w wobec Donalda Trumpa.<\/p>\n<p>Jednak wed\u0142ug Lasa jest to raczej pragmatyczny krok gospodarczy ze strony Unii. Ekspert twierdzi, \u017ce &#8222;bior\u0105c pod uwag\u0119 wzajemn\u0105 zale\u017cno\u015b\u0107, kt\u00f3ra dzia\u0142a na niekorzy\u015b\u0107 obszaru transatlantyckiego, rzeczywiste pog\u0142\u0119bienie wsp\u00f3\u0142pracy rozpocznie si\u0119 w momencie, gdy Chiny przestan\u0105 <a href=\"https:\/\/www.onet.pl\/informacje\/onetwiadomosci\/tak-neutralny-pekin-nadal-wspiera-machine-wojenna-putina-dzieki-chinskim-komponentom\/ykn3dld,79cfc278\" id=\"09e161fd-4a69-4246-8acb-800a3e92c102\" rel=\"nofollow noopener\" target=\"_blank\">po cichu wspiera\u0107 polityk\u0119 Rosji<\/a> i zaczn\u0105 ustanawia\u0107 bardziej wyr\u00f3wnane warunki dla zachodnich podmiot\u00f3w gospodarczych&#8221;.<\/p>\n<p>Las dodaje jednak, \u017ce taka przysz\u0142a wsp\u00f3\u0142praca nie b\u0119dzie odbywa\u0107 si\u0119 za darmo.<\/p>\n","protected":false},"excerpt":{"rendered":"Je\u015bli nie chc\u0105 nas na Zachodzie, zwr\u00f3cimy si\u0119 ku Wschodowi. Je\u015bli najbli\u017cszy sojusznik si\u0119 oddala, trzeba poszuka\u0107 nowego&hellip;\n","protected":false},"author":2,"featured_media":294270,"comment_status":"","ping_status":"","sticky":false,"template":"","format":"standard","meta":{"footnotes":"","_share_on_mastodon":"0"},"categories":[16],"tags":[56,113,112,85,44,189,345,12071,10875,48,46,42,38,40,39,41,47,80,9048],"class_list":["post-294269","post","type-post","status-publish","format-standard","has-post-thumbnail","category-biznes","tag-article_premium","tag-biznes","tag-business","tag-chiny","tag-donald_trump","tag-europa","tag-friedrich_merz","tag-keir_starmer","tag-mark_carney","tag-nat_styl","tag-omp","tag-pl","tag-poland","tag-polish","tag-polska","tag-polski","tag-screening_general","tag-swiat","tag-xi_jinping"],"share_on_mastodon":{"url":"https:\/\/pubeurope.com\/@pl\/116189292435531017","error":""},"_links":{"self":[{"href":"https:\/\/www.europesays.com\/pl\/wp-json\/wp\/v2\/posts\/294269","targetHints":{"allow":["GET"]}}],"collection":[{"href":"https:\/\/www.europesays.com\/pl\/wp-json\/wp\/v2\/posts"}],"about":[{"href":"https:\/\/www.europesays.com\/pl\/wp-json\/wp\/v2\/types\/post"}],"author":[{"embeddable":true,"href":"https:\/\/www.europesays.com\/pl\/wp-json\/wp\/v2\/users\/2"}],"replies":[{"embeddable":true,"href":"https:\/\/www.europesays.com\/pl\/wp-json\/wp\/v2\/comments?post=294269"}],"version-history":[{"count":0,"href":"https:\/\/www.europesays.com\/pl\/wp-json\/wp\/v2\/posts\/294269\/revisions"}],"wp:featuredmedia":[{"embeddable":true,"href":"https:\/\/www.europesays.com\/pl\/wp-json\/wp\/v2\/media\/294270"}],"wp:attachment":[{"href":"https:\/\/www.europesays.com\/pl\/wp-json\/wp\/v2\/media?parent=294269"}],"wp:term":[{"taxonomy":"category","embeddable":true,"href":"https:\/\/www.europesays.com\/pl\/wp-json\/wp\/v2\/categories?post=294269"},{"taxonomy":"post_tag","embeddable":true,"href":"https:\/\/www.europesays.com\/pl\/wp-json\/wp\/v2\/tags?post=294269"}],"curies":[{"name":"wp","href":"https:\/\/api.w.org\/{rel}","templated":true}]}}