{"id":294406,"date":"2026-03-07T20:20:13","date_gmt":"2026-03-07T20:20:13","guid":{"rendered":"https:\/\/www.europesays.com\/pl\/294406\/"},"modified":"2026-03-07T20:20:13","modified_gmt":"2026-03-07T20:20:13","slug":"afrodyta-w-srebrnych-luskach-i-dziergana-elegancja-czyli-sukcesy-i-porazki-modowe-tygodnia-plejada","status":"publish","type":"post","link":"https:\/\/www.europesays.com\/pl\/294406\/","title":{"rendered":"Afrodyta w srebrnych \u0142uskach i dziergana elegancja, czyli sukcesy i pora\u017cki modowe tygodnia &#8211; Plejada"},"content":{"rendered":"<ol>\n<li><a href=\"https:\/\/news.google.com\/rss\/articles\/CBMivgFBVV95cUxPcFFEOWJKOHVmVjdmRHFqLWl1RXBWNWNuLWxlWG1oWFNDYnJBWl9xdkh3WFlnZy1tZWw3ODMzSzhHRjFvYkdUTHhpQ2Jxd0I1ZlY5WUptM2ZDVmhUeXRfbmpkSUlUQUY3X2NZUnpGaWtqUTYySHF2bHRIcmNUNVZPTEx1OWNRaWEzdDRBWl9lU0F0VHRvZExjRERfa21fZXZiX1JsaHBiU19YWnpqWWdIOVlmQkY3bXVtOFYzUVp3?oc=5\" target=\"_blank\" rel=\"nofollow noopener\">Afrodyta w srebrnych \u0142uskach i dziergana elegancja, czyli sukcesy i pora\u017cki modowe tygodnia<\/a>&nbsp;&nbsp;Plejada<\/li>\n<li><a href=\"https:\/\/news.google.com\/rss\/articles\/CBMi8AFBVV95cUxPU0hBLXpDVGM1STJ3QXA3UGl3cjg5V1habzVWQTlvMTQ2MXJhSnU1X3Y4SFJoOTNTODlfQmU1WVlqV2V0eFFOMlNjenpLMC0xWFNxRWczTXVyaHFUYy1Ga0NLaXJ5SEJGUG1ZV1dkaUtkVTJLbG80b3MyYTZUZmZvLWo5SjVVaWF3TWlSc0h5Y1MwSFlvYU82Y2djWi1nMlFQMDdFd1VtM0dLNlY4WHFHbzhhdVczeFdLZnNFcHZnQ1YtZmVUWFhZZFpibncyRkFjTFY0LW5VcVQ1M0RWdDJyel9nMjhCTXlleFdVLVNhcU0?oc=5\" target=\"_blank\" rel=\"nofollow noopener\">Kto z polskich celebryt\u00f3w zaskoczy\u0142 modowym wyborem, a kto zaliczy\u0142 wpadk\u0119 na czerwonym dywanie? Odkryj, kto zas\u0142u\u017cy\u0142 na hit tygodnia. Link w komentarzu<\/a>&nbsp;&nbsp;facebook.com<\/li>\n<li><a href=\"https:\/\/news.google.com\/rss\/articles\/CBMixAFBVV95cUxQc2RFSnFOcUNrcG9NV2hFQk42N3JiazlIZk1OekZLNDNOejhhMGVpMGJIbXUtMXNTZEZVNUg2THZncXhuR29OYjRwZlhGVzNhT3pHb296M3lYRlQ5OThQbjc2WTNGTjVHR3BEU2NqTjQ5Y3M4Nk10VHZJeFpaUjl4dFVKMG9xa0JvZ3M2T2EtQVlFdXJoc0pnMWtZZkVKNXYxeEtzM2FKUVVTTWNlVXpYS291RlExaGpZN0N2UjNONjFUTkpy?oc=5\" target=\"_blank\" rel=\"nofollow noopener\">Sukcesy i pora\u017cki modowe tygodnia. Prze\u015bwity, tumiwisizm i a\u017c dwie klapy<\/a>&nbsp;&nbsp;Onet<\/li>\n<li><a href=\"https:\/\/news.google.com\/rss\/articles\/CBMi6gFBVV95cUxOTGd6YUZEV2F2eXMtMGJvN1h6NlZvQmNHa2VEb2FUcy1xYVVRblhIUnJ3M2FoQm5QakRWMXJ5eVcxdlBMa1RYeFdYMjUwMzF3ZW5hbkNXNVliTTNfeWpaWGNPMWk1Z2tzdnZubDNRVVljd25OV3ZNMEZKY2haQVQxcG84RUI5c2daWWp0bEM1N1hrWTRnRS02RlhtMnluWnp6endCdHkwcmZRbkN4eVhySDVJTjVCNnZtWFJLcU5iSnZuUWttSEc5bEdueDMwNkZWbFljdDMxYkYzQ1BSNTZmd2ZYcGdBOEdmd3c?oc=5\" target=\"_blank\" rel=\"nofollow noopener\">Niezwyk\u0142a okazja dla fan\u00f3w monarchii: odkryj prywatne przestrzenie El\u017cbiety II w Pa\u0142acu Holyroodhouse, gdzie codzienno\u015b\u0107 spotyka histori\u0119. Link w komentarzu<\/a>&nbsp;&nbsp;facebook.com<\/li>\n<li><a href=\"https:\/\/news.google.com\/rss\/articles\/CBMi4wFBVV95cUxPSDNQTTFWd1VkbVJBYTdqOTRnTnRLaDRrZWV3bUZVaWlleGxOcnR3alZia2hSckRlblNETXp4emZ2YlRYN3d0S2xoMmNXNkRLVWwxRjJ2V2I5NkFpeTlKX0lFUmN2bk5UaHUtdF9rX0d5aGY0dUtqbUowNDhOcEJldGFxb1NLczltbHVOUnBLS19YZjA5TUU0Y0lXdmxPUzhJSTZ3X2xZaXd6aFBieEk5MWw0N1l3QlFIeGcxM2ZsRnVDQVpodU9rdjRyeTgwWW5UYUdraDlCeEYzNFh1YXNURkNGVQ?oc=5\" target=\"_blank\" rel=\"nofollow noopener\">Maria Konwicka wyrazi\u0142a swoje rozczarowanie brakiem uwagi medi\u00f3w wobec jej ojca, Tadeusza Konwickiego, w setn\u0105 rocznic\u0119 jego urodzin. Link w komentarzu<\/a>&nbsp;&nbsp;facebook.com<\/li>\n<\/ol>\n","protected":false},"excerpt":{"rendered":"Afrodyta w srebrnych \u0142uskach i dziergana elegancja, czyli sukcesy i pora\u017cki modowe tygodnia&nbsp;&nbsp;Plejada Kto z polskich celebryt\u00f3w zaskoczy\u0142&hellip;\n","protected":false},"author":2,"featured_media":294407,"comment_status":"","ping_status":"","sticky":false,"template":"","format":"standard","meta":{"footnotes":"","_share_on_mastodon":"0"},"categories":[22],"tags":[44542,15921,1857,16152,122,42024,4528,6153,6152,5866,5221,21313,48,46,21389,42,38,40,39,41,123,47,9130,9131,338,804,21390],"class_list":["post-294406","post","type-post","status-publish","format-standard","has-post-thumbnail","category-rozrywka","tag-anna_jarosik","tag-barbara_kurdej_szatan","tag-dominika_serowska","tag-dominika_tajner","tag-entertainment","tag-float_tst2","tag-iwona_pavlocic","tag-karolina_gorczyca","tag-krzysztof_czeczot","tag-maja_rutkowski","tag-malgorzata_rozenek_majdan","tag-michalina_sosna","tag-nat_styl","tag-omp","tag-pawel_domagala","tag-pl","tag-poland","tag-polish","tag-polska","tag-polski","tag-rozrywka","tag-screening_general","tag-sukcesy_i_porazki_modowe","tag-sukcesy_i_porazki_modowe_gwiazd","tag-tylko_w_plejadzie","tag-zdjecia_gwiazd","tag-zuzanna_grabowska"],"share_on_mastodon":{"url":"","error":"Validation failed: Text character limit of 500 exceeded"},"_links":{"self":[{"href":"https:\/\/www.europesays.com\/pl\/wp-json\/wp\/v2\/posts\/294406","targetHints":{"allow":["GET"]}}],"collection":[{"href":"https:\/\/www.europesays.com\/pl\/wp-json\/wp\/v2\/posts"}],"about":[{"href":"https:\/\/www.europesays.com\/pl\/wp-json\/wp\/v2\/types\/post"}],"author":[{"embeddable":true,"href":"https:\/\/www.europesays.com\/pl\/wp-json\/wp\/v2\/users\/2"}],"replies":[{"embeddable":true,"href":"https:\/\/www.europesays.com\/pl\/wp-json\/wp\/v2\/comments?post=294406"}],"version-history":[{"count":0,"href":"https:\/\/www.europesays.com\/pl\/wp-json\/wp\/v2\/posts\/294406\/revisions"}],"wp:featuredmedia":[{"embeddable":true,"href":"https:\/\/www.europesays.com\/pl\/wp-json\/wp\/v2\/media\/294407"}],"wp:attachment":[{"href":"https:\/\/www.europesays.com\/pl\/wp-json\/wp\/v2\/media?parent=294406"}],"wp:term":[{"taxonomy":"category","embeddable":true,"href":"https:\/\/www.europesays.com\/pl\/wp-json\/wp\/v2\/categories?post=294406"},{"taxonomy":"post_tag","embeddable":true,"href":"https:\/\/www.europesays.com\/pl\/wp-json\/wp\/v2\/tags?post=294406"}],"curies":[{"name":"wp","href":"https:\/\/api.w.org\/{rel}","templated":true}]}}