{"id":294525,"date":"2026-03-07T22:17:04","date_gmt":"2026-03-07T22:17:04","guid":{"rendered":"https:\/\/www.europesays.com\/pl\/294525\/"},"modified":"2026-03-07T22:17:04","modified_gmt":"2026-03-07T22:17:04","slug":"preselekcje-do-eurowizji-2026-za-nami-internauci-komentuja-wystepy-2","status":"publish","type":"post","link":"https:\/\/www.europesays.com\/pl\/294525\/","title":{"rendered":"Preselekcje do Eurowizji 2026 za nami. Internauci komentuj\u0105 wyst\u0119py"},"content":{"rendered":"<p>7 marca, tu\u017c po &#8222;Teleexpressie&#8221;, widzowie TVP1 mogli zobaczy\u0107 koncert z udzia\u0142em finalist\u00f3w krajowych eliminacji. O miejsce na eurowizyjnej scenie w Wiedniu walcz\u0105: Alicja Szempli\u0144ska (&#8222;Pray&#8221;), Anastazja Maci\u0105g (&#8222;Wild Child&#8221;), Basia Giewont (&#8222;Zimna woda&#8221;), Jeremi Sikorski (&#8222;Cienie przesz\u0142o\u015bci&#8221;), Karolina Szczurowska (&#8222;Nie b\u00f3j si\u0119&#8221;), Ola Antoniak (&#8222;Don&#8217;t You Try&#8221;), Piotr Pr\u0119gowski (&#8222;Parawany tango&#8221;) oraz Stasiek Kukulski (&#8222;This Too Shall Pass&#8221;). Wyst\u0119py zosta\u0142y nagrane niespe\u0142na tydzie\u0144 przed emisj\u0105 koncertu.<\/p>\n<p> Dalszy ci\u0105g artyku\u0142u pod materia\u0142em wideo    <\/p>\n<p> Kto jest faworytem internaut\u00f3w w preselekcjach do Eurowizji? <\/p>\n<p> Kiedy zostanie og\u0142oszony zwyci\u0119zca preselekcji? <\/p>\n<p> Jakie wyst\u0119py wzbudzi\u0142y najwi\u0119ksze kontrowersje? <\/p>\n<p> Gdzie odbywa si\u0119 fina\u0142 Eurowizji 2026? <\/p>\n<p>       Decyduj\u0105cy g\u0142os widz\u00f3w na preselekcjach do Eurowizji<\/p>\n<p>O tym, kto wyst\u0105pi w barwach Polski na Eurowizji, zdecyduj\u0105 widzowie \u2014 g\u0142osowanie odbywa\u0142o si\u0119 za po\u015brednictwem aplikacji TVP VOD (do 7 marca, godz. 17:00) oraz poprzez SMS-y (do godz. 23:59). Zwyci\u0119zca zostanie og\u0142oszony 8 marca o godzinie 10.00 w porannym wydaniu &#8222;Pytania na \u015bniadanie&#8221; na antenie TVP2.<\/p>\n<p>Ju\u017c teraz jednak w sieci rozgorza\u0142a dyskusja na temat wyst\u0119p\u00f3w \u2014 szczeg\u00f3lnie uwag\u0119 przykuwaj\u0105 komentarze pod adresem Anastazji Maci\u0105g: &#8222;Oj, a by\u0142a moj\u0105 faworytk\u0105&#8221;, &#8222;\u015arednio&#8221;, &#8222;My\u015bla\u0142em, \u017ce b\u0119dzie lepiej&#8221; \u2014 to tylko niekt\u00f3re z opinii internaut\u00f3w.<\/p>\n<p>Mieszane emocje wzbudzi\u0142 wyst\u0119p Piotra Pr\u0119gowskiego. &#8222;Powiedzcie, \u017ce to \u017cart&#8221;, &#8222;To kabaret&#8221;, &#8222;Jaki wstyd&#8221; \u2014 brzmia\u0142y bezlitosne komentarze. Nie zabrak\u0142o jednak pochwa\u0142: &#8222;Zwyci\u0119zca&#8221;, &#8222;Jedyny s\u0142uszny wyb\u00f3r&#8221;, &#8222;Genialny wyst\u0119p&#8221;.<\/p>\n<p>Du\u017co pozytywnych ocen zwrotnych otrzyma\u0142a Karolina Szczurowska: &#8222;Pi\u0119knie&#8221;, &#8222;Jestem zakochana&#8221;, &#8222;Nie spodziewa\u0142em si\u0119, \u017ce to b\u0119dzie, a\u017c tak dobre&#8221; \u2014 wychwalali internauci.<\/p>\n<p>R\u00f3wnie dobre noty przyznano Sta\u015bkowi Kukulskiemu: &#8222;Pi\u0119kny g\u0142os, brawo&#8221;, &#8222;Nie spodziewa\u0142em si\u0119 tak dobrego wyst\u0119pu&#8221;, &#8222;Jedyny wyst\u0119p, kt\u00f3ry ma szanse&#8221;.<\/p>\n<p>Jednak te pozytywne opinie wcale niczego nie przes\u0105dzaj\u0105, a konkurencja jest du\u017ca. W czo\u0142\u00f3wce internetowych faworyt\u00f3w znalaz\u0142a si\u0119 Basia Giewont: &#8222;Zmieniam mojego faworyta na Basi\u0119&#8221;, &#8222;Niesamowita&#8221;, &#8222;Najlepszy wyst\u0119p. G\u0142osuj\u0119&#8221;.<\/p>\n<p>Trudno przes\u0105dzi\u0107 o werdykcie, w kwestii wyst\u0119pu Alicji Szempli\u0144skiej. Internauci mocno si\u0119 podzielili: &#8222;Moja faworytka. Ciary na ca\u0142ym ciele&#8221;, &#8222;Ta piosenka jest m\u0119cz\u0105ca&#8221;, &#8222;Mam nadziej\u0119, \u017ce wygra&#8221;, &#8222;To nie jest piosenka, kt\u00f3ra wpada w ucho&#8221;.<\/p>\n<p>Nie najlepsze oceny zebra\u0142a Ola Antoniak, kt\u00f3rej widzowie zarzucili &#8222;m\u0119cz\u0105cy utw\u00f3r&#8221;. <\/p>\n<p>Dzi\u0119kujemy, \u017ce przeczyta\u0142a\u015b\/e\u015b nasz artyku\u0142 do ko\u0144ca. W serwisie Plejada.pl ka\u017cdego dnia piszemy o najwa\u017cniejszych wydarzeniach show-biznesowych. B\u0105d\u017a na bie\u017c\u0105co! <a rel=\"nofollow noopener\" href=\"https:\/\/news.google.com\/publications\/CAAiEF0PeAlb7W1llpV_mwV2rL4qFAgKIhBdD3gJW-1tZZaVf5sFdqy-?hl=pl&amp;gl=PL&amp;ceid=PL%3Apl\" id=\"df47b269-6e68-4e0d-a680-6442c5ae37f4\" target=\"_blank\">Obserwuj<\/a> Plejad\u0119 w Wiadomo\u015bciach Google. Odwied\u017a nas tak\u017ce na <a rel=\"nofollow noopener\" href=\"https:\/\/www.facebook.com\/plejadapl\" id=\"52b949e6-a51d-4038-a711-32896d451e3b\" target=\"_blank\">Facebooku<\/a>, <a rel=\"nofollow noopener\" href=\"https:\/\/www.instagram.com\/plejadapl\/\" id=\"5c48fe8d-a066-4fd2-814d-e45e495c6a66\" target=\"_blank\">Instagramie<\/a>, <a rel=\"nofollow noopener\" href=\"https:\/\/www.youtube.com\/c\/plejada\" id=\"094656cf-7bfe-41cf-b820-057556c48812\" target=\"_blank\">YouTubie<\/a> oraz <a rel=\"nofollow noopener\" href=\"https:\/\/www.tiktok.com\/@plejada_pl\" id=\"0a889c27-ca71-43ed-aa48-2e7bce27c9d1\" target=\"_blank\">TikToku<\/a>.<\/p>\n<p>Chcesz podzieli\u0107 si\u0119 ciekawym newsem lub zaproponowa\u0107 temat? Skontaktuj si\u0119 z nami, pisz\u0105c maila na adres: plejada@redakcjaonet.pl.<\/p>\n<p><script async src=\"\/\/www.instagram.com\/embed.js\"><\/script><script async src=\"\/\/www.tiktok.com\/embed.js\"><\/script><\/p>\n","protected":false},"excerpt":{"rendered":"7 marca, tu\u017c po &#8222;Teleexpressie&#8221;, widzowie TVP1 mogli zobaczy\u0107 koncert z udzia\u0142em finalist\u00f3w krajowych eliminacji. O miejsce na&hellip;\n","protected":false},"author":2,"featured_media":294503,"comment_status":"","ping_status":"","sticky":false,"template":"","format":"standard","meta":{"footnotes":"","_share_on_mastodon":"0"},"categories":[5],"tags":[32,33,552,36,37,42025,27,34,35,1252,28,31,48,25,125,46,42,38,40,39,41,47,29,30,26],"class_list":["post-294525","post","type-post","status-publish","format-standard","has-post-thumbnail","category-naglowki","tag-breaking-news","tag-breakingnews","tag-eurowizja","tag-featured-news","tag-featurednews","tag-float_tst1","tag-headlines","tag-latest-news","tag-latestnews","tag-muzyka","tag-naglowki","tag-najwazniejsze-artykuly","tag-nat_styl","tag-news","tag-newsy","tag-omp","tag-pl","tag-poland","tag-polish","tag-polska","tag-polski","tag-screening_general","tag-top-stories","tag-topstories","tag-wiadomosci"],"share_on_mastodon":{"url":"https:\/\/pubeurope.com\/@pl\/116190212587277061","error":""},"_links":{"self":[{"href":"https:\/\/www.europesays.com\/pl\/wp-json\/wp\/v2\/posts\/294525","targetHints":{"allow":["GET"]}}],"collection":[{"href":"https:\/\/www.europesays.com\/pl\/wp-json\/wp\/v2\/posts"}],"about":[{"href":"https:\/\/www.europesays.com\/pl\/wp-json\/wp\/v2\/types\/post"}],"author":[{"embeddable":true,"href":"https:\/\/www.europesays.com\/pl\/wp-json\/wp\/v2\/users\/2"}],"replies":[{"embeddable":true,"href":"https:\/\/www.europesays.com\/pl\/wp-json\/wp\/v2\/comments?post=294525"}],"version-history":[{"count":0,"href":"https:\/\/www.europesays.com\/pl\/wp-json\/wp\/v2\/posts\/294525\/revisions"}],"wp:featuredmedia":[{"embeddable":true,"href":"https:\/\/www.europesays.com\/pl\/wp-json\/wp\/v2\/media\/294503"}],"wp:attachment":[{"href":"https:\/\/www.europesays.com\/pl\/wp-json\/wp\/v2\/media?parent=294525"}],"wp:term":[{"taxonomy":"category","embeddable":true,"href":"https:\/\/www.europesays.com\/pl\/wp-json\/wp\/v2\/categories?post=294525"},{"taxonomy":"post_tag","embeddable":true,"href":"https:\/\/www.europesays.com\/pl\/wp-json\/wp\/v2\/tags?post=294525"}],"curies":[{"name":"wp","href":"https:\/\/api.w.org\/{rel}","templated":true}]}}