{"id":294729,"date":"2026-03-08T03:20:09","date_gmt":"2026-03-08T03:20:09","guid":{"rendered":"https:\/\/www.europesays.com\/pl\/294729\/"},"modified":"2026-03-08T03:20:09","modified_gmt":"2026-03-08T03:20:09","slug":"nie-byl-uczestnikiem-mam-talent-po-jego-show-wcisnieto-zloty-przycisk","status":"publish","type":"post","link":"https:\/\/www.europesays.com\/pl\/294729\/","title":{"rendered":"Nie by\u0142 uczestnikiem &#8222;Mam talent!&#8221;. Po jego show wci\u015bni\u0119to z\u0142oty przycisk"},"content":{"rendered":"<p class=\"Paragraph_desktopParagraph__U31Gm\">To mia\u0142 by\u0107 zwyczajny wiecz\u00f3r dla Maksymiliana. Przyszed\u0142 do studia<a href=\"https:\/\/plejada.pl\/temat\/mam-talent-program-telewizyjny\/kldyq95\" id=\"be0ec81c-a4f6-4d22-9909-fb87bc75e196\" rel=\"nofollow noopener\" target=\"_blank\"> &#8222;Mam talent!&#8221;,<\/a> by wspiera\u0107 swojego brata Sebastiana, kt\u00f3ry w\u0142a\u015bnie walczy\u0142 o wej\u015bcie do programu. Sebastian zachwyci\u0142 juror\u00f3w i otrzyma\u0142 cztery razy &#8222;Tak&#8221;. Chwila sukcesu brata sta\u0142a si\u0119 dla 22-latka impulsem \u2014 spontanicznie zg\u0142osi\u0142 si\u0119 z publiczno\u015bci, prosz\u0105c o mo\u017cliwo\u015b\u0107 wyst\u0119pu. &#8222;Ja te\u017c \u015bpiewam. Czy m\u00f3g\u0142bym wyj\u015b\u0107 na scen\u0119 i za\u015bpiewa\u0107?&#8221; \u2014 zapyta\u0142, zaskakuj\u0105c wszystkich obecnych.<\/p>\n<ul class=\"OchatFollowUps_wrapper__1ry7X\">\n<li class=\"OchatFollowUps_item__Dhyly OchatFollowUps_itemDesktop__R6aBv\">Kim jest Maksymilian R\u0105pel?<\/li>\n<li class=\"OchatFollowUps_item__Dhyly OchatFollowUps_itemDesktop__R6aBv\">Jakie utw\u00f3r za\u015bpiewa\u0142 Maksymilian?<\/li>\n<li class=\"OchatFollowUps_item__Dhyly OchatFollowUps_itemDesktop__R6aBv\">Kto wcisn\u0105\u0142 z\u0142oty przycisk?<\/li>\n<li class=\"OchatFollowUps_item__Dhyly OchatFollowUps_itemDesktop__R6aBv\">Jak zareagowali jurorzy na wyst\u0119p Maksymiliana?<\/li>\n<\/ul>\n<p>Nieoczekiwany wyst\u0119p w &#8222;Mam talent!&#8221; <\/p>\n<p class=\"Paragraph_desktopParagraph__U31Gm\">Jurorzy nie wahali si\u0119 d\u0142ugo \u2014 zgodzili si\u0119, by Maksymilian spr\u00f3bowa\u0142 swoich si\u0142. Gdy tylko zacz\u0105\u0142 \u015bpiewa\u0107 utw\u00f3r Barbary Pravi, &#8222;Voil\u00e0&#8221;, w studiu zapanowa\u0142a absolutna cisza. Jego g\u0142os \u2014 dojrza\u0142y, pe\u0142en emocji i autentyczno\u015bci \u2014 od razu przyku\u0142 uwag\u0119 publiczno\u015bci i juror\u00f3w.<\/p>\n<p class=\"Paragraph_desktopParagraph__U31Gm\">Fina\u0142 wyst\u0119pu przyni\u00f3s\u0142 owacj\u0119 na stoj\u0105co. Sala eksplodowa\u0142a entuzjazmem, a jurorzy nie kryli wzruszenia.<\/p>\n<blockquote>\n<p class=\"Paragraph_desktopParagraph__U31Gm\">To by\u0142o fenomenalne! Gratuluj\u0119, gratuluj\u0119!<\/p>\n<\/blockquote>\n<p class=\"Paragraph_desktopParagraph__U31Gm\">\u2014 komentowa\u0142a Agnieszka Chyli\u0144ska.<\/p>\n<p class=\"Paragraph_desktopParagraph__U31Gm\">Julia Wieniawa podkre\u015bli\u0142a niezwyk\u0142\u0105 wi\u0119\u017a mi\u0119dzy bra\u0107mi: &#8222;To jest wasze spoiwo z bratem, \u017ce jeste\u015bcie starymi duszami. I jeste\u015bcie tacy w\u0142a\u015bnie bardzo inteligentni emocjonalnie i to by\u0142o te\u017c czu\u0107 w twoim wyst\u0119pie. Dzi\u0119kuj\u0119 za tw\u00f3j wyst\u0119p, by\u0142e\u015b wspania\u0142y&#8221;.<\/p>\n<p class=\"Paragraph_desktopParagraph__U31Gm\">Agustin Egurrola nie kry\u0142 zachwytu:<\/p>\n<blockquote>\n<p class=\"Paragraph_desktopParagraph__U31Gm\">Nie mog\u0119 si\u0119 otrz\u0105sn\u0105\u0107. Zabra\u0142e\u015b mnie w sw\u00f3j \u015bwiat, pi\u0119kny \u015bwiat. Jeste\u015b genialny<\/p>\n<\/blockquote>\n<p class=\"Paragraph_desktopParagraph__U31Gm\">Kulminacyjny moment nadszed\u0142, gdy <a href=\"https:\/\/plejada.pl\/temat\/jan-pirowski\/sc7h3n3\" id=\"17ddf068-82fa-43ed-8f7f-bc31c8e93397\" rel=\"nofollow noopener\" target=\"_blank\">Jan Pirowski <\/a>wszed\u0142 na scen\u0119 i&#8230; wcisn\u0105\u0142 z\u0142oty przycisk, zapewniaj\u0105c Maksymilianowi bezpo\u015bredni awans do kolejnego etapu.<\/p>\n<p class=\"Paragraph_desktopParagraph__U31Gm\">Prowadz\u0105cy program podsumowa\u0142: &#8222;Bardzo chcia\u0142bym by\u0107 trzecim bratem, bo by\u0142bym bratem w niezwyk\u0142e uzdolnionej rodzinie i musz\u0119 wam powiedzie\u0107, \u017ce kiedy patrzymy na ciebie i s\u0142uchamy ciebie na backstagu wszyscy mamy g\u0119si\u0105 sk\u00f3rk\u0119. (&#8230;) Panie i panowie uroczy\u015bcie o\u015bwiadczam, \u017ce p\u00f3\u0142finalist\u0105 17 edycji programu \u00bbMam Talent!\u00ab w\u0142a\u015bnie zosta\u0142 Maksymilian!&#8221;.<\/p>\n<p class=\"Paragraph_desktopParagraph__U31Gm\">Sam Maksymilian nie kry\u0142 wzruszenia: &#8222;Bo\u017ce dzi\u0119kuj\u0119 naprawd\u0119. Ja nadal nie wiem co si\u0119 dzieje (&#8230;) Jestem bardzo wdzi\u0119czny, jestem przeszcz\u0119\u015bliwy w tym momencie, nie ukrywam te\u017c, \u017ce nigdy takiej wiary w siebie nie mia\u0142em&#8221;.<\/p>\n<p class=\"Paragraph_desktopParagraph__U31Gm\">Dzi\u0119kujemy, \u017ce przeczyta\u0142a\u015b\/e\u015b nasz artyku\u0142 do ko\u0144ca. W serwisie Plejada.pl ka\u017cdego dnia piszemy o najwa\u017cniejszych wydarzeniach show-biznesowych. B\u0105d\u017a na bie\u017c\u0105co! <a rel=\"nofollow noopener\" href=\"https:\/\/news.google.com\/publications\/CAAiEF0PeAlb7W1llpV_mwV2rL4qFAgKIhBdD3gJW-1tZZaVf5sFdqy-?hl=pl&amp;gl=PL&amp;ceid=PL%3Apl\" id=\"6a8041b3-a4cf-4f80-9724-10e95c00100d\" target=\"_blank\">Obserwuj<\/a> Plejad\u0119 w Wiadomo\u015bciach Google. Odwied\u017a nas tak\u017ce na <a rel=\"nofollow noopener\" href=\"https:\/\/www.facebook.com\/plejadapl\" id=\"089a2413-bd59-4492-86f3-c568fe2993d2\" target=\"_blank\">Facebooku<\/a>, <a rel=\"nofollow noopener\" href=\"https:\/\/www.instagram.com\/plejadapl\/\" id=\"08fb27c6-ad0a-438d-a3df-c75739fc9a58\" target=\"_blank\">Instagramie<\/a>, <a rel=\"nofollow noopener\" href=\"https:\/\/www.youtube.com\/c\/plejada\" id=\"dbb8b7a8-d454-42bd-8cf7-f6795cbaf87d\" target=\"_blank\">YouTubie<\/a> oraz <a rel=\"nofollow noopener\" href=\"https:\/\/www.tiktok.com\/@plejada_pl\" id=\"b2e5be1c-71a4-4f2a-8891-a8e40e3a831f\" target=\"_blank\">TikToku<\/a>.<\/p>\n<p class=\"Paragraph_desktopParagraph__U31Gm\">Chcesz podzieli\u0107 si\u0119 ciekawym newsem lub zaproponowa\u0107 temat? Skontaktuj si\u0119 z nami, pisz\u0105c maila na adres: plejada@redakcjaonet.pl.<\/p>\n<p><script async src=\"\/\/www.instagram.com\/embed.js\"><\/script><script async src=\"\/\/www.tiktok.com\/embed.js\"><\/script><\/p>\n","protected":false},"excerpt":{"rendered":"To mia\u0142 by\u0107 zwyczajny wiecz\u00f3r dla Maksymiliana. Przyszed\u0142 do studia &#8222;Mam talent!&#8221;, by wspiera\u0107 swojego brata Sebastiana, kt\u00f3ry&hellip;\n","protected":false},"author":2,"featured_media":294730,"comment_status":"","ping_status":"","sticky":false,"template":"","format":"standard","meta":{"footnotes":"","_share_on_mastodon":"0"},"categories":[22],"tags":[122,67,32554,261,46638,22266,53,52,68,51,55,42,38,40,39,41,1280,123,47,1607,1113,65,50],"class_list":["post-294729","post","type-post","status-publish","format-standard","has-post-thumbnail","category-rozrywka","tag-entertainment","tag-intextvideo_splayer","tag-jan_pirowski","tag-kultura","tag-less_more_tst1","tag-mam_talent_program_telewizyjny","tag-new_header","tag-onet3","tag-onet3d","tag-onet3d_2i","tag-phx","tag-pl","tag-poland","tag-polish","tag-polska","tag-polski","tag-programy_tv","tag-rozrywka","tag-screening_general","tag-time_limited","tag-tvn_tvn24_tvn7_telewizja","tag-update_me","tag-v2021"],"share_on_mastodon":{"url":"https:\/\/pubeurope.com\/@pl\/116191403908884550","error":""},"_links":{"self":[{"href":"https:\/\/www.europesays.com\/pl\/wp-json\/wp\/v2\/posts\/294729","targetHints":{"allow":["GET"]}}],"collection":[{"href":"https:\/\/www.europesays.com\/pl\/wp-json\/wp\/v2\/posts"}],"about":[{"href":"https:\/\/www.europesays.com\/pl\/wp-json\/wp\/v2\/types\/post"}],"author":[{"embeddable":true,"href":"https:\/\/www.europesays.com\/pl\/wp-json\/wp\/v2\/users\/2"}],"replies":[{"embeddable":true,"href":"https:\/\/www.europesays.com\/pl\/wp-json\/wp\/v2\/comments?post=294729"}],"version-history":[{"count":0,"href":"https:\/\/www.europesays.com\/pl\/wp-json\/wp\/v2\/posts\/294729\/revisions"}],"wp:featuredmedia":[{"embeddable":true,"href":"https:\/\/www.europesays.com\/pl\/wp-json\/wp\/v2\/media\/294730"}],"wp:attachment":[{"href":"https:\/\/www.europesays.com\/pl\/wp-json\/wp\/v2\/media?parent=294729"}],"wp:term":[{"taxonomy":"category","embeddable":true,"href":"https:\/\/www.europesays.com\/pl\/wp-json\/wp\/v2\/categories?post=294729"},{"taxonomy":"post_tag","embeddable":true,"href":"https:\/\/www.europesays.com\/pl\/wp-json\/wp\/v2\/tags?post=294729"}],"curies":[{"name":"wp","href":"https:\/\/api.w.org\/{rel}","templated":true}]}}