{"id":295028,"date":"2026-03-08T08:18:11","date_gmt":"2026-03-08T08:18:11","guid":{"rendered":"https:\/\/www.europesays.com\/pl\/295028\/"},"modified":"2026-03-08T08:18:11","modified_gmt":"2026-03-08T08:18:11","slug":"pilny-komunikat-dla-uzytkownikow-mobywatela-aplikacja-nie-bedzie-dzialac-rmf-fm","status":"publish","type":"post","link":"https:\/\/www.europesays.com\/pl\/295028\/","title":{"rendered":"Pilny komunikat dla u\u017cytkownik\u00f3w mObywatela. Aplikacja nie b\u0119dzie dzia\u0142a\u0107 :: RMF FM"},"content":{"rendered":"<p>Je\u015bli korzystasz z mObywatela, mamy dla Ciebie wa\u017cn\u0105 informacj\u0119. 9 marca 2026 roku aplikacja b\u0119dzie niedost\u0119pna przez kilka godzin z powodu prac technicznych. Sprawd\u017a, co dok\u0142adnie nie b\u0119dzie dzia\u0142a\u0107.<\/p>\n<p><img decoding=\"async\" alt=\"\" src=\"https:\/\/www.europesays.com\/pl\/wp-content\/uploads\/2026\/03\/8a84be16d238ec061a163bab7373b50e.jpg\" class=\"w-100\"\/><\/p>\n<p>Pilny komunikat dla u\u017cytkownik\u00f3w mObywatela. Aplikacja nie b\u0119dzie dzia\u0142a\u0107, fot. Shutterstock<\/p>\n<p>&#13;<br \/>\n\tPrzerwa techniczna w mObywatelu. Co musisz wiedzie\u0107?<\/p>\n<p>&#13;<br \/>\n\tCentralny O\u015brodek Informatyki zapowiedzia\u0142 przerw\u0119 w dost\u0119pie do us\u0142ug aplikacji <a href=\"https:\/\/www.rmf.fm\/magazyn\/tag,mObywatel.html\" target=\"_blank\" rel=\"nofollow noopener\">mObywatel<\/a>, kt\u00f3ra odb\u0119dzie si\u0119 9 marca 2026 roku. W godzinach od 20:00 do 1:00 u\u017cytkownicy nie b\u0119d\u0105 mogli korzysta\u0107 z pe\u0142nej funkcjonalno\u015bci aplikacji, w tym z us\u0142ug przekazywania danych. To planowane wy\u0142\u0105czenie jest niezb\u0119dne do przeprowadzenia prac technicznych, kt\u00f3re maj\u0105 na celu popraw\u0119 jako\u015bci i bezpiecze\u0144stwa us\u0142ug.<\/p>\n<p><a href=\"https:\/\/www.rmf.fm\/magazyn\/news,89096,wyciagnijcie-z-powrotem-zimowe-kurtki-wiemy-ktorego-marca-uderzy-arktyczny-mroz.html\" rel=\"nofollow noopener\" target=\"_blank\"><img decoding=\"async\" src=\"https:\/\/www.europesays.com\/pl\/wp-content\/uploads\/2026\/03\/4733b27ce4af813c1c3acb18c8777371.jpg\" width=\"290\"\/><\/a><a href=\"https:\/\/www.rmf.fm\/magazyn\/news,89096,wyciagnijcie-z-powrotem-zimowe-kurtki-wiemy-ktorego-marca-uderzy-arktyczny-mroz.html\" rel=\"nofollow noopener\" target=\"_blank\">Wyci\u0105gnijcie z powrotem zimowe kurtki. Wiemy, kt\u00f3rego marca uderzy arktyczny mr\u00f3z<\/a><\/p>\n<p>Wszyscy odetchn\u0119li z ulg\u0105, kiedy po kilku miesi\u0105cach zimna temperatury wzros\u0142y do 15 stopni. Niekt\u00f3rzy zd\u0105\u017cyli ju\u017c nawet pochowa\u0107 szaliki i czapki do szafy. Wszystko wskazuje jednak na to, \u017ce zima nie powiedzia\u0142a jeszcze ostatniego&#8230;<\/p>\n<p>\n&#13;<br \/>\n\tJak przygotowa\u0107 si\u0119 na przerw\u0119?<\/p>\n<p>&#13;<br \/>\n\tPodczas przerwy technicznej u\u017cytkownicy mObywatela b\u0119d\u0105 mogli korzysta\u0107 z dokument\u00f3w jedynie w trybie offline. Oznacza to, \u017ce wszelkie operacje wymagaj\u0105ce po\u0142\u0105czenia z internetem, takie jak aktualizacje danych czy weryfikacja to\u017csamo\u015bci, b\u0119d\u0105 niemo\u017cliwe. Dlatego zaleca si\u0119, aby przed planowan\u0105 przerw\u0105 upewni\u0107 si\u0119, \u017ce wszystkie niezb\u0119dne dokumenty s\u0105 pobrane i dost\u0119pne w trybie offline.<\/p>\n<p>&#13;<br \/>\n\tDlaczego przerwa jest konieczna?<\/p>\n<p>&#13;<br \/>\n\tPrace techniczne s\u0105 nieod\u0142\u0105cznym elementem utrzymania i rozwoju nowoczesnych system\u00f3w informatycznych. Centralny O\u015brodek Informatyki regularnie przeprowadza takie dzia\u0142ania, aby zapewni\u0107 u\u017cytkownikom najwy\u017cszy poziom bezpiecze\u0144stwa i funkcjonalno\u015bci. Przerwa w dost\u0119pie do us\u0142ug mObywatela jest zatem niezb\u0119dna, aby wprowadzi\u0107 nowe rozwi\u0105zania i usprawnienia, kt\u00f3re w przysz\u0142o\u015bci przyczyni\u0105 si\u0119 do jeszcze lepszego dzia\u0142ania aplikacji. Cho\u0107 chwilowa niedost\u0119pno\u015b\u0107 mo\u017ce by\u0107 uci\u0105\u017cliwa, to d\u0142ugoterminowe korzy\u015bci z pewno\u015bci\u0105 zrekompensuj\u0105 te niedogodno\u015bci.<\/p>\n<p>&#13;<br \/>\n\tCzytaj te\u017c:\u00a0<a href=\"https:\/\/www.rmf.fm\/magazyn\/news,89060,prezydent-podpisal-ustawe-czy-12-kwietnia-bedzie-dniem-wolnym-od-pracy.html\" target=\"_blank\" rel=\"nofollow noopener\">Prezydent podpisa\u0142 ustaw\u0119. Czy 12 kwietnia b\u0119dzie dniem wolnym od pracy?<\/a><\/p>\n","protected":false},"excerpt":{"rendered":"Je\u015bli korzystasz z mObywatela, mamy dla Ciebie wa\u017cn\u0105 informacj\u0119. 9 marca 2026 roku aplikacja b\u0119dzie niedost\u0119pna przez kilka&hellip;\n","protected":false},"author":2,"featured_media":295029,"comment_status":"","ping_status":"","sticky":false,"template":"","format":"standard","meta":{"footnotes":"","_share_on_mastodon":"0"},"categories":[12],"tags":[32,33,36,37,27,34,35,20736,48313,28,31,25,42,38,40,39,41,29,30,26],"class_list":["post-295028","post","type-post","status-publish","format-standard","has-post-thumbnail","category-polska","tag-breaking-news","tag-breakingnews","tag-featured-news","tag-featurednews","tag-headlines","tag-latest-news","tag-latestnews","tag-mobywatel","tag-mobywatel-nie-dziala","tag-naglowki","tag-najwazniejsze-artykuly","tag-news","tag-pl","tag-poland","tag-polish","tag-polska","tag-polski","tag-top-stories","tag-topstories","tag-wiadomosci"],"share_on_mastodon":{"url":"https:\/\/pubeurope.com\/@pl\/116192575690849383","error":""},"_links":{"self":[{"href":"https:\/\/www.europesays.com\/pl\/wp-json\/wp\/v2\/posts\/295028","targetHints":{"allow":["GET"]}}],"collection":[{"href":"https:\/\/www.europesays.com\/pl\/wp-json\/wp\/v2\/posts"}],"about":[{"href":"https:\/\/www.europesays.com\/pl\/wp-json\/wp\/v2\/types\/post"}],"author":[{"embeddable":true,"href":"https:\/\/www.europesays.com\/pl\/wp-json\/wp\/v2\/users\/2"}],"replies":[{"embeddable":true,"href":"https:\/\/www.europesays.com\/pl\/wp-json\/wp\/v2\/comments?post=295028"}],"version-history":[{"count":0,"href":"https:\/\/www.europesays.com\/pl\/wp-json\/wp\/v2\/posts\/295028\/revisions"}],"wp:featuredmedia":[{"embeddable":true,"href":"https:\/\/www.europesays.com\/pl\/wp-json\/wp\/v2\/media\/295029"}],"wp:attachment":[{"href":"https:\/\/www.europesays.com\/pl\/wp-json\/wp\/v2\/media?parent=295028"}],"wp:term":[{"taxonomy":"category","embeddable":true,"href":"https:\/\/www.europesays.com\/pl\/wp-json\/wp\/v2\/categories?post=295028"},{"taxonomy":"post_tag","embeddable":true,"href":"https:\/\/www.europesays.com\/pl\/wp-json\/wp\/v2\/tags?post=295028"}],"curies":[{"name":"wp","href":"https:\/\/api.w.org\/{rel}","templated":true}]}}