{"id":295372,"date":"2026-03-08T12:36:21","date_gmt":"2026-03-08T12:36:21","guid":{"rendered":"https:\/\/www.europesays.com\/pl\/295372\/"},"modified":"2026-03-08T12:36:21","modified_gmt":"2026-03-08T12:36:21","slug":"prezydent-iranu-przeprasza-za-ataki-na-kraje-arabskie","status":"publish","type":"post","link":"https:\/\/www.europesays.com\/pl\/295372\/","title":{"rendered":"Prezydent Iranu przeprasza za ataki na kraje arabskie"},"content":{"rendered":"<p>   <a href=\"https:\/\/defence24.pl\/strona-autora\/wojciech-koziol\" target=\"_self\" class=\"article-author__wrap\" rel=\"nofollow noopener\"><img loading=\"lazy\" decoding=\"async\" src=\"https:\/\/www.europesays.com\/pl\/wp-content\/uploads\/2026\/01\/8QEoofg0C2O1R6JMTSUEkikQs55GL0w3pR2wRV5S.auyp.jpg\" alt=\"\"  width=\"100\" height=\"100\" author=\"Defence24.pl\" caption=\"\" fullscreen=\"https:\/\/cdn.defence24.pl\/2023\/12\/11\/1920xpx\/8QEoofg0C2O1R6JMTSUEkikQs55GL0w3pR2wRV5S.mhx4.jpg\" class=\"img article-author__avatar img-avatar\"\/><br \/>\n          Wojciech Kozio\u0142<br \/>\n        <\/a><br \/>\n      7 marca 2026, 11:04<\/p>\n<p>\n      1 min.\n    <\/p>\n<p>Prezydent\u00a0Iranu zapowiedzia\u0142, \u017ce Teheran powstrzyma ataki na swoich s\u0105siad\u00f3w, o ile nie b\u0119d\u0105 z nich prowadzone ataki w ira\u0144skim kierunku. Przeprosi\u0142 te\u017c za dotychczasowe uderzenia.<\/p>\n<p>  <img decoding=\"async\" src=\"https:\/\/www.europesays.com\/pl\/wp-content\/uploads\/2026\/03\/WOSWNBG8KEyL3s9ScPJuODoa1R81lPVZFLNfZz3v.fekc.jpg\" alt=\"\"  width=\"800\" height=\"450\" author=\". By ak ba \/ wikimedia.org\/ cc by-sa 3.0\" fetchpriority=\"high\" class=\"img image-with-caption__image\"\/><br \/>\n        Autor. . By ak ba \/ wikimedia.org\/ cc by-sa 3.0<\/p>\n<p class=\"paragraph-module\">\u201eUwa\u017cam, \u017ce konieczne jest przeproszenie kraj\u00f3w s\u0105siednich, kt\u00f3re zosta\u0142y zaatakowane. Nie zamierzamy naje\u017cd\u017ca\u0107 kraj\u00f3w s\u0105siednich\u201d \u2013 powiedzia\u0142 ira\u0144ski prezydent. Poinformowa\u0142, \u017ce tymczasowe kierownictwo nakaza\u0142o si\u0142om zbrojnym, by od tej pory nie atakowa\u0142y kraj\u00f3w s\u0105siednich, chyba \u017ce ira\u0144skie si\u0142y zostan\u0105 zaatakowane z ich terytorium jako pierwsze. Kr\u00f3tko przed tym przem\u00f3wieniem\u00a0Iran\u00a0ponownie wystrzeli\u0142 pociski w kierunku Bahrajnu, Arabii Saudyjskiej i Zjednoczonych Emirat\u00f3w Arabskich \u2013 zauwa\u017cy\u0142a agencja AP.<\/p>\n<p class=\"paragraph-module\">\u201eMy\u015bl\u0119, \u017ce musimy rozwi\u0105za\u0107 ten problem za pomoc\u0105 dyplomacji, a nie walki i problem\u00f3w z s\u0105siednimi krajami\u201d &#8211; doda\u0142.<\/p>\n<p class=\"paragraph-module\">Niezale\u017cnie od s\u0142\u00f3w prezydenta Pezeszkiana w niedziel\u0119 odb\u0119dzie si\u0119 nadzwyczajne posiedzenie Ligi Pa\u0144stw Arabskich, aby om\u00f3wi\u0107 \u201eira\u0144skie ataki na terytoria kilku kraj\u00f3w arabskich\u201d. Spotkanie, kt\u00f3re odb\u0119dzie si\u0119 w formie wideokonferencji, zosta\u0142o zwo\u0142ane na wniosek Kuwejtu, Arabii Saudyjskiej, Kataru, Omanu, Jordanii i Egiptu \u2013 sprecyzowa\u0142 Hosam Zaki, zast\u0119pca sekretarza generalnego tej organizacji.<\/p>\n","protected":false},"excerpt":{"rendered":"Wojciech Kozio\u0142 7 marca 2026, 11:04 1 min. Prezydent\u00a0Iranu zapowiedzia\u0142, \u017ce Teheran powstrzyma ataki na swoich s\u0105siad\u00f3w, o&hellip;\n","protected":false},"author":2,"featured_media":295373,"comment_status":"","ping_status":"","sticky":false,"template":"","format":"standard","meta":{"footnotes":"","_share_on_mastodon":"0"},"categories":[14],"tags":[4494,32,33,956,27,663,91,12862,22566,34,35,48335,48336,28,31,25,20577,40,41,80,29,30,71,26,82,83,84],"class_list":["post-295372","post","type-post","status-publish","format-standard","has-post-thumbnail","category-swiat","tag-arabia-saudyjska","tag-breaking-news","tag-breakingnews","tag-egipt","tag-headlines","tag-iran","tag-izrael","tag-jordania","tag-kuwejt","tag-latest-news","tag-latestnews","tag-liga-panstw-arabskich","tag-masud-pezeszkian","tag-naglowki","tag-najwazniejsze-artykuly","tag-news","tag-oman","tag-polish","tag-polski","tag-swiat","tag-top-stories","tag-topstories","tag-usa","tag-wiadomosci","tag-world","tag-world-news","tag-worldnews"],"share_on_mastodon":{"url":"https:\/\/pubeurope.com\/@pl\/116193590217963497","error":""},"_links":{"self":[{"href":"https:\/\/www.europesays.com\/pl\/wp-json\/wp\/v2\/posts\/295372","targetHints":{"allow":["GET"]}}],"collection":[{"href":"https:\/\/www.europesays.com\/pl\/wp-json\/wp\/v2\/posts"}],"about":[{"href":"https:\/\/www.europesays.com\/pl\/wp-json\/wp\/v2\/types\/post"}],"author":[{"embeddable":true,"href":"https:\/\/www.europesays.com\/pl\/wp-json\/wp\/v2\/users\/2"}],"replies":[{"embeddable":true,"href":"https:\/\/www.europesays.com\/pl\/wp-json\/wp\/v2\/comments?post=295372"}],"version-history":[{"count":0,"href":"https:\/\/www.europesays.com\/pl\/wp-json\/wp\/v2\/posts\/295372\/revisions"}],"wp:featuredmedia":[{"embeddable":true,"href":"https:\/\/www.europesays.com\/pl\/wp-json\/wp\/v2\/media\/295373"}],"wp:attachment":[{"href":"https:\/\/www.europesays.com\/pl\/wp-json\/wp\/v2\/media?parent=295372"}],"wp:term":[{"taxonomy":"category","embeddable":true,"href":"https:\/\/www.europesays.com\/pl\/wp-json\/wp\/v2\/categories?post=295372"},{"taxonomy":"post_tag","embeddable":true,"href":"https:\/\/www.europesays.com\/pl\/wp-json\/wp\/v2\/tags?post=295372"}],"curies":[{"name":"wp","href":"https:\/\/api.w.org\/{rel}","templated":true}]}}