{"id":295461,"date":"2026-03-08T13:43:11","date_gmt":"2026-03-08T13:43:11","guid":{"rendered":"https:\/\/www.europesays.com\/pl\/295461\/"},"modified":"2026-03-08T13:43:11","modified_gmt":"2026-03-08T13:43:11","slug":"nie-zglosil-sie-a-zdobyl-zloty-przycisk-w-mam-talent-widzowie-wesza-ustawke-2","status":"publish","type":"post","link":"https:\/\/www.europesays.com\/pl\/295461\/","title":{"rendered":"Nie zg\u0142osi\u0142 si\u0119, a zdoby\u0142 z\u0142oty przycisk w &#8222;Mam talent!&#8221;. Widzowie w\u0119sz\u0105 ustawk\u0119"},"content":{"rendered":"<p>Program <a href=\"https:\/\/plejada.pl\/temat\/mam-talent-program-telewizyjny\/kldyq95\" id=\"b429a9a4-4645-4bbb-b5bf-7a75bb2a7faa\" rel=\"nofollow noopener\" target=\"_blank\">&#8222;Mam talent!&#8221;<\/a> od 18 lat niezmiennie zajmuje miejsce w ram\u00f3wce TVN-u, przyci\u0105gaj\u0105c przed ekrany tysi\u0105ce widz\u00f3w. Show wci\u0105\u017c utrzymuje wysok\u0105 ogl\u0105dalno\u015b\u0107, dystansuj\u0105c konkurencyjne formaty, takie jak kabaretowe propozycje Polsatu czy &#8222;The Voice Kids&#8221;, kt\u00f3rej nowy sk\u0142ad jury nie spotka\u0142 si\u0119 z entuzjastycznym przyj\u0119ciem. Dalszy ci\u0105g artyku\u0142u pod materia\u0142em wideo    <\/p>\n<p> Jakie utwory za\u015bpiewali bracia R\u0105pel? <\/p>\n<p> Dlaczego widzowie s\u0105 zdania, \u017ce wyst\u0119p m\u00f3g\u0142 by\u0107 ustawiony? <\/p>\n<p> Kto nacisn\u0105\u0142 z\u0142oty przycisk w programie? <\/p>\n<p> Jak reagowa\u0142o jury na wyst\u0119p Maksymiliana? <\/p>\n<p>  Nie by\u0142 uczestnikiem &#8222;Mam talent!&#8221; i zdoby\u0142 z\u0142oty przycisk. &#8222;Ustawka&#8221;<\/p>\n<p>W najnowszym odcinku na scenie pojawi\u0142 si\u0119 14-letni Sebastian R\u0105pel, prezentuj\u0105c utw\u00f3r &#8222;Um\u00f3wi\u0142em si\u0119 z ni\u0105 na dziewi\u0105t\u0105&#8221; z repertuaru Eugeniusza Bodo. Jego wyst\u0119p zosta\u0142 doceniony przez jury, kt\u00f3re jednog\u0142o\u015bnie zag\u0142osowa\u0142o na &#8222;tak&#8221;, a m\u0142ody uczestnik us\u0142ysza\u0142 wiele pochwa\u0142. Wtedy niespodziewanie z widowni odezwa\u0142 si\u0119 jego starszy brat, kt\u00f3ry r\u00f3wnie\u017c postanowi\u0142 zaprezentowa\u0107 sw\u00f3j talent wokalny przed jurorami.<\/p>\n<p>Wyst\u0119p 22-letniego Maksymiliana R\u0105pla, kt\u00f3ry za\u015bpiewa\u0142 eurowizyjny przeb\u00f3j Barbary Pravi &#8222;Voil\u00e0&#8221;, wywo\u0142a\u0142 poruszenie w\u015br\u00f3d publiczno\u015bci i juror\u00f3w. Prowadz\u0105cy program, Jan Pirowski, zareagowa\u0142 natychmiastowo, naciskaj\u0105c tzw. z\u0142oty przycisk. Oznacza\u0142o to, \u017ce starszy z braci automatycznie zakwalifikowa\u0142 si\u0119 do p\u00f3\u0142fina\u0142\u00f3w na \u017cywo, podczas gdy Sebastian b\u0119dzie musia\u0142 przej\u015b\u0107 przez kolejne etapy eliminacji jurorskich.<\/p>\n<p>Decyzja ta spotka\u0142a si\u0119 z krytyk\u0105 ze strony internaut\u00f3w, kt\u00f3rzy nie kryli rozczarowania takim rozwojem wydarze\u0144.<\/p>\n<p>&#8222;Pi\u0119knie za\u015bpiewane, ale czemu ch\u0142opak nie by\u0142 zg\u0142oszony? Ogromna niesprawiedliwo\u015b\u0107. Troch\u0119 zrzucono brata na drugie miejsce, a by\u0142 r\u00f3wnie wyj\u0105tkowy, wed\u0142ug mnie nawet lepszy. Teraz bracia b\u0119d\u0105 musieli rywalizowa\u0107 i to jeszcze przez tak\u0105 spontaniczn\u0105 sytuacj\u0119, szkoda&#8221; \u2014 napisa\u0142a jedna z internautek.<\/p>\n<p>Inni uwa\u017caj\u0105, \u017ce wyst\u0119p 22-latka by\u0142 ustawiony.<\/p>\n<p>&#8222;Za\u015bpiewa\u0142 pi\u0119knie, szkoda, \u017ce tak bardzo pachnie ustawk\u0105&#8221;; &#8222;Ustawka. Siedzi na widowni i ma mikrofon przyczepiony do koszuli? Dziwne. Przy\u0107mi\u0142 m\u0142odego. To on poszed\u0142 do programu a ten szopk\u0119 robi z widowni. Szkoda mi m\u0142odszego brata&#8221;; &#8222;\u015apiew nic specjalnego, \u0142adnie, ale w necie jest du\u017co, du\u017co lepszych wykona\u0144 tego utworu&#8221; \u2014 brzmi\u0105 niekt\u00f3re z komentarzy.<\/p>\n<p>      Dzi\u0119kujemy, \u017ce przeczyta\u0142a\u015b\/e\u015b nasz artyku\u0142 do ko\u0144ca. W serwisie Plejada.pl ka\u017cdego dnia piszemy o najwa\u017cniejszych wydarzeniach show-biznesowych. B\u0105d\u017a na bie\u017c\u0105co! <a rel=\"nofollow noopener\" href=\"https:\/\/profile.google.com\/cp\/Cg0vZy8xMWJ6X19wdHBx\" id=\"acaf2958-dd5f-44c9-861a-a47713b8a339\" target=\"_blank\">Obserwuj<\/a> Plejad\u0119 w Wiadomo\u015bciach Google. Odwied\u017a nas tak\u017ce na <a rel=\"nofollow noopener\" href=\"https:\/\/www.facebook.com\/plejadapl\" id=\"cee796b9-2658-4b84-9abe-b2130e6c5326\" target=\"_blank\">Facebooku<\/a>, <a rel=\"nofollow noopener\" href=\"https:\/\/www.instagram.com\/plejadapl\/\" id=\"316f86e3-366e-49ae-a21e-a2537479b783\" target=\"_blank\">Instagramie<\/a>, <a rel=\"nofollow noopener\" href=\"https:\/\/www.youtube.com\/c\/plejada\" id=\"eca032bb-1660-42a9-8847-3b84a2f4c296\" target=\"_blank\">YouTube<\/a> oraz <a rel=\"nofollow noopener\" href=\"https:\/\/www.tiktok.com\/@plejada_pl\" id=\"ceb9f948-7c9b-45db-a72e-906d3b041d18\" target=\"_blank\">TikToku<\/a>.Chcesz podzieli\u0107 si\u0119 ciekawym newsem lub zaproponowa\u0107 temat? Skontaktuj si\u0119 z nami, pisz\u0105c e-maila na adres: <a rel=\"nofollow noopener\" href=\"https:\/\/plejada.pl\/newsy\/nie-zglosil-sie-a-zdobyl-zloty-przycisk-w-mam-talent-widzowie-wesza-ustawke\/mailto:plejada@redakcjaonet.pl\" id=\"4f367a1b-cfe4-4d31-8d9f-8d468f893b17\" target=\"_blank\">plejada@redakcjaonet.pl<\/a>.<script async src=\"\/\/www.instagram.com\/embed.js\"><\/script><script async src=\"\/\/www.tiktok.com\/embed.js\"><\/script><\/p>\n","protected":false},"excerpt":{"rendered":"Program &#8222;Mam talent!&#8221; od 18 lat niezmiennie zajmuje miejsce w ram\u00f3wce TVN-u, przyci\u0105gaj\u0105c przed ekrany tysi\u0105ce widz\u00f3w. Show&hellip;\n","protected":false},"author":2,"featured_media":295462,"comment_status":"","ping_status":"","sticky":false,"template":"","format":"standard","meta":{"footnotes":"","_share_on_mastodon":"0"},"categories":[22],"tags":[16832,122,42024,16833,48,125,46,42,38,40,39,41,123,47],"class_list":["post-295461","post","type-post","status-publish","format-standard","has-post-thumbnail","category-rozrywka","tag-_mam_talent_","tag-entertainment","tag-float_tst2","tag-mam_talent","tag-nat_styl","tag-newsy","tag-omp","tag-pl","tag-poland","tag-polish","tag-polska","tag-polski","tag-rozrywka","tag-screening_general"],"share_on_mastodon":{"url":"https:\/\/pubeurope.com\/@pl\/116193853728967522","error":""},"_links":{"self":[{"href":"https:\/\/www.europesays.com\/pl\/wp-json\/wp\/v2\/posts\/295461","targetHints":{"allow":["GET"]}}],"collection":[{"href":"https:\/\/www.europesays.com\/pl\/wp-json\/wp\/v2\/posts"}],"about":[{"href":"https:\/\/www.europesays.com\/pl\/wp-json\/wp\/v2\/types\/post"}],"author":[{"embeddable":true,"href":"https:\/\/www.europesays.com\/pl\/wp-json\/wp\/v2\/users\/2"}],"replies":[{"embeddable":true,"href":"https:\/\/www.europesays.com\/pl\/wp-json\/wp\/v2\/comments?post=295461"}],"version-history":[{"count":0,"href":"https:\/\/www.europesays.com\/pl\/wp-json\/wp\/v2\/posts\/295461\/revisions"}],"wp:featuredmedia":[{"embeddable":true,"href":"https:\/\/www.europesays.com\/pl\/wp-json\/wp\/v2\/media\/295462"}],"wp:attachment":[{"href":"https:\/\/www.europesays.com\/pl\/wp-json\/wp\/v2\/media?parent=295461"}],"wp:term":[{"taxonomy":"category","embeddable":true,"href":"https:\/\/www.europesays.com\/pl\/wp-json\/wp\/v2\/categories?post=295461"},{"taxonomy":"post_tag","embeddable":true,"href":"https:\/\/www.europesays.com\/pl\/wp-json\/wp\/v2\/tags?post=295461"}],"curies":[{"name":"wp","href":"https:\/\/api.w.org\/{rel}","templated":true}]}}