{"id":295972,"date":"2026-03-08T21:04:08","date_gmt":"2026-03-08T21:04:08","guid":{"rendered":"https:\/\/www.europesays.com\/pl\/295972\/"},"modified":"2026-03-08T21:04:08","modified_gmt":"2026-03-08T21:04:08","slug":"natsu-dostala-2-pkt-od-iwony-pavlovic-widzowie-totalnie-poza-muzyka","status":"publish","type":"post","link":"https:\/\/www.europesays.com\/pl\/295972\/","title":{"rendered":"Natsu dosta\u0142a 2 pkt od Iwony Pavlovi\u0107. Widzowie: totalnie poza muzyk\u0105"},"content":{"rendered":"<p><a href=\"https:\/\/plejada.pl\/temat\/natalia-natsu-karczmarczyk\/d82b704\" id=\"780814a8-2fc8-4759-9521-a0de861ec2cc\" rel=\"nofollow noopener\" target=\"_blank\">Natalia &#8222;Natsu&#8221; Karczmarczyk<\/a> tu\u017c przed ta\u0144cem przyzna\u0142a, \u017ce trudno jej si\u0119 otworzy\u0107 i boi si\u0119 publicznie p\u0142aka\u0107, gdy\u017c to otwiera j\u0105 na negatywne komentarze ludzi. W parze z Wojciechem Kucin\u0105 zata\u0144czy\u0142a tango, lecz nie powali\u0142a juror\u00f3w na kolana. Iwona Pavlovi\u0107 mimo Dnia Kobiet nie kry\u0142a rozczarowania, otwarcie pytaj\u0105c: &#8222;To by\u0142o tango?&#8221;. Jurorka m\u00f3wi\u0142a, \u017ce Natsu ta\u0144czy\u0142a poza muzyk\u0105 i by\u0142a &#8222;dr\u0119twa&#8221;, co by\u0142o dla niej zaskoczeniem. Potem Tomasz Wygoda i Ewa Kasprzyk radzili celebrytce, by nie przejmowa\u0142a si\u0119 milionami widz\u00f3w, kt\u00f3rzy \u015bledz\u0105 jej kroki na parkiecie.Natalia &#8222;Natsu&#8221; Karczmarczyk nie kry\u0142a szoku, gdy <a href=\"https:\/\/plejada.pl\/temat\/iwona-pavlovic\/lcghqxm\" id=\"326b1ec7-fd6c-4f25-89dd-070b2fd6d65a\" rel=\"nofollow noopener\" target=\"_blank\">Iwona Pavlovi\u0107<\/a> da\u0142a jej tylko 2 pkt. Du\u017ce zdziwienie ocena jurorki wywo\u0142a\u0142a tak\u017ce na internautach, kt\u00f3rzy jednak zgadzali si\u0119 z tym, \u017ce Natsu nie ta\u0144czy najlepiej.<\/p>\n<p>&#8222;Iwona troch\u0119 z t\u0105 2 przegi\u0119\u0142a&#8221;, &#8222;Niestety wyst\u0119p s\u0142aby i szkoda Wojtka \u2014 \u015bwietny tancerz&#8221;, &#8222;Nie zas\u0142u\u017cy\u0142a\u015b na 2! Wida\u0107, \u017ce si\u0119 bardzo starasz, tylko stres robi swoje&#8221;, &#8222;Mi si\u0119 nie podoba jej taniec. Pani Iwonka zaszala\u0142a z 2 pkt&#8221;, &#8222;Te 2 pkt to przesada, nie by\u0142o to dobre, ale zdecydowanie by\u0142o to na chocia\u017c 4\/5 pkt&#8221; \u2014 pisali internauci.<\/p>\n","protected":false},"excerpt":{"rendered":"Natalia &#8222;Natsu&#8221; Karczmarczyk tu\u017c przed ta\u0144cem przyzna\u0142a, \u017ce trudno jej si\u0119 otworzy\u0107 i boi si\u0119 publicznie p\u0142aka\u0107, gdy\u017c&hellip;\n","protected":false},"author":2,"featured_media":295973,"comment_status":"","ping_status":"","sticky":false,"template":"","format":"standard","meta":{"footnotes":"","_share_on_mastodon":"0"},"categories":[22],"tags":[122,42025,3997,48,31304,125,46,42,38,40,39,41,123,47,1884],"class_list":["post-295972","post","type-post","status-publish","format-standard","has-post-thumbnail","category-rozrywka","tag-entertainment","tag-float_tst1","tag-iwona_pavlovic","tag-nat_styl","tag-natalia_natsu_karczmarczyk","tag-newsy","tag-omp","tag-pl","tag-poland","tag-polish","tag-polska","tag-polski","tag-rozrywka","tag-screening_general","tag-taniec_z_gwiazdami"],"share_on_mastodon":{"url":"https:\/\/pubeurope.com\/@pl\/116195587661061222","error":""},"_links":{"self":[{"href":"https:\/\/www.europesays.com\/pl\/wp-json\/wp\/v2\/posts\/295972","targetHints":{"allow":["GET"]}}],"collection":[{"href":"https:\/\/www.europesays.com\/pl\/wp-json\/wp\/v2\/posts"}],"about":[{"href":"https:\/\/www.europesays.com\/pl\/wp-json\/wp\/v2\/types\/post"}],"author":[{"embeddable":true,"href":"https:\/\/www.europesays.com\/pl\/wp-json\/wp\/v2\/users\/2"}],"replies":[{"embeddable":true,"href":"https:\/\/www.europesays.com\/pl\/wp-json\/wp\/v2\/comments?post=295972"}],"version-history":[{"count":0,"href":"https:\/\/www.europesays.com\/pl\/wp-json\/wp\/v2\/posts\/295972\/revisions"}],"wp:featuredmedia":[{"embeddable":true,"href":"https:\/\/www.europesays.com\/pl\/wp-json\/wp\/v2\/media\/295973"}],"wp:attachment":[{"href":"https:\/\/www.europesays.com\/pl\/wp-json\/wp\/v2\/media?parent=295972"}],"wp:term":[{"taxonomy":"category","embeddable":true,"href":"https:\/\/www.europesays.com\/pl\/wp-json\/wp\/v2\/categories?post=295972"},{"taxonomy":"post_tag","embeddable":true,"href":"https:\/\/www.europesays.com\/pl\/wp-json\/wp\/v2\/tags?post=295972"}],"curies":[{"name":"wp","href":"https:\/\/api.w.org\/{rel}","templated":true}]}}