{"id":296133,"date":"2026-03-08T23:10:24","date_gmt":"2026-03-08T23:10:24","guid":{"rendered":"https:\/\/www.europesays.com\/pl\/296133\/"},"modified":"2026-03-08T23:10:24","modified_gmt":"2026-03-08T23:10:24","slug":"lara-gessler-opowiedziala-o-wychowaniu-dzieci-chce-budowac-dom-ktory-jest-stabilny","status":"publish","type":"post","link":"https:\/\/www.europesays.com\/pl\/296133\/","title":{"rendered":"Lara Gessler opowiedzia\u0142a o wychowaniu dzieci. &#8222;Chc\u0119 budowa\u0107 dom, kt\u00f3ry jest stabilny&#8221;"},"content":{"rendered":"<p>Styl jest czym\u015b wi\u0119cej ni\u017c modowe czy urodowe wybory. To cz\u0119\u015b\u0107 osobowo\u015bci. W cyklu wywiad\u00f3w Onet Ikony Stylu redaktorka prowadz\u0105ca dzia\u0142u uroda Joanna Twar\u00f3g rozmawia z kobietami, kt\u00f3re s\u0105 wsp\u00f3\u0142czesnymi ikonami \u2014 nie ze wzgl\u0119du na wiek, a sum\u0119 do\u015bwiadcze\u0144 oraz osobowo\u015b\u0107. Zachwycaj\u0105 nie tylko stylizacjami, ale r\u00f3wnie\u017c stylem \u017cycia i mog\u0105 inspirowa\u0107 innych.<\/p>\n<p> Dalszy ci\u0105g artyku\u0142u pod materia\u0142em wideo    <\/p>\n<p> Jak\u0105 definicj\u0119 kobieco\u015bci przedstawi\u0142a Lara Gessler? <\/p>\n<p> Kto jest dla Lary Gessler wzorem kobieco\u015bci? <\/p>\n<p> Jak Lara Gessler postrzega mod\u0119? <\/p>\n<p> Czego \u017cyczy Lara Gessler kobietom z okazji Dnia Kobiet? <\/p>\n<p>Spotykamy si\u0119 4 marca 2026 r., kilka dni przed Dniem Kobiet.<\/p>\n<p>Joanna Twar\u00f3g\/Onet: Jak brzmi Twoja definicja kobieco\u015bci?<\/p>\n<p>Lara Gessler: To si\u0142a p\u0142yn\u0105ca ze \u015brodka. Ma ona zwi\u0105zek z poczuciem w\u0142asnej warto\u015bci budowanym w domu, w kt\u00f3rym dorastamy. Wydaje mi si\u0119, \u017ce wspomnian\u0105 si\u0142\u0119, poczucie sprawstwa oraz niezale\u017cno\u015bci, ale jednocze\u015bnie poczucie tego, \u017ce masz na kim polega\u0107 i nie musisz niczego ca\u0142emu \u015bwiatu udowadnia\u0107 wynosimy w\u0142a\u015bnie stamt\u0105d. Du\u017co ostatnio o tym my\u015bl\u0119 ze wzgl\u0119du na moj\u0105 c\u00f3rk\u0119 i na to, jak chcia\u0142abym, by ona patrzy\u0142a na swoj\u0105 kobieco\u015b\u0107. Wielokrotnie redefiniowa\u0142am sobie to poj\u0119cie. Bo definicje kobieco\u015bci mog\u0105 r\u00f3\u017cni\u0107 si\u0119 w zale\u017cno\u015bci od tego, w jakim punkcie w \u017cyciu jeste\u015bmy.<\/p>\n<p>Wspomnia\u0142a\u015b o c\u00f3rce. O wychowaniu syna te\u017c my\u015blisz w tym kontek\u015bcie?<\/p>\n<p>Uwa\u017cam, \u017ce w tych czasach du\u017co ci\u0119\u017cej wychowa\u0107 syna ni\u017c c\u00f3rk\u0119. Bo wiadomo, jaka c\u00f3rka ma by\u0107 \u2014 niezale\u017cna, m\u0105dra, silna, ma mie\u0107 w\u0142asne zdanie, wierzy\u0107 w swoje warto\u015bci. Je\u015bli chodzi o syna, chcia\u0142abym wychowa\u0107 go na d\u017centelmena i feminist\u0119 zarazem. Zale\u017cy mi na tym, by by\u0142 rodzinny, by mia\u0142 \u015bwiadomo\u015b\u0107, \u017ce ka\u017cdy w tej rodzinie jest wa\u017cny. Niezale\u017cnie na p\u0142e\u0107 i inne czynniki.<\/p>\n<blockquote class=\"ods-o-quote\">\n<p class=\"ods-o-quote__paragraph\">To wa\u017cne, by dzieci, a szczeg\u00f3lnie ch\u0142opcy, nie mieli wypaczonego wyobra\u017cenia o feminizmie.<\/p>\n<\/blockquote>\n<p>Zauwa\u017cam problem, kt\u00f3ry polega na tym, \u017ce wiele os\u00f3b zachowuje si\u0119 jak femini\u015bci, ale nie chce si\u0119 do tego przyzna\u0107. Podobnie jak ci, kt\u00f3rzy deklaruj\u0105, \u017ce nie lubi\u0105 wege jedzenia, po czym ch\u0119tnie jedz\u0105 ziemniaki z jajkiem sadzonym. Bardzo boimy si\u0119 terminologii.<\/p>\n<p>Wracaj\u0105c do wychowania, sami musimy odnale\u017a\u0107 to, w czym czujemy si\u0119 najlepiej, co jest naszymi przymiotami, kt\u00f3rymi nie musimy si\u0119 wyrzeka\u0107 w imi\u0119 tego, czego spo\u0142ecze\u0144stwo wymaga i oczekuje. Wra\u017cliwo\u015b\u0107 albo heroizm. Trzeba zacz\u0105\u0107 od zdefiniowania samej czy samego siebie.<\/p>\n<p>A sama nazywasz siebie feministk\u0105?<\/p>\n<p>Wszelkie labele [etykiety \u2014 przyp. redakcji] bardzo nas od siebie odgradzaj\u0105. A to dlatego, \u017ce ludzie nie zag\u0142\u0119biaj\u0105 si\u0119 w znaczenie s\u0142\u00f3w. Uwa\u017cam si\u0119 za feministk\u0119. Ale jednocze\u015bnie nie lubi\u0119 podzia\u0142\u00f3w mi\u0119dzy lud\u017ami. W zwi\u0105zku z tym wol\u0119 robi\u0107 i nie nazywa\u0107 ni\u017c nie robi\u0107, ale nazywa\u0107. Albo nawet robi\u0107 i nazywa\u0107. Ka\u017cde ekstremum odwodzi nas od post\u0119pu.<\/p>\n<p>Trzeba stawia\u0107 jak najwi\u0119cej ma\u0142ych krok\u00f3w w obr\u0119bie w\u0142asnego otoczenia. Bo \u0142atwo jest by\u0107 feminist\u0105 w Polsce, je\u015bli pracujesz w bran\u017cy mody. Naprawd\u0119, nic prostszego. Trudniej by\u0142oby nim nie by\u0107. Natomiast w przypadku cz\u0142owieka z ma\u0142ej miejscowo\u015bci na Podlasiu ma to zupe\u0142nie inny wymiar. \u0141y\u017ck\u0105, a nie chochl\u0105. Musimy dostosowa\u0107 narz\u0119dzia do \u015brodowiska, w kt\u00f3rym funkcjonujemy, aby doprowadzi\u0107 do realnej zmiany. Nie chodzi o zaspokojenie w\u0142asnego ego.<\/p>\n<p> <img decoding=\"async\" src=\"https:\/\/www.europesays.com\/pl\/wp-content\/uploads\/2026\/03\/aTqk9lBaHR0cHM6Ly9vY2RuLmV1L3B1bHNjbXMvTURBXy8wMjMwMzg1ZWQ1OWEyNWJlNTc0ZGZmMWQ2MzIyZWUxNS5qcGeRlQLNB.jpeg\" height=\"750\" width=\"500\" alt=\"Lara Gessler w 2025 r.\" loading=\"lazy\" class=\"ods-c-image__img ods-c-image__img--vertical\"\/> <\/p>\n<p>Lara Gessler w 2025 r.Jacek Kurnikowski \/ AKPA<\/p>\n<p>Kt\u00f3re kobiety uwa\u017casz za sw\u00f3j wz\u00f3r kobieco\u015bci? <\/p>\n<p>Maria Sk\u0142odowska-Curie. Ostatnio du\u017co o niej czytam i uwa\u017cam, \u017ce by\u0142a wspania\u0142a. To jedna z pierwszych feministek. W wieku zaledwie kilkunastu lat wyprowadzi\u0142a si\u0119 do Francji, by dalej si\u0119 uczy\u0107. Wyk\u0142ada\u0142a na Sorbonie. Jako pierwsza kobieta w historii dosta\u0142a Nobla. Niezwyk\u0142a kobieta.<\/p>\n<p>Kasia Soko\u0142owska, kt\u00f3ra inspiruje mnie na wielu polach. Jest \u015bwietna, ma w sobie mn\u00f3stwo si\u0142y, elegancji, kobieco\u015bci. Polega na samej sobie. Jest self-made woman w najlepszym tego s\u0142owa znaczeniu.<\/p>\n<p>I Bogna Sworowska. Udowadnia, \u017ce nie trzeba ucieka\u0107 od kobieco\u015bci, \u017ceby by\u0107 feministk\u0105. Taka jest moja opinia.<\/p>\n<p>Czym jest dla Ciebie dzi\u015b moda?<\/p>\n<p>W du\u017cej mierze moda jest dla mnie sztuk\u0105. Od tego zacz\u0119\u0142a si\u0119 moja mi\u0142o\u015b\u0107 do niej, w ten spos\u00f3b wci\u0105\u017c najbardziej lubi\u0119 j\u0105 postrzega\u0107. To do\u015b\u0107 naiwne, jednak zwi\u0105zane z moimi zainteresowaniami, kt\u00f3re kr\u0105\u017c\u0105 wok\u00f3\u0142 artyzmu, kreacji, czyich\u015b wizji. Kto\u015b projektuje pewien \u015bwiat, a ty mo\u017cesz si\u0119 w nim zanurzy\u0107, wzi\u0105\u0107 kawa\u0142ek i zaadaptowa\u0107 do w\u0142asnego \u017cycia. To mnie kr\u0119ci. Ale, oczywi\u015bcie, moda jest r\u00f3wnie\u017c narz\u0119dziem wp\u0142ywu. Bardzo mocnym, ale jednocze\u015bnie mi\u0119kkim. Ma wp\u0142yw na my\u015blenie m\u0142odych ludzi, na nasze \u015brodowisko. To tak\u017ce \u015bwietny no\u015bnik ideologii. Moda jest niebywa\u0142ym kameleonem, kt\u00f3ry mo\u017ce pos\u0142u\u017cy\u0107 do r\u00f3\u017cnych cel\u00f3w.<\/p>\n<p>Trudno o jedn\u0105 definicj\u0119. Bo czym innym b\u0119dzie moda w kontek\u015bcie m\u0142odych mam, kt\u00f3re tworz\u0105 w\u0142asn\u0105 mark\u0119 i projektuj\u0105 pi\u0119kne ubranka dla dzieci z dobrych materia\u0142\u00f3w, a czym innym w przypadku luksusowych dom\u00f3w mody, mierz\u0105cych si\u0119 z pewnego rodzaju dziedzictwem. Do tego dochodzi fast fashion. Kolejna \u2014 zupe\u0142nie inna kwestia. Moda mo\u017ce by\u0107 wszystkim.<\/p>\n<p>A okre\u015blenie &#8222;zabawa mod\u0105&#8221; z Tob\u0105 rezonuje?<\/p>\n<p>Tak, bardzo. Nie przywi\u0105zuj\u0119 si\u0119 do trend\u00f3w. Gdy widz\u0119 jak\u0105\u015b interesuj\u0105c\u0105 rzecz, lubi\u0119 z ni\u0105 pokombinowa\u0107. Sprawdzam, co do mnie pasuje, jak co\u015b czuj\u0119. Zabawa mod\u0105 mo\u017ce by\u0107 nag\u0142ym przewietrzeniem szafy, wprowadzeniem zam\u0119tu, przeci\u0105giem. I wcale nie musi wi\u0105za\u0107 si\u0119 z kupowaniem nowych rzeczy. Po prostu sprawia, \u017ce zaczynasz patrze\u0107 w inny spos\u00f3b na to, co ju\u017c masz. To \u015bwietne uczucie.<\/p>\n<p>Czy to podej\u015bcie do mody zmieni\u0142o si\u0119 w momencie, w kt\u00f3rym zacz\u0119\u0142a\u015b profesjonalnie zajmowa\u0107 si\u0119 modelingiem?<\/p>\n<p>Modeling te\u017c jest dla mnie zabaw\u0105. Nie \u017cyj\u0119 z niego. To co\u015b, co dostarcza mi fajnych emocji. Ewidentnie nie jestem na takim etapie \u017cycia, w kt\u00f3rym mog\u0142abym si\u0119 dla niego po\u015bwi\u0119ci\u0107, jak na przyk\u0142ad robi\u0105 to m\u0142ode dziewczyny.<\/p>\n<blockquote class=\"ods-o-quote\">\n<p class=\"ods-o-quote__paragraph\">Nie chc\u0119 wyje\u017cd\u017ca\u0107 na miesi\u0105c na fashion week, \u017ceby dopiero przekona\u0107 si\u0119, czy co\u015b z tego wyjdzie czy nie. Zostawienie dzieci w domu to du\u017cy koszt. Zabawa w castingi nie jest dla mnie.<\/p>\n<\/blockquote>\n<p>Warto jednak podkre\u015bli\u0107, \u017ce cho\u0107 sprawia mi to du\u017co frajdy, chodzi o co\u015b innego ni\u017c ubieranie si\u0119, stylizowanie samej siebie. Bo w tym przypadku jestem no\u015bnikiem mody, a nie tw\u00f3rc\u0105. Wchodzisz w bajk\u0119, kt\u00f3r\u0105 kto\u015b wykreowa\u0142. Kto\u015b daje ci moodboard, musisz osadzi\u0107 si\u0119 w konkretnym klimacie, odnale\u017a\u0107 si\u0119 w nim \u2014 stajesz si\u0119 pewnego rodzaju p\u0142\u00f3tnem. Lubi\u0119 tak\u0105 form\u0119 performansu, improwizacji.<\/p>\n<p>      <img decoding=\"async\" src=\"https:\/\/www.europesays.com\/pl\/wp-content\/uploads\/2026\/03\/54Rk9lBaHR0cHM6Ly9vY2RuLmV1L3B1bHNjbXMvTURBXy83ZTZhNDZmMDNmNjYzN2MwZTlkNjA1OWM2NzExODNiOC5qcGeRlQLNB.jpeg\" height=\"750\" width=\"500\" alt=\"Lara Gessler w 2025 r.\" loading=\"lazy\" class=\"ods-c-image__img ods-c-image__img--vertical\"\/> <\/p>\n<p>Lara Gessler w 2025 r.Jacek Kurnikowski \/ AKPA<\/p>\n<p>Dzia\u0142ania modelingowe \u0142\u0105czysz z prac\u0105 restauratorki. Do tego dochodz\u0105 dzia\u0142ania w mediach spo\u0142eczno\u015bciowych. No i \u017cycie prywatne. Du\u017co si\u0119 dzieje. Dobrze czujesz si\u0119 w takim ekosystemie, a mo\u017ce masz poczucie, \u017ce musisz co\u015b udowodni\u0107?<\/p>\n<p>W og\u00f3le nie mam poczucia, \u017ce musz\u0119 co\u015b udowodni\u0107. To nie jest moja emocja. Przychodz\u0105 do mnie r\u00f3\u017cne rzeczy w r\u00f3\u017cnych momentach. Czuj\u0119, \u017ce dziej\u0105 si\u0119 dok\u0142adnie w tych momentach, w kt\u00f3rych powinny. Nie jestem typem, kt\u00f3ry planuje. &#8222;W tym roku chcia\u0142abym zrobi\u0107 tak\u0105 ok\u0142adk\u0119&#8221; albo &#8222;chcia\u0142abym pracowa\u0107 z t\u0105 czy tamt\u0105 osob\u0105&#8221; \u2014 to nie jestem ja. Nie nak\u0142adam na siebie presji. Rzucam moje marzenia w niebo i czekam a\u017c spadn\u0105. To mnie cieszy, powoduje, \u017ce si\u0119 nie nudz\u0119, ale te\u017c zbli\u017cam si\u0119 do samej siebie. Nie projektuj\u0119 swojego \u015bwiata. Reaguj\u0119 na to, co si\u0119 w nim dzieje.<\/p>\n<p>Zawsze tak by\u0142o z tym udowadnianiem sobie r\u00f3\u017cnych rzeczy czy musia\u0142a\u015b si\u0119 tego nauczy\u0107?<\/p>\n<p>Udowodni\u0142am sobie to, co musia\u0142am. I to do\u015b\u0107 wcze\u015bnie. Chodzi\u0142o przede wszystkim o moje mo\u017cliwo\u015bci kulinarne. Musia\u0142am si\u0119 dowiedzie\u0107, czy faktycznie potrafi\u0119 gotowa\u0107 czy, po prostu, ludzie nie s\u0105 szczerzy. W tamtym momencie mog\u0142o tak w\u0142a\u015bnie by\u0107. Zrobi\u0142am to na polu zupe\u0142nie neutralnym \u2014 wyje\u017cd\u017caj\u0105c z Polski. M\u00f3wi\u0105c wprost: bez nazwiska. No i tam rzeczywi\u015bcie pozna\u0142am warto\u015b\u0107 moich umiej\u0119tno\u015bci i smaku. Bardzo tego potrzebowa\u0142am.<\/p>\n<p>Bior\u0105c pod uwag\u0119 Twoje do\u015bwiadczenia, nazwisko pomaga czy utrudnia?<\/p>\n<p>To miecz obosieczny. Zreszt\u0105, tak samo jak w przypadku feminizmu czy wegetarianizmu, o kt\u00f3rych rozmawia\u0142y\u015bmy wcze\u015bniej. Ludzie maj\u0105 bardzo konkretne wyobra\u017cenia na r\u00f3\u017cne tematy. Oboj\u0119tnie, czy m\u00f3wimy o nazwisku czy ideologii. Jak powiedzia\u0142 prof. Malinowski, &#8222;ludzie nie maj\u0105 wiedzy, maj\u0105 opinie&#8221;. Oczywi\u015bcie, to budzi ciekawo\u015b\u0107. A ciekawo\u015b\u0107 jest lepsza ni\u017c nic. Otwiera wiele drzwi. I nawet je\u015bli musisz co\u015b udowodni\u0107, to, przynajmniej na pocz\u0105tku, wspomniana ciekawo\u015b\u0107 mo\u017ce okaza\u0107 si\u0119 pomocna.<\/p>\n<blockquote class=\"ods-o-quote\">\n<p class=\"ods-o-quote__paragraph\">Teraz jestem w innym miejscu. Separowa\u0142am si\u0119 \u2014 jak chcia\u0142am, dzi\u0119ki czemu sta\u0142am si\u0119 niezale\u017cnym bytem.<\/p>\n<\/blockquote>\n<p>Od nazwiska wa\u017cniejszy jest dom, kt\u00f3ry nas warunkuje. Albo z tym walczymy, albo nie. To pewnego rodzaju kapita\u0142. Moja mama zawsze powtarza, \u017ce jej rodzice otworzyli przed ni\u0105 \u015bwiat. W przeno\u015bni i dos\u0142ownie, bior\u0105c pod uwag\u0119 granice. Dali paszport. Dali znajomo\u015b\u0107 j\u0119zyk\u00f3w. Jako c\u00f3rka dziennikarzy mia\u0142a r\u00f3\u017cne mo\u017cliwo\u015bci. Ja natomiast dosta\u0142am bardzo du\u017c\u0105 zach\u0142anno\u015b\u0107 na ludzi, na prze\u017cywanie, na podr\u00f3\u017ce. Przekazujemy sobie te warto\u015bci jak przys\u0142owiow\u0105 pa\u0142eczk\u0119.<\/p>\n<blockquote class=\"ods-o-quote\">\n<p class=\"ods-o-quote__paragraph\">Nazwisko to m\u00f3j dom, m\u00f3j kapita\u0142. Nawet mimo r\u00f3\u017cnych do\u015bwiadcze\u0144.<\/p>\n<\/blockquote>\n<p>Mam genialn\u0105 cech\u0119 zapominania wszystkiego, co z\u0142e. To bardzo przydatne, regularnie z tego korzystam. Pami\u0119tam tylko dobre chwile, w zwi\u0105zku z czym mam wra\u017cenie, \u017ce m\u00f3j dom mnie zbudowa\u0142. I my\u015bl\u0119 o tym, \u017ce mo\u017ce gdyby by\u0142o lepiej, sko\u0144czy\u0142oby si\u0119 gorzej? Nie wiadomo. Ale ufam, \u017ce wszystko w \u015bwiecie dzieje si\u0119 mo\u017cliwie najlepiej.<\/p>\n<p>W takim razie, jaki dom Ty chcesz tworzy\u0107 dla swojej rodziny, dla swojej dzieci?<\/p>\n<p>Chc\u0119 budowa\u0107 dom, kt\u00f3ry jest stabilny, kt\u00f3ry jest miejscem i emocj\u0105 zarazem, kt\u00f3ry buduje poczucie bezpiecze\u0144stwa. Du\u017co podr\u00f3\u017cujemy. Mimo tego chc\u0119, \u017ceby nasze dzieci czu\u0142y, \u017ce ten dom jest pewn\u0105 sta\u0142\u0105 w ich \u017cyciu, a my \u2014 jako rodzice \u2014 pierwszym kontaktem. Chc\u0119, \u017ceby wiedzia\u0142y, \u017ce nie ma totalnych b\u0142\u0119d\u00f3w, z\u0142ych ocen w szkole, \u017ce mo\u017cemy szczerze rozmawia\u0107 o wszystkim, dyskutowa\u0107, wsp\u00f3lnie podejmowa\u0107 decyzje. Bardzo wa\u017cna jest dla mnie szczero\u015b\u0107. Otwarto\u015b\u0107. Wsparcie. Chc\u0119, \u017ceby dzieci czu\u0142y si\u0119 uskrzydlone, wykarmione \u2014 zar\u00f3wno pod k\u0105tem fizycznym, jak i duchowym czy estetycznym, \u017ceby mia\u0142y r\u00f3\u017cne perspektywy na \u017cycie. To dla mnie bardzo wa\u017cne.<\/p>\n<p>A sama czym si\u0119 karmisz?<\/p>\n<p>Karmi\u0119 si\u0119 szcz\u0119\u015bciem ludzi wok\u00f3\u0142 mnie. Poza tym podr\u00f3\u017cami, r\u00f3\u017cnymi doznaniami, kt\u00f3re serwuj\u0119 nie tylko sobie, ale i bliskim. Mojemu stadu. Uwielbiam planowa\u0107 wsp\u00f3lne aktywno\u015bci. Jestem w ci\u0105g\u0142ym procesie organizacji. Jednocze\u015bnie ch\u0119tnie rozpoczynam kolejne projekty. Podoba mi si\u0119 to uczucie, gdy wiadomo, \u017ce idzie nowe. To sprawia, \u017ce du\u017co lepiej realizuj\u0119 tematy, w kt\u00f3re jestem zaanga\u017cowana. Napawa mnie to ekscytacj\u0105.<\/p>\n<p>M\u00f3wisz otwarcie o tym, \u017ce w dzieci\u0144stwie brakowa\u0142o Ci dyscypliny, \u017ce bardzo wcze\u015bnie, bo w wieku 12 lat, podj\u0119\u0142a\u015b prac\u0119 wakacyjn\u0105. Wydajesz si\u0119 bardzo surowa wobec siebie.<\/p>\n<p>A wiesz, \u017ce mo\u017ce tak by\u0107? Naprawd\u0119. Mo\u017ce tak by\u0107. Wymagam bardzo du\u017co od samej siebie, ale jednocze\u015bnie jestem hedonistk\u0105.<\/p>\n<blockquote class=\"ods-o-quote\">\n<p class=\"ods-o-quote__paragraph\">Co wi\u0119cej, pr\u00f3buj\u0119 zaspokaja\u0107 potrzeby r\u00f3\u017cnych os\u00f3b. Mowa tak\u017ce o tych, kt\u00f3re s\u0105 moimi wyobra\u017ceniami na ich temat. Ale lubi\u0119 uprzedza\u0107 te potrzeby.<\/p>\n<\/blockquote>\n<p>Pr\u00f3buj\u0119 rozci\u0105ga\u0107 dob\u0119 do granic mo\u017cliwo\u015bci, \u017ceby ze wszystkim si\u0119 wyrobi\u0107, wsz\u0119dzie zd\u0105\u017cy\u0107. Bior\u0105c to pod uwag\u0119, jestem do\u015b\u0107 zdyscyplinowana.<\/p>\n<p>Potrafisz prosi\u0107 o pomoc?<\/p>\n<p>Nauczy\u0142am si\u0119 prosi\u0107 o pomoc. Ale, co wa\u017cne, nie ka\u017cdego. Zmieni\u0142am spos\u00f3b my\u015blenia. A mianowicie dostrzeg\u0142am, \u017ce pomaganie sprawia ludziom przyjemno\u015b\u0107. U\u015bwiadomi\u0142am sobie, \u017ce lepiej poprosi\u0107 o pomoc i dowie\u017a\u0107 ni\u017c potem boksowa\u0107 si\u0119 z jakim\u015b tematem. Poza tym ods\u0142anianie swojego mi\u0119kkiego podbrzusza, kt\u00f3re ma z tym zwi\u0105zek, jest wyrazem zaufania, pomaga budowa\u0107 wi\u0119zi.<\/p>\n<p>Kto jest Twoim metaforycznym &#8222;kontaktem alarmowym&#8221;?<\/p>\n<p>Przez ca\u0142e \u017cycie m\u00f3j tata nim by\u0142. Teraz \u2014 m\u00f3j m\u0105\u017c, kt\u00f3ry jednocze\u015bnie jest moim najlepszym przyjacielem. Do mamy te\u017c du\u017co dzwoni\u0119. Jednak jej si\u0119 nie zwierzam. W tym przypadku trzymam mocno gard\u0119. Nie odpuszczam. Mam &#8222;moj\u0105&#8221; Ew\u0119, kt\u00f3ra jest moj\u0105 przyjaci\u00f3\u0142k\u0105 i managerk\u0105. Ale, wiesz co, mamy to szcz\u0119\u015bcie, \u017ce posiadamy w\u0105skie grono przyjaci\u00f3\u0142, g\u0142\u00f3wnie ze \u015bwiata literatury i sztuki, a nie z show-biznesu. Trzymamy si\u0119 blisko. Konfrontujemy swoj\u0105 rzeczywisto\u015b\u0107. Wiem, \u017ce do ka\u017cdej z tych os\u00f3b mog\u0142abym zwr\u00f3ci\u0107 si\u0119 z dowolnym problemem, co daje mi du\u017ce poczucie komfortu.<\/p>\n<p>      <img decoding=\"async\" src=\"https:\/\/www.europesays.com\/pl\/wp-content\/uploads\/2026\/03\/kuak9lBaHR0cHM6Ly9vY2RuLmV1L3B1bHNjbXMvTURBXy80ZWQzNjZlOGQwNzBmNDU3YjlhYjk2OWE5ZDY3MGU4OS5qcGeSlQMAA.jpeg\" height=\"750\" width=\"501\" alt=\"Lara Gessler i Piotr Szel\u0105g w 2025 r.\" loading=\"lazy\" class=\"ods-c-image__img ods-c-image__img--vertical\"\/> <\/p>\n<p>Lara Gessler i Piotr Szel\u0105g w 2025 r.AKPA<\/p>\n<p>Potrafisz docenia\u0107 siebie?<\/p>\n<p>Tak, mam takie fale doceniania siebie. Uwa\u017cam, \u017ce \u017cycie jest pewnego rodzaju patchworkiem, impresjonistycznym obrazem stworzonym z wielu plam, a nawet pikseli. Czasem jest nam ze sob\u0105 lepiej, czasem gorzej. I to jest w porz\u0105dku.<\/p>\n<p>Czego \u017cyczysz sobie i innym z okazji Dnia Kobiet?<\/p>\n<p>Na pewno tego, o czym w\u0142a\u015bnie rozmawia\u0142y\u015bmy, czyli, \u017ceby si\u0119 docenia\u0142y. \u017bycz\u0119 kobietom, by same dla siebie by\u0142y swoimi najlepszymi przyjaci\u00f3\u0142kami, \u017ceby dawa\u0142y sobie rady w trzeciej osobie, bo cz\u0119sto lepsze rady mamy dla innych, \u017ceby pami\u0119ta\u0142y, \u017ce nie musz\u0105 zawsze by\u0107 odwa\u017cne i samodzielne. Bliscy, w tym faceci, uciesz\u0105 si\u0119, \u017ce mog\u0105 je wesprze\u0107. Tego te\u017c trzeba si\u0119 nauczy\u0107. Ale, naprawd\u0119, czasem warto odda\u0107 troch\u0119 kontroli. Dla dobra relacji, dla poczucia ulgi. I to wcale nie oznacza nieporadno\u015bci. B\u0105d\u017amy dla siebie \u0142askawi.<\/p>\n","protected":false},"excerpt":{"rendered":"Styl jest czym\u015b wi\u0119cej ni\u017c modowe czy urodowe wybory. To cz\u0119\u015b\u0107 osobowo\u015bci. W cyklu wywiad\u00f3w Onet Ikony Stylu&hellip;\n","protected":false},"author":2,"featured_media":296134,"comment_status":"","ping_status":"","sticky":false,"template":"","format":"standard","meta":{"footnotes":"","_share_on_mastodon":"0"},"categories":[22],"tags":[1942,122,9861,1142,48,46,42,38,40,39,41,123,47,6128],"class_list":["post-296133","post","type-post","status-publish","format-standard","has-post-thumbnail","category-rozrywka","tag-celebryci","tag-entertainment","tag-lara_gessler","tag-moda","tag-nat_styl","tag-omp","tag-pl","tag-poland","tag-polish","tag-polska","tag-polski","tag-rozrywka","tag-screening_general","tag-styl"],"share_on_mastodon":{"url":"https:\/\/pubeurope.com\/@pl\/116196083235719435","error":""},"_links":{"self":[{"href":"https:\/\/www.europesays.com\/pl\/wp-json\/wp\/v2\/posts\/296133","targetHints":{"allow":["GET"]}}],"collection":[{"href":"https:\/\/www.europesays.com\/pl\/wp-json\/wp\/v2\/posts"}],"about":[{"href":"https:\/\/www.europesays.com\/pl\/wp-json\/wp\/v2\/types\/post"}],"author":[{"embeddable":true,"href":"https:\/\/www.europesays.com\/pl\/wp-json\/wp\/v2\/users\/2"}],"replies":[{"embeddable":true,"href":"https:\/\/www.europesays.com\/pl\/wp-json\/wp\/v2\/comments?post=296133"}],"version-history":[{"count":0,"href":"https:\/\/www.europesays.com\/pl\/wp-json\/wp\/v2\/posts\/296133\/revisions"}],"wp:featuredmedia":[{"embeddable":true,"href":"https:\/\/www.europesays.com\/pl\/wp-json\/wp\/v2\/media\/296134"}],"wp:attachment":[{"href":"https:\/\/www.europesays.com\/pl\/wp-json\/wp\/v2\/media?parent=296133"}],"wp:term":[{"taxonomy":"category","embeddable":true,"href":"https:\/\/www.europesays.com\/pl\/wp-json\/wp\/v2\/categories?post=296133"},{"taxonomy":"post_tag","embeddable":true,"href":"https:\/\/www.europesays.com\/pl\/wp-json\/wp\/v2\/tags?post=296133"}],"curies":[{"name":"wp","href":"https:\/\/api.w.org\/{rel}","templated":true}]}}