{"id":296525,"date":"2026-03-09T08:16:23","date_gmt":"2026-03-09T08:16:23","guid":{"rendered":"https:\/\/www.europesays.com\/pl\/296525\/"},"modified":"2026-03-09T08:16:23","modified_gmt":"2026-03-09T08:16:23","slug":"julia-wieniawa-agnieszka-dygant-i-inni-te-gwiazdy-zamieszkaly-w-lesie","status":"publish","type":"post","link":"https:\/\/www.europesays.com\/pl\/296525\/","title":{"rendered":"Julia Wieniawa, Agnieszka Dygant i inni. Te gwiazdy zamieszka\u0142y w lesie"},"content":{"rendered":"<p>\u017bycie w blasku fleszy, nieustanne projekty, praca na planie, nagrania, wywiady \u2014 codzienno\u015b\u0107 polskich celebryt\u00f3w to nieprzerwany maraton. W \u015bwiecie, gdzie liczy si\u0119 szybkie tempo i ci\u0105g\u0142a obecno\u015b\u0107 w mediach, coraz trudniej o chwil\u0119 wytchnienia. Dlatego wielu z nich decyduje si\u0119 na symboliczny &#8222;odwr\u00f3t do natury&#8221;.<\/p>\n<p> Dalszy ci\u0105g artyku\u0142u pod materia\u0142em wideo    <\/p>\n<p> Jakie materia\u0142y wybra\u0142a Agnieszka Dygant do swojego domu? <\/p>\n<p> Co charakteryzuje styl \u017cycia Julii Wieniawy? <\/p>\n<p> Jakie kolory dominuj\u0105 w domu Miko\u0142aja Roznerskiego? <\/p>\n<p> Kt\u00f3rzy inni celebryci r\u00f3wnie\u017c postanowili zamieszka\u0107 w lesie? <\/p>\n<p>  Gwiazdy, kt\u00f3re zaszy\u0142y si\u0119 lesie<a href=\"https:\/\/plejada.pl\/temat\/julia-wieniawa\/djrw126\" id=\"28c915cd-800a-4d2e-ba4b-686feca1e0a5\" rel=\"nofollow noopener\" target=\"_blank\">Julia Wieniawa<\/a> stworzy\u0142a dom, w kt\u00f3rym kr\u00f3luje przytulny wystr\u00f3j i du\u017ce okna wpuszczaj\u0105ce \u015bwiat\u0142o \u2014 to jej spos\u00f3b na odnalezienie r\u00f3wnowagi. <a href=\"https:\/\/plejada.pl\/temat\/agnieszka-dygant\/524e2wq\" id=\"937722ae-4929-4b7b-a7de-3d21a7692d6b\" rel=\"nofollow noopener\" target=\"_blank\">Agnieszka Dygant <\/a>postawi\u0142a na autentyczno\u015b\u0107: drewno, stal i tynk o wyrazistej fakturze podkre\u015blaj\u0105 naturalny charakter wn\u0119trza. <a href=\"https:\/\/plejada.pl\/temat\/mikolaj-roznerski\/bgrql3w\" id=\"9aa5a6db-5b5a-46d1-8e43-09839b9a051f\" rel=\"nofollow noopener\" target=\"_blank\">Miko\u0142aj Roznerski <\/a>wybra\u0142 dom modu\u0142owy, gdzie dominuj\u0105 drewno i jasne kolory, tworz\u0105c przestrze\u0144 sprzyjaj\u0105c\u0105 odpoczynkowi. Podobnie <a href=\"https:\/\/plejada.pl\/temat\/damian-michalowski\/etvgypt\" id=\"928fbda4-90b7-4468-88eb-5b8fa0079150\" rel=\"nofollow noopener\" target=\"_blank\">Damian Micha\u0142owski<\/a> i <a href=\"https:\/\/plejada.pl\/temat\/ewa-gawryluk\/7d523ht\" id=\"5298ac95-1317-4cb2-b398-9abc9ae93bb8\" rel=\"nofollow noopener\" target=\"_blank\">Ewa Gawryluk <\/a>\u2014 ich domy r\u00f3wnie\u017c powsta\u0142y w otoczeniu lasu.     <\/p>\n<p>Wyb\u00f3r takiej lokalizacji to \u015bwiadoma decyzja. Dom w lesie staje si\u0119 azylem, miejscem regeneracji zmys\u0142\u00f3w i ucieczki od medialnego zgie\u0142ku. To przysta\u0144, w kt\u00f3rej mo\u017cna na nowo odnale\u017a\u0107 spok\u00f3j i r\u00f3wnowag\u0119.<\/p>\n<p>Przygl\u0105damy si\u0119 domom polskich gwiazd, kt\u00f3re wybra\u0142y \u017cycie w\u015br\u00f3d drzew \u2014 z dala od \u015bwiate\u0142 wielkiego miasta.<\/p>\n<p>     Domy gwiazd w lesie [ZDJ\u0118CIA]   1\/14 Julia Wieniawa   <\/p>\n<p>W salonie Julii Wieniawy kr\u00f3luje du\u017ca zielona kanapa, designerskie czerwone fotele, st\u00f3\u0142 i wzorzysty dywan, przywodz\u0105cy na my\u015bl lata 90. Pomimo r\u00f3\u017cnorodnych styl\u00f3w wszystkie elementy komponuj\u0105 si\u0119 ze sob\u0105 w jedn\u0105 ca\u0142o\u015b\u0107. Przygl\u0105daj\u0105c si\u0119 pomieszczeniu, nie mo\u017cna zapomnie\u0107 o ogromnych oknach, kt\u00f3re zajmuj\u0105 wi\u0119kszo\u015b\u0107 powierzchni \u015bcian budynku.<\/p>\n<p>   2\/14 Julia Wieniawa   <\/p>\n<p>Ogromne lustro, marmur i drewno. Tak mo\u017cna opisa\u0107 \u0142azienk\u0119 w domu Julii Wieniawy. Do tego wolnostoj\u0105ca wanna przy oknie, kt\u00f3ra nadaje wn\u0119trzu elegancji.<\/p>\n<p>          3\/14 Julia Wieniawa   <\/p>\n<p>Gwiazda mo\u017ce si\u0119 pochwali\u0107 r\u00f3wnie\u017c saun\u0105.<\/p>\n<p>   4\/14 Agnieszka Dygant   <\/p>\n<p>Dom Agnieszki Dygant ma by\u0107 kompromisem pomi\u0119dzy wn\u0119trzem a natur\u0105. Tu las, zamiast pe\u0142ni\u0107 trzecioosobow\u0105 funkcj\u0119, staje si\u0119 wsp\u00f3\u0142graj\u0105cym bohaterem. &#8222;Chcia\u0142am, \u017ceby to co jest na zewn\u0105trz, korespondowa\u0142o z tym, co jest w \u015brodku&#8221; \u2014 wyzna\u0142a Agnieszka Dygant.<\/p>\n<p>          5\/14 Agnieszka Dygant   <\/p>\n<p>We wn\u0119trzach kr\u00f3luje drewno, marmur i tynk. Kontrastuj\u0105 z nimi czarne dodatki: w postaci schod\u00f3w, lamp, mebli. <\/p>\n<p>   6\/14 Agnieszka Dygant   <\/p>\n<p>Celem wykorzystania naturalnych materia\u0142\u00f3w by\u0142 stworzenie wn\u0119trz sp\u00f3jnych z otoczeniem, jako azylu aktorki.<\/p>\n<p>          7\/14 Ewa Gawryluk   <\/p>\n<p>Ewa Gawryluk ko\u0144czy obecnie trwaj\u0105cy ponad trzy lata remont domu pod Warszaw\u0105. Po\u0142o\u017cony z dala od miejskiego ha\u0142asu, ukryty w otoczeniu le\u015bnych zwierz\u0105t, dom przyci\u0105ga uwag\u0119 ju\u017c od zewn\u0105trz \u2014 efektowna czerwona ceg\u0142a, przestronny taras i miejsce na grilla tworz\u0105 sp\u00f3jn\u0105 ca\u0142o\u015b\u0107.<\/p>\n<p>   8\/14 Ewa Gawryluk   <\/p>\n<p>\u0141azienka aktorki  jest wykonana w ciemniejszych kolorach. Na g\u00f3rnych cz\u0119\u015bciach \u015bcian dominuj\u0105 wzory, podczas gdy ni\u017csza partia przedstawia szar\u0105 sztukateri\u0119. Punktem centralnym pomieszczenia jest postarza\u0142a szafka, kt\u00f3ra nadaje stylu ca\u0142o\u015bci.<\/p>\n<p>          9\/14 Damian Micha\u0142owski   <\/p>\n<p>W pomieszczeniach dziennikarza dominuj\u0105 be\u017ce, jasne drewno i wielkie okna.<\/p>\n<p>   10\/14 Damian Micha\u0142owski   <\/p>\n<p>Wn\u0119trze kuchni Damiana Micha\u0142owskiego wskazuje, \u017ce lubi on poszukiwa\u0107 designerskich rozwi\u0105za\u0144. Zwraca uwag\u0119 na to nie tylko pot\u0119\u017cny marmurowy st\u00f3\u0142, ale r\u00f3wnie\u017c lampa o nietypowym kszta\u0142cie.<\/p>\n<p>          11\/14 Damian Micha\u0142owski   <\/p>\n<p>Interesuj\u0105ca jest r\u00f3wnie\u017c konstrukcja \u015bciany w salonie prezentera. <\/p>\n<p>   12\/14 Miko\u0142aj Roznerski   <\/p>\n<p>Aktor mieszka w domu modu\u0142owym. Drewniana nieruchomo\u015b\u0107 po\u0142o\u017cona blisko lasu oferuje mi.in. mo\u017cliwo\u015b\u0107 sp\u0119dzania czasu na tarasie.<\/p>\n<p>          13\/14 Miko\u0142aj Roznerski   <\/p>\n<p>W domu aktora r\u00f3wnie\u017c nie brakuje okien. S\u0105 one integraln\u0105 cz\u0119\u015bci\u0105 pomieszcze\u0144, w kt\u00f3rych dominuj\u0105 jasne barwy, drewno, a tak\u017ce lustra.<\/p>\n<p>   14\/14 Miko\u0142aj Roznerski   Dom Miko\u0142aja Roznerskiego liczy parter i pierwsze pi\u0119tro. Aktor podkre\u015bli\u0142, \u017ce nieruchomo\u015b\u0107 jest klimatyzowana, co daje odpowiedni\u0105 cyrkulacj\u0119 powietrza.<\/p>\n<p>Dzi\u0119kujemy, \u017ce przeczyta\u0142a\u015b\/e\u015b nasz artyku\u0142 do ko\u0144ca. W serwisie Plejada.pl ka\u017cdego dnia piszemy o najwa\u017cniejszych wydarzeniach show-biznesowych. B\u0105d\u017a na bie\u017c\u0105co i obserwuj Plejad\u0119 w <a href=\"http:\/\/news.google.com\/publications\/CAAiEF0PeAlb7W1llpV_mwV2rL4qFAgKIhBdD3gJW-1tZZaVf5sFdqy-?hl=pl&amp;gl=PL&amp;ceid=PL%3Apl\" rel=\"nofollow noopener\" target=\"_blank\">Wiadomo\u015bciach Google<\/a>. Odwied\u017a nas tak\u017ce na <a href=\"http:\/\/facebook.com\/plejadapl\" rel=\"nofollow noopener\" target=\"_blank\">Facebooku<\/a> , <a href=\"http:\/\/instagram.com\/plejadapl\/\" rel=\"nofollow noopener\" target=\"_blank\">Instagramie<\/a>, <a href=\"http:\/\/youtube.com\/c\/plejada\" rel=\"nofollow noopener\" target=\"_blank\">YouTubie<\/a> i <a href=\"http:\/\/tiktok.com\/@plejada_pl\" rel=\"nofollow noopener\" target=\"_blank\">TikToku<\/a>. <\/p>\n<p>Chcesz podzieli\u0107 si\u0119 ciekawym newsem lub zaproponowa\u0107 temat? Skontaktuj si\u0119 z nami, pisz\u0105c maila na adres: plejada@redakcjaonet.pl.<\/p>\n<p>  <script async src=\"\/\/www.instagram.com\/embed.js\"><\/script><script async src=\"\/\/www.tiktok.com\/embed.js\"><\/script><\/p>\n","protected":false},"excerpt":{"rendered":"\u017bycie w blasku fleszy, nieustanne projekty, praca na planie, nagrania, wywiady \u2014 codzienno\u015b\u0107 polskich celebryt\u00f3w to nieprzerwany maraton.&hellip;\n","protected":false},"author":2,"featured_media":296526,"comment_status":"","ping_status":"","sticky":false,"template":"","format":"standard","meta":{"footnotes":"","_share_on_mastodon":"0"},"categories":[22],"tags":[26399,32156,12698,122,21445,42025,1654,18571,48,125,46,42,38,40,39,41,123,47],"class_list":["post-296525","post","type-post","status-publish","format-standard","has-post-thumbnail","category-rozrywka","tag-agnieszka_dygant","tag-damian_michalowski","tag-domy_gwiazd","tag-entertainment","tag-ewa_gawryluk","tag-float_tst1","tag-julia_wieniawa","tag-mikolaj_roznerski","tag-nat_styl","tag-newsy","tag-omp","tag-pl","tag-poland","tag-polish","tag-polska","tag-polski","tag-rozrywka","tag-screening_general"],"share_on_mastodon":{"url":"https:\/\/pubeurope.com\/@pl\/116198230247494286","error":""},"_links":{"self":[{"href":"https:\/\/www.europesays.com\/pl\/wp-json\/wp\/v2\/posts\/296525","targetHints":{"allow":["GET"]}}],"collection":[{"href":"https:\/\/www.europesays.com\/pl\/wp-json\/wp\/v2\/posts"}],"about":[{"href":"https:\/\/www.europesays.com\/pl\/wp-json\/wp\/v2\/types\/post"}],"author":[{"embeddable":true,"href":"https:\/\/www.europesays.com\/pl\/wp-json\/wp\/v2\/users\/2"}],"replies":[{"embeddable":true,"href":"https:\/\/www.europesays.com\/pl\/wp-json\/wp\/v2\/comments?post=296525"}],"version-history":[{"count":0,"href":"https:\/\/www.europesays.com\/pl\/wp-json\/wp\/v2\/posts\/296525\/revisions"}],"wp:featuredmedia":[{"embeddable":true,"href":"https:\/\/www.europesays.com\/pl\/wp-json\/wp\/v2\/media\/296526"}],"wp:attachment":[{"href":"https:\/\/www.europesays.com\/pl\/wp-json\/wp\/v2\/media?parent=296525"}],"wp:term":[{"taxonomy":"category","embeddable":true,"href":"https:\/\/www.europesays.com\/pl\/wp-json\/wp\/v2\/categories?post=296525"},{"taxonomy":"post_tag","embeddable":true,"href":"https:\/\/www.europesays.com\/pl\/wp-json\/wp\/v2\/tags?post=296525"}],"curies":[{"name":"wp","href":"https:\/\/api.w.org\/{rel}","templated":true}]}}