{"id":296802,"date":"2026-03-09T10:48:14","date_gmt":"2026-03-09T10:48:14","guid":{"rendered":"https:\/\/www.europesays.com\/pl\/296802\/"},"modified":"2026-03-09T10:48:14","modified_gmt":"2026-03-09T10:48:14","slug":"kolejne-samoloty-wyslane-po-polakow-wojsko-pozostaje-w-gotowosci","status":"publish","type":"post","link":"https:\/\/www.europesays.com\/pl\/296802\/","title":{"rendered":"Kolejne samoloty wys\u0142ane po Polak\u00f3w. &#8222;Wojsko pozostaje w gotowo\u015bci&#8221;"},"content":{"rendered":"<p class=\"Paragraph_desktopParagraph__U31Gm\">W poniedzia\u0142ek kilka minut po godzinie 6.00 z Polski wystartowa\u0142y dwa kolejne samoloty Si\u0142 Zbrojnych RP realizuj\u0105ce zadania w ramach Polskiego Kontyngentu Wojskowego Bliski Wsch\u00f3d \u2014 przekaza\u0142o w serwisie X Dow\u00f3dztwo Operacyjne Rodzaj\u00f3w Si\u0142 Zbrojnych.<\/p>\n<p class=\"VideoPlayerText_videoPlayerText__iDwyz\">Dalszy ci\u0105g materia\u0142u pod wideo<\/p>\n<p class=\"Paragraph_desktopParagraph__U31Gm\">Ich celem jest Maskat w Omanie, sk\u0105d przetransportuj\u0105 do kraju Polak\u00f3w przebywaj\u0105cych w rejonie Bliskiego Wschodu \u2014 doda\u0142o DORSZ.<\/p>\n<ul class=\"OchatFollowUps_wrapper__1ry7X\">\n<li class=\"OchatFollowUps_item__Dhyly OchatFollowUps_itemDesktop__R6aBv\">Jakie samoloty wystartowa\u0142y z Polski?<\/li>\n<li class=\"OchatFollowUps_item__Dhyly OchatFollowUps_itemDesktop__R6aBv\">Dok\u0105d kieruj\u0105 si\u0119 samoloty ewakuacyjne?<\/li>\n<li class=\"OchatFollowUps_item__Dhyly OchatFollowUps_itemDesktop__R6aBv\">Ilu Polak\u00f3w ewakuowano w czwartek?<\/li>\n<li class=\"OchatFollowUps_item__Dhyly OchatFollowUps_itemDesktop__R6aBv\">Kto dowodzi operacj\u0105 ewakuacyjn\u0105?<\/li>\n<\/ul>\n<p class=\"Paragraph_desktopParagraph__U31Gm\">&#8222;Naszym priorytetem pozostaje wsparcie dzia\u0142a\u0144 MSZ na rzecz bezpiecznego powrotu obywateli Rzeczypospolitej Polskiej do kraju. Wojsko Polskie pozostaje w gotowo\u015bci do niesienia pomocy obywatelom Rzeczypospolitej Polskiej \u2014 wsz\u0119dzie tam, gdzie jest ona potrzebna&#8221; \u2014 podkre\u015bli\u0142o Dow\u00f3dztwo.<\/p>\n<p>Napi\u0119cie wok\u00f3\u0142 Bliskiego Wschodu <\/p>\n<p class=\"Paragraph_desktopParagraph__U31Gm\">Operacja prowadzona jest w ramach polskiego kontyngentu wojskowego utworzonego decyzj\u0105 prezydenta na wniosek premiera. Ca\u0142o\u015bci\u0105 dzia\u0142a\u0144 dowodzi Dow\u00f3dztwo Operacyjne Rodzaj\u00f3w Si\u0142 Zbrojnych, natomiast si\u0142y i \u015brodki do operacji zosta\u0142y wystawione przez Dow\u00f3dztwo Generalne Rodzaj\u00f3w Si\u0142 Zbrojnych.<\/p>\n<p class=\"Paragraph_desktopParagraph__U31Gm\">W czwartek w nocy dotar\u0142y do Polski dwa samoloty Si\u0142 Powietrznych RP, kt\u00f3re specjalnym lotem medycznym ewakuowa\u0142y z Omanu 110 Polak\u00f3w potrzebuj\u0105cych wsparcia medycznego.<\/p>\n<p class=\"Paragraph_desktopParagraph__U31Gm\">Stany Zjednoczone i Izrael zaatakowa\u0142y Iran w sobot\u0119, 28 lutego, zabijaj\u0105c najwy\u017cszego przyw\u00f3dc\u0119 ajatollaha Alego Chameneia i innych wysokich rang\u0105 przedstawicieli w\u0142adz. Teheran w odwecie przyst\u0105pi\u0142 do atak\u00f3w m.in. na bazy ameryka\u0144skie w regionie, w wyniku czego wiele linii lotniczych anulowa\u0142o swoje loty w regionie.<\/p>\n","protected":false},"excerpt":{"rendered":"W poniedzia\u0142ek kilka minut po godzinie 6.00 z Polski wystartowa\u0142y dwa kolejne samoloty Si\u0142 Zbrojnych RP realizuj\u0105ce zadania&hellip;\n","protected":false},"author":2,"featured_media":296803,"comment_status":"","ping_status":"","sticky":false,"template":"","format":"standard","meta":{"footnotes":"","_share_on_mastodon":"0"},"categories":[5],"tags":[905,32,33,26267,36,37,27,67,307,34,35,46638,28,31,53,25,20577,52,68,51,55,42,38,40,39,41,47,29,30,65,50,26],"class_list":["post-296802","post","type-post","status-publish","format-standard","has-post-thumbnail","category-naglowki","tag-bliski_wschod","tag-breaking-news","tag-breakingnews","tag-ewakuacje","tag-featured-news","tag-featurednews","tag-headlines","tag-intextvideo_splayer","tag-iran_kraj","tag-latest-news","tag-latestnews","tag-less_more_tst1","tag-naglowki","tag-najwazniejsze-artykuly","tag-new_header","tag-news","tag-oman","tag-onet3","tag-onet3d","tag-onet3d_2i","tag-phx","tag-pl","tag-poland","tag-polish","tag-polska","tag-polski","tag-screening_general","tag-top-stories","tag-topstories","tag-update_me","tag-v2021","tag-wiadomosci"],"share_on_mastodon":{"url":"https:\/\/pubeurope.com\/@pl\/116198827865454750","error":""},"_links":{"self":[{"href":"https:\/\/www.europesays.com\/pl\/wp-json\/wp\/v2\/posts\/296802","targetHints":{"allow":["GET"]}}],"collection":[{"href":"https:\/\/www.europesays.com\/pl\/wp-json\/wp\/v2\/posts"}],"about":[{"href":"https:\/\/www.europesays.com\/pl\/wp-json\/wp\/v2\/types\/post"}],"author":[{"embeddable":true,"href":"https:\/\/www.europesays.com\/pl\/wp-json\/wp\/v2\/users\/2"}],"replies":[{"embeddable":true,"href":"https:\/\/www.europesays.com\/pl\/wp-json\/wp\/v2\/comments?post=296802"}],"version-history":[{"count":0,"href":"https:\/\/www.europesays.com\/pl\/wp-json\/wp\/v2\/posts\/296802\/revisions"}],"wp:featuredmedia":[{"embeddable":true,"href":"https:\/\/www.europesays.com\/pl\/wp-json\/wp\/v2\/media\/296803"}],"wp:attachment":[{"href":"https:\/\/www.europesays.com\/pl\/wp-json\/wp\/v2\/media?parent=296802"}],"wp:term":[{"taxonomy":"category","embeddable":true,"href":"https:\/\/www.europesays.com\/pl\/wp-json\/wp\/v2\/categories?post=296802"},{"taxonomy":"post_tag","embeddable":true,"href":"https:\/\/www.europesays.com\/pl\/wp-json\/wp\/v2\/tags?post=296802"}],"curies":[{"name":"wp","href":"https:\/\/api.w.org\/{rel}","templated":true}]}}