{"id":296831,"date":"2026-03-09T11:04:24","date_gmt":"2026-03-09T11:04:24","guid":{"rendered":"https:\/\/www.europesays.com\/pl\/296831\/"},"modified":"2026-03-09T11:04:24","modified_gmt":"2026-03-09T11:04:24","slug":"ewa-sonnet-byla-gwiazda-jednego-przeboju-czym-dzis-sie-zajmuje","status":"publish","type":"post","link":"https:\/\/www.europesays.com\/pl\/296831\/","title":{"rendered":"Ewa Sonnet by\u0142a gwiazd\u0105 jednego przeboju. Czym dzi\u015b si\u0119 zajmuje?"},"content":{"rendered":"<p>     <img class=\"ods-a-photo ods-a-photo--background\" src=\"https:\/\/www.europesays.com\/pl\/wp-content\/uploads\/2026\/03\/mXak9lBaHR0cHM6Ly9vY2RuLmV1L3B1bHNjbXMvTURBXy9kNjY4MjVkOGY1ZWE3MWVhYzc2MzFkZDFhMTIzMmUzZi5qcGeRkwXNB.jpeg\" height=\"800\" width=\"536\" alt=\"Ewa Sonnet\" loading=\"lazy\" fetchpriority=\"auto\" decoding=\"auto\"\/>    <\/p>\n<p>Marek Ulatowski\/mwmedia \/ MW Media<\/p>\n<p>  Ewa Sonnet, a w\u0142a\u015bciwie Beata D\u0105browska, sta\u0142a si\u0119 popularna w Polsce na pocz\u0105tku lat 2000. Karier\u0119 zacz\u0119\u0142a jako modelka. Pozowa\u0142a m.in. dla magazynu &#8222;CKM&#8221;. Jej znakiem rozpoznawczym by\u0142y piersi w rozmiarze 70E.<br \/>\n<br \/>&#8222;Dwa lata temu pozna\u0142am m\u0119\u017cczyzn\u0119, kt\u00f3ry mi to umo\u017cliwi\u0142 [rozbierane sesje]. Na pocz\u0105tku by\u0142y jakie\u015b tam obawy, bo pochodz\u0119 z ma\u0142ej miejscowo\u015bci i ba\u0142am si\u0119 opinii innych ludzi, ale p\u00f3\u017aniej si\u0119 przekona\u0142am, tak\u017ce nie jest to nic z\u0142ego&#8221; \u2014 opowiada\u0142a w programie Kuby Wojew\u00f3dzkiego.  <\/p>\n<p>   Ewa Sonnet, a w\u0142a\u015bciwie Beata D\u0105browska, sta\u0142a si\u0119 popularna w Polsce na pocz\u0105tku lat 2000. Karier\u0119 zacz\u0119\u0142a jako modelka. Pozowa\u0142a m.in. dla magazynu &#8222;CKM&#8221;. Jej znakiem rozpoznawczym by\u0142y piersi w rozmiarze 70E.<\/p>\n<p>&#8222;Dwa lata temu pozna\u0142am m\u0119\u017cczyzn\u0119, kt\u00f3ry mi to umo\u017cliwi\u0142 [rozbierane sesje]. Na pocz\u0105tku by\u0142y jakie\u015b tam obawy, bo pochodz\u0119 z ma\u0142ej miejscowo\u015bci i ba\u0142am si\u0119 opinii innych ludzi, ale p\u00f3\u017aniej si\u0119 przekona\u0142am, tak\u017ce nie jest to nic z\u0142ego&#8221; \u2014 opowiada\u0142a w programie Kuby Wojew\u00f3dzkiego.<\/p>\n","protected":false},"excerpt":{"rendered":"Marek Ulatowski\/mwmedia \/ MW Media Ewa Sonnet, a w\u0142a\u015bciwie Beata D\u0105browska, sta\u0142a si\u0119 popularna w Polsce na pocz\u0105tku&hellip;\n","protected":false},"author":2,"featured_media":296832,"comment_status":"","ping_status":"","sticky":false,"template":"","format":"standard","meta":{"footnotes":"","_share_on_mastodon":"0"},"categories":[22],"tags":[122,48471,42025,43974,48,46,42,38,40,3111,39,41,123,47],"class_list":["post-296831","post","type-post","status-publish","format-standard","has-post-thumbnail","category-rozrywka","tag-entertainment","tag-ewa_sonnet","tag-float_tst1","tag-kiedys_gwiazdy_tv_a_dzis","tag-nat_styl","tag-omp","tag-pl","tag-poland","tag-polish","tag-polscy_celebryci","tag-polska","tag-polski","tag-rozrywka","tag-screening_general"],"share_on_mastodon":{"url":"https:\/\/pubeurope.com\/@pl\/116198890880972797","error":""},"_links":{"self":[{"href":"https:\/\/www.europesays.com\/pl\/wp-json\/wp\/v2\/posts\/296831","targetHints":{"allow":["GET"]}}],"collection":[{"href":"https:\/\/www.europesays.com\/pl\/wp-json\/wp\/v2\/posts"}],"about":[{"href":"https:\/\/www.europesays.com\/pl\/wp-json\/wp\/v2\/types\/post"}],"author":[{"embeddable":true,"href":"https:\/\/www.europesays.com\/pl\/wp-json\/wp\/v2\/users\/2"}],"replies":[{"embeddable":true,"href":"https:\/\/www.europesays.com\/pl\/wp-json\/wp\/v2\/comments?post=296831"}],"version-history":[{"count":0,"href":"https:\/\/www.europesays.com\/pl\/wp-json\/wp\/v2\/posts\/296831\/revisions"}],"wp:featuredmedia":[{"embeddable":true,"href":"https:\/\/www.europesays.com\/pl\/wp-json\/wp\/v2\/media\/296832"}],"wp:attachment":[{"href":"https:\/\/www.europesays.com\/pl\/wp-json\/wp\/v2\/media?parent=296831"}],"wp:term":[{"taxonomy":"category","embeddable":true,"href":"https:\/\/www.europesays.com\/pl\/wp-json\/wp\/v2\/categories?post=296831"},{"taxonomy":"post_tag","embeddable":true,"href":"https:\/\/www.europesays.com\/pl\/wp-json\/wp\/v2\/tags?post=296831"}],"curies":[{"name":"wp","href":"https:\/\/api.w.org\/{rel}","templated":true}]}}