{"id":297031,"date":"2026-03-09T13:08:11","date_gmt":"2026-03-09T13:08:11","guid":{"rendered":"https:\/\/www.europesays.com\/pl\/297031\/"},"modified":"2026-03-09T13:08:11","modified_gmt":"2026-03-09T13:08:11","slug":"sebastian-fabijanski-odpowiada-pavlovic-w-sprawie-agresji-mialem-niedosyt","status":"publish","type":"post","link":"https:\/\/www.europesays.com\/pl\/297031\/","title":{"rendered":"Sebastian Fabija\u0144ski odpowiada Pavlovi\u0107 w sprawie agresji. &#8222;Mia\u0142em niedosyt&#8221;"},"content":{"rendered":"<p class=\"Paragraph_desktopParagraph__U31Gm\">Drugi odcinek nowej edycji &#8222;<a href=\"https:\/\/plejada.pl\/temat\/taniec-z-gwiazdami-program-tv\/774kly0\" id=\"da3cfa22-16b1-42b8-9409-7015027bbcd4\" rel=\"nofollow noopener\" target=\"_blank\">Ta\u0144ca z gwiazdami<\/a>&#8221; przyni\u00f3s\u0142 widzom emocje, jakich dawno nie widzieli\u015bmy na parkiecie. <a href=\"https:\/\/plejada.pl\/temat\/sebastian-fabijanski-aktor\/tgq3bxl\" id=\"9b349960-dd00-4761-8273-031f731def7b\" rel=\"nofollow noopener\" target=\"_blank\">Sebastian Fabija\u0144ski<\/a> i Julia Sury\u015b zaprezentowali tango, kt\u00f3re nie tylko rozgrza\u0142o publiczno\u015b\u0107, ale r\u00f3wnie\u017c wywo\u0142a\u0142o gor\u0105c\u0105 dyskusj\u0119 w\u015br\u00f3d juror\u00f3w. Cho\u0107 para otrzyma\u0142a w miar\u0119 wysokie noty (30 pkt) i ostatecznie w tabeli wynik\u00f3w uplasowa\u0142a si\u0119 na sz\u00f3stej pozycji, po zako\u0144czeniu programu na twarzy aktora rysowa\u0142 si\u0119 smutek.<\/p>\n<ul class=\"OchatFollowUps_wrapper__1ry7X\">\n<li class=\"OchatFollowUps_item__Dhyly OchatFollowUps_itemDesktop__R6aBv\">Dlaczego Sebastian Fabija\u0144ski czu\u0142 si\u0119 smutny po wyst\u0119pie?<\/li>\n<li class=\"OchatFollowUps_item__Dhyly OchatFollowUps_itemDesktop__R6aBv\">Co powiedzia\u0142a Iwona Pavlovi\u0107 o wyst\u0119pie Fabija\u0144skiego?<\/li>\n<li class=\"OchatFollowUps_item__Dhyly OchatFollowUps_itemDesktop__R6aBv\">Jakie emocje wywo\u0142a\u0142o tango Fabija\u0144skiego?<\/li>\n<li class=\"OchatFollowUps_item__Dhyly OchatFollowUps_itemDesktop__R6aBv\">Co zaznaczy\u0142a Julia Sury\u015b na temat umiej\u0119tno\u015bci Fabija\u0144skiego?<\/li>\n<\/ul>\n<blockquote>\n<p class=\"Paragraph_desktopParagraph__U31Gm\">Chyba nie jest to smutek, raczej refleksja, poniewa\u017c ja jestem bardzo samokrytyczny i du\u017co od siebie wymagam. I mam pewien niedosyt. Bardzo mi zale\u017ca\u0142o, bo by\u0142a dzisiaj moja mama i dla mnie to by\u0142o bardzo wa\u017cne, ale to zwykle dzia\u0142a tak, \u017ce ja przez chwil\u0119 si\u0119 troszk\u0119 posmuc\u0119, ale ju\u017c mam w g\u0142owie: &#8222;dobra, za tydzie\u0144&#8230;&#8221;. Mnie to nap\u0119dza do tego, \u017ceby dzia\u0142a\u0107 mocniej, lepiej i bardziej<\/p>\n<\/blockquote>\n<p class=\"Paragraph_desktopParagraph__U31Gm\">\u2014 wskazuje Fabija\u0144ski w rozmowie z Plejad\u0105.<\/p>\n<p>Sebastian Fabija\u0144ski odpowiada Pavlovi\u0107 w sprawie agresji. &#8222;Mia\u0142em niedosyt&#8221; <\/p>\n<p class=\"Paragraph_desktopParagraph__U31Gm\"><a href=\"https:\/\/plejada.pl\/temat\/iwona-pavlovic\/lcghqxm\" id=\"31d004ef-134d-4b70-ae3e-5d238011cc63\" rel=\"nofollow noopener\" target=\"_blank\">Iwona Pavlovi\u0107<\/a> nie kry\u0142a poruszenia po wyst\u0119pie aktora. \u2014 Sebastian, ale mamy dzisiaj mieszank\u0119 emocji. To by\u0142o tak agresywne, tak mocne, tak ci uwierzy\u0142am. Co ci ta Julia zrobi\u0142a? Przekaz by\u0142 \u2014 mam nadziej\u0119, \u017ce to w kontrze do 8 marca \u2014 mam nadziej\u0119, \u017ce taki mia\u0142 by\u0107&#8230; Bije mi serce. Niesamowicie agresywne, mocne, ale jak\u017ce wyraziste. By\u0142e\u015b tak w tym autentyczny! \u2014 m\u00f3wi\u0142a jurorka. Podkre\u015bli\u0142a, \u017ce po raz pierwszy na parkiecie widzia\u0142a tak autentyczn\u0105 agresj\u0119.<\/p>\n<p class=\"Paragraph_desktopParagraph__U31Gm\">Co na to Fabija\u0144ski? \u2014 Wydaje mi si\u0119, \u017ce o tym troch\u0119 ten taniec by\u0142. On by\u0142 o walce o relacj\u0119, o kobiet\u0119. Nie czu\u0142em \u017cadnej agresji, po prostu chcia\u0142em intensywnie co\u015b wyrwa\u0107 dla nas. Tak sobie za\u0142o\u017cyli\u015bmy w tej choreografii i bardzo mi na tym zale\u017ca\u0142o, \u017ceby to wydoby\u0107 i mo\u017ce te\u017c dlatego, \u017ce mi bardzo zale\u017ca\u0142o na tym, \u017ceby mama to odebra\u0142a i \u017ceby by\u0107 naprawd\u0119 najlepsz\u0105 wersj\u0105 siebie w tej choreografii, to mo\u017ce czasami moja ekspresja by\u0142a zbyt intensywna \u2014 ocenia.<\/p>\n<blockquote>\n<p class=\"Paragraph_desktopParagraph__U31Gm\">Wydaje mi si\u0119 te\u017c, \u017ce to, \u017ce si\u0119 potkn\u0105\u0142em i to poczu\u0142em, sprawi\u0142o, \u017ce pomy\u015bla\u0142em sobie: &#8222;dobra, to w takim razie teraz trzeba nacisn\u0105\u0107 peda\u0142 gazu, \u017ceby troch\u0119 udawa\u0107, \u017ce tego nie by\u0142o&#8221;, wi\u0119c mo\u017ce dlatego te\u017c jeszcze mocniej w to wskoczy\u0142em. Ale nie, ja nie uwa\u017cam, \u017ceby z mojej strony to by\u0142o co\u015b agresywnego. Chcia\u0142em po prostu j\u0105 wyszarpa\u0107 dla siebie, dla tej relacji<\/p>\n<\/blockquote>\n<p class=\"Paragraph_desktopParagraph__U31Gm\">\u2014 dodaje.<\/p>\n<p><img decoding=\"async\" class=\"Image_image__0tuHp Image_autoHeight__f2n87 \" height=\"587\" width=\"391\" src=\"https:\/\/www.europesays.com\/pl\/wp-content\/uploads\/2026\/03\/peQk9kpTURBXy9lOTM1MjExZGY0OTgyYzU2ZGEyMzI5OGYxM2VjZGQ0My5qcGeSlQLNA6wAwsOVAgDNAkvCw94AA6EwAaExAaEzw.jpeg\" alt=\"Sebastian Fabija\u0144ski i Julia Sury\u015b\" loading=\"lazy\" \/>MW Media<\/p>\n<p>Sebastian Fabija\u0144ski i Julia Sury\u015b<\/p>\n<p class=\"Paragraph_desktopParagraph__U31Gm\">Na temat wyst\u0119p\u00f3w swojego partnera wypowiedzia\u0142a si\u0119 te\u017c Julia Sury\u015b. \u2014 On ma po prostu ogromne umiej\u0119tno\u015bci, kt\u00f3re wydobywam z niego na codziennych treningach, ale opr\u00f3cz tego bardzo mi si\u0119 podoba to, \u017ce zawsze ma na siebie i na nas pomys\u0142, \u017ce potrafi mnie z\u0142apa\u0107 na jakim\u015b kroku i zapyta\u0107 si\u0119 mnie: &#8222;ale o czym on jest?&#8221; \u2014 wyjawia.<\/p>\n<p class=\"Paragraph_desktopParagraph__U31Gm\">Sebastian Fabija\u0144ski nie kryje, \u017ce zale\u017cy mu na tym, aby zaprezentowa\u0107 nie tylko kroki, ale te\u017c emocje, jakie za nimi id\u0105.<\/p>\n<blockquote>\n<p class=\"Paragraph_desktopParagraph__U31Gm\">Mam hopla na tym punkcie. Taniec to jest emocja, to jest relacja. Dlatego ludzie zacz\u0119li ta\u0144czy\u0107, \u017ceby porozmawia\u0107 w ruchu, wi\u0119c je\u017celi robi\u0119 jaki\u015b ruch, kt\u00f3rego nie rozumiem i nie czuj\u0119 w og\u00f3le, o co w tym chodzi, to moje cia\u0142o krzyczy i mo\u017ce dlatego odbi\u00f3r jest te\u017c tak intensywny, tak mocny, bo te nasze interpretacje s\u0105 zawsze przemy\u015blane. Ka\u017cdym ruchem, ka\u017cdym momentem dajemy widzom tak\u0105 dok\u0142adn\u0105 histori\u0119<\/p>\n<\/blockquote>\n<p class=\"Paragraph_desktopParagraph__U31Gm\">\u2014 podsumowuje.<\/p>\n<p><img decoding=\"async\" class=\"Image_image__0tuHp Image_autoHeight__f2n87 \" height=\"587\" width=\"880\" src=\"https:\/\/www.europesays.com\/pl\/wp-content\/uploads\/2026\/03\/yN4k9kpTURBXy8wMWEzODE1Nzg3MjY5ZTQ1ZTAxZjE0MTBlMjJjMGYyMS5qcGeSlQLNA6wAwsOVAgDNAkvCw94AA6EwAaExAaEzw.jpeg\" alt=\"Sebastian Fabija\u0144ski i Julia Sury\u015b\" loading=\"lazy\" \/>mwmedia \/ MW Media<\/p>\n<p>Sebastian Fabija\u0144ski i Julia Sury\u015b<\/p>\n<p class=\"Paragraph_desktopParagraph__U31Gm\">Dzi\u0119kujemy, \u017ce przeczyta\u0142a\u015b\/e\u015b nasz artyku\u0142 do ko\u0144ca. W serwisie Plejada.pl ka\u017cdego dnia piszemy o najwa\u017cniejszych wydarzeniach show-biznesowych. B\u0105d\u017a na bie\u017c\u0105co!<a rel=\"nofollow noopener\" href=\"https:\/\/profile.google.com\/cp\/Cg0vZy8xMWJ6X19wdHBx\" id=\"9f1fad9c-64c1-4c52-a6b6-a058082896b6\" target=\"_blank\"> Obserwuj<\/a> Plejad\u0119 w Google. Odwied\u017a nas tak\u017ce na<a rel=\"nofollow noopener\" href=\"https:\/\/www.facebook.com\/plejadapl\" id=\"3ea0da74-e9a2-4abb-9123-0ffc952ed384\" target=\"_blank\"> Facebooku<\/a>,<a rel=\"nofollow noopener\" href=\"https:\/\/www.instagram.com\/plejadapl\/\" id=\"194e1562-a731-48fc-8054-68e1862c88c6\" target=\"_blank\"> Instagramie<\/a>,<a rel=\"nofollow noopener\" href=\"https:\/\/www.youtube.com\/c\/plejada\" id=\"fbc0bf23-339a-4e4c-97eb-68dce52f7fd2\" target=\"_blank\"> YouTubie<\/a> oraz<a rel=\"nofollow noopener\" href=\"https:\/\/www.tiktok.com\/@plejada_pl\" id=\"9029b909-9868-48e9-aac6-01d2b80b8d73\" target=\"_blank\"> TikToku<\/a>.<\/p>\n<p class=\"Paragraph_desktopParagraph__U31Gm\">Chcesz podzieli\u0107 si\u0119 ciekawym newsem lub zaproponowa\u0107 temat? Skontaktuj si\u0119 z nami, pisz\u0105c maila na adres: <a href=\"https:\/\/www.onet.pl\/styl-zycia\/plejada\/sebastian-fabijanski-odpowiada-pavlovic-w-sprawie-agresji-mialem-niedosyt\/mailto:plejada@redakcjaonet.pl\" id=\"6649e58a-0b48-4d12-a8b5-692cb6b87b20\" rel=\"nofollow noopener\" target=\"_blank\">plejada@redakcjaonet.pl<\/a>.<\/p>\n<p><script async src=\"\/\/www.instagram.com\/embed.js\"><\/script><script async src=\"\/\/www.tiktok.com\/embed.js\"><\/script><\/p>\n","protected":false},"excerpt":{"rendered":"Drugi odcinek nowej edycji &#8222;Ta\u0144ca z gwiazdami&#8221; przyni\u00f3s\u0142 widzom emocje, jakich dawno nie widzieli\u015bmy na parkiecie. Sebastian Fabija\u0144ski&hellip;\n","protected":false},"author":2,"featured_media":297032,"comment_status":"","ping_status":"","sticky":false,"template":"","format":"standard","meta":{"footnotes":"","_share_on_mastodon":"0"},"categories":[5],"tags":[32,33,36,37,27,34,35,28,31,53,25,52,68,51,55,42,38,40,39,41,47,27897,196,1863,29,30,341,338,65,50,4578,26],"class_list":["post-297031","post","type-post","status-publish","format-standard","has-post-thumbnail","category-naglowki","tag-breaking-news","tag-breakingnews","tag-featured-news","tag-featurednews","tag-headlines","tag-latest-news","tag-latestnews","tag-naglowki","tag-najwazniejsze-artykuly","tag-new_header","tag-news","tag-onet3","tag-onet3d","tag-onet3d_2i","tag-phx","tag-pl","tag-poland","tag-polish","tag-polska","tag-polski","tag-screening_general","tag-sebastian_fabijanski_aktor","tag-styl_zycia","tag-taniec_z_gwiazdami_program_tv","tag-top-stories","tag-topstories","tag-tylko_w_onecie","tag-tylko_w_plejadzie","tag-update_me","tag-v2021","tag-video_article","tag-wiadomosci"],"share_on_mastodon":{"url":"","error":"Validation failed: Text character limit of 500 exceeded"},"_links":{"self":[{"href":"https:\/\/www.europesays.com\/pl\/wp-json\/wp\/v2\/posts\/297031","targetHints":{"allow":["GET"]}}],"collection":[{"href":"https:\/\/www.europesays.com\/pl\/wp-json\/wp\/v2\/posts"}],"about":[{"href":"https:\/\/www.europesays.com\/pl\/wp-json\/wp\/v2\/types\/post"}],"author":[{"embeddable":true,"href":"https:\/\/www.europesays.com\/pl\/wp-json\/wp\/v2\/users\/2"}],"replies":[{"embeddable":true,"href":"https:\/\/www.europesays.com\/pl\/wp-json\/wp\/v2\/comments?post=297031"}],"version-history":[{"count":0,"href":"https:\/\/www.europesays.com\/pl\/wp-json\/wp\/v2\/posts\/297031\/revisions"}],"wp:featuredmedia":[{"embeddable":true,"href":"https:\/\/www.europesays.com\/pl\/wp-json\/wp\/v2\/media\/297032"}],"wp:attachment":[{"href":"https:\/\/www.europesays.com\/pl\/wp-json\/wp\/v2\/media?parent=297031"}],"wp:term":[{"taxonomy":"category","embeddable":true,"href":"https:\/\/www.europesays.com\/pl\/wp-json\/wp\/v2\/categories?post=297031"},{"taxonomy":"post_tag","embeddable":true,"href":"https:\/\/www.europesays.com\/pl\/wp-json\/wp\/v2\/tags?post=297031"}],"curies":[{"name":"wp","href":"https:\/\/api.w.org\/{rel}","templated":true}]}}