{"id":297179,"date":"2026-03-09T15:30:23","date_gmt":"2026-03-09T15:30:23","guid":{"rendered":"https:\/\/www.europesays.com\/pl\/297179\/"},"modified":"2026-03-09T15:30:23","modified_gmt":"2026-03-09T15:30:23","slug":"agnieszka-kaczorowska-i-marcin-rogacewicz-nie-kryli-radosci-zrobilismy-to-onet","status":"publish","type":"post","link":"https:\/\/www.europesays.com\/pl\/297179\/","title":{"rendered":"Agnieszka Kaczorowska i Marcin Rogacewicz nie kryli rado\u015bci. &quot;Zrobili\u015bmy to&quot; &#8211; Onet"},"content":{"rendered":"<ol>\n<li><a href=\"https:\/\/news.google.com\/rss\/articles\/CBMiyAFBVV95cUxNeGlKcmVpY3JDQ1BRcDRncXFOVG9oMnA3dmNBdzFzcVY1eXg2TG90NVlSRE8tWWR2RlN1QTVYWHhCYS1ORzJfdUJGMnhtajlLdXdIa1pfUWpVMFoyaWhZOG1GRFhqcE4wSzdMa2pPYTNMdkI2LVhwWHl3NlZKdlNoaTE5UFFUZTdWeHRtaEVJSkNOS25rYkpKQzBCVnpWd05NMTN5YWJ4RDNOY0g4ZlZISXQ2b1g1M3lPOFV6V0ZmelJXR1p6VERuQw?oc=5\" target=\"_blank\" rel=\"nofollow noopener\">Agnieszka Kaczorowska i Marcin Rogacewicz nie kryli rado\u015bci. &#8222;Zrobili\u015bmy to&#8221;<\/a>&nbsp;&nbsp;Onet<\/li>\n<li><a href=\"https:\/\/news.google.com\/rss\/articles\/CBMiigJBVV95cUxOeTVOeDNMeXNEbElHV1NuWVhFYWw0akhidDJZdHp2Z1lMaDQ0dktSbU11Z19QNlh1bkN5R2FsempWRWFFREhocHZOZWQ1YWxxOEIySEJSYUxKOVNHTlpOSXRCaUg4ZURzNlJlT3dkcXNkb0txV3BCWTJBYjEwM2daMTlvVzBpQVlLczBpNmhNdjV5RFl6dHJEMzhJSTR1T0pyODlEbjFhNmhoRjM2dWhKLTdBU2x0NnZnc0xCQ2cwNExEelhpZzY1SDdic0U2M2ZyOTlIN2JGZ09RN2NKcmhPUlNtaUk2OFlucXRZSzFBaldzcDlnaHpydm1OYnZJM1Q0OHFfUEZybGxaUQ?oc=5\" target=\"_blank\" rel=\"nofollow noopener\">Kaczorowska i Rogacewicz dali czadu na spektaklu. Czu\u0142o\u015bci nie brakowa\u0142o &#8211; Pudelek<\/a>&nbsp;&nbsp;Pudelek<\/li>\n<li><a href=\"https:\/\/news.google.com\/rss\/articles\/CBMitgFBVV95cUxPYVYzR3dZNGptRDdRYWlCdGxfV1FHVXVlOGxmSTVIazlIdldJQmRXUTVFUEVjMHphUVBVX3FGUzJfV2NKYTQwRHNFOWNLVENTQkxZOXVCVnkydEROVkp2UEs4UkRCcmgzUjRZbkZ2d1Jyakh0VHRtSVpLSVlqT0NlcXpmZUw2by1qcjJ5eWYzMWhpTEJmUHZlQWhiRXdxMGNncERnb3VBeHBZbE1MR252WVdnYXQ4UQ?oc=5\" target=\"_blank\" rel=\"nofollow noopener\">Kaczorowska i Rogacewicz ju\u017c nie mog\u0105 si\u0119 doczeka\u0107. &#8222;Zrobili\u015bmy to&#8221;<\/a>&nbsp;&nbsp;Plotek.pl<\/li>\n<li><a href=\"https:\/\/news.google.com\/rss\/articles\/CBMiuAFBVV95cUxQajBYaE5xVFJXRGdSaUZfaE51dTZGWG1LTUFhVGVRVmRMVlAyMmg1a0JUdWNaMzZpVDdXUzFmSEFmbXY5QUFxRWV5UHFLN0dLQnVGeEdXdk1YWTN3NzZ3YlMxVlhVM3hPTnBURTFtaDR3QVJwcHR3WHQ4RDF1NmJEc282azZKaThtOUtXLUZHTS1sMWhiQ1NqcmNHMFZpMkRfTDM3OUhJblFEYWV6MXVrMmhsejJlNkw0?oc=5\" target=\"_blank\" rel=\"nofollow noopener\">Agnieszka Kaczorowska szczerze o remoncie domu. Nie tak mia\u0142o by\u0107<\/a>&nbsp;&nbsp;Pomponik.pl<\/li>\n<li><a href=\"https:\/\/news.google.com\/rss\/articles\/CBMiqwFBVV95cUxPYVNCT3hSNWdOOVhMVWszdEZYUFdncGU4Z2dqbk9RMkpvSUs5NWt1dW9yaVJ3OC1NWVZNQ1psR2lSSWZpUDJnNHo4RVZ4SlNBZHRhVm0tUDNxNTdmUThXX1pUeXhQNVk3S1cwSkVvaVFHTHZHMlFZRXc3WVowbGtLckxUdDJ4Z01Bam4ySmRkMjZXX2M5WUV6WVlFelUzZDUwSjNZUnlRaG82RTQ?oc=5\" target=\"_blank\" rel=\"nofollow noopener\">Nie wpu\u015bcili Kaczorowskiej i Rogacewicza do teatru. Tak zareagowali<\/a>&nbsp;&nbsp;Party.pl<\/li>\n<\/ol>\n","protected":false},"excerpt":{"rendered":"Agnieszka Kaczorowska i Marcin Rogacewicz nie kryli rado\u015bci. &#8222;Zrobili\u015bmy to&#8221;&nbsp;&nbsp;Onet Kaczorowska i Rogacewicz dali czadu na spektaklu. Czu\u0142o\u015bci&hellip;\n","protected":false},"author":2,"featured_media":297180,"comment_status":"","ping_status":"","sticky":false,"template":"","format":"standard","meta":{"footnotes":"","_share_on_mastodon":"0"},"categories":[22],"tags":[172,122,67,261,3462,53,52,68,51,55,42,38,40,39,41,123,47,18611,1607,65,50],"class_list":["post-297179","post","type-post","status-publish","format-standard","has-post-thumbnail","category-rozrywka","tag-agnieszka_kaczorowska","tag-entertainment","tag-intextvideo_splayer","tag-kultura","tag-marcin_rogacewicz","tag-new_header","tag-onet3","tag-onet3d","tag-onet3d_2i","tag-phx","tag-pl","tag-poland","tag-polish","tag-polska","tag-polski","tag-rozrywka","tag-screening_general","tag-teatr_teatry","tag-time_limited","tag-update_me","tag-v2021"],"share_on_mastodon":{"url":"https:\/\/pubeurope.com\/@pl\/116199936677110486","error":""},"_links":{"self":[{"href":"https:\/\/www.europesays.com\/pl\/wp-json\/wp\/v2\/posts\/297179","targetHints":{"allow":["GET"]}}],"collection":[{"href":"https:\/\/www.europesays.com\/pl\/wp-json\/wp\/v2\/posts"}],"about":[{"href":"https:\/\/www.europesays.com\/pl\/wp-json\/wp\/v2\/types\/post"}],"author":[{"embeddable":true,"href":"https:\/\/www.europesays.com\/pl\/wp-json\/wp\/v2\/users\/2"}],"replies":[{"embeddable":true,"href":"https:\/\/www.europesays.com\/pl\/wp-json\/wp\/v2\/comments?post=297179"}],"version-history":[{"count":0,"href":"https:\/\/www.europesays.com\/pl\/wp-json\/wp\/v2\/posts\/297179\/revisions"}],"wp:featuredmedia":[{"embeddable":true,"href":"https:\/\/www.europesays.com\/pl\/wp-json\/wp\/v2\/media\/297180"}],"wp:attachment":[{"href":"https:\/\/www.europesays.com\/pl\/wp-json\/wp\/v2\/media?parent=297179"}],"wp:term":[{"taxonomy":"category","embeddable":true,"href":"https:\/\/www.europesays.com\/pl\/wp-json\/wp\/v2\/categories?post=297179"},{"taxonomy":"post_tag","embeddable":true,"href":"https:\/\/www.europesays.com\/pl\/wp-json\/wp\/v2\/tags?post=297179"}],"curies":[{"name":"wp","href":"https:\/\/api.w.org\/{rel}","templated":true}]}}