{"id":297490,"date":"2026-03-09T19:41:07","date_gmt":"2026-03-09T19:41:07","guid":{"rendered":"https:\/\/www.europesays.com\/pl\/297490\/"},"modified":"2026-03-09T19:41:07","modified_gmt":"2026-03-09T19:41:07","slug":"domaga-sie-w-sadzie-tytulu-mistrzowskiego-jest-decyzja-ws-gwiazdy-f1","status":"publish","type":"post","link":"https:\/\/www.europesays.com\/pl\/297490\/","title":{"rendered":"Domaga si\u0119 w s\u0105dzie tytu\u0142u mistrzowskiego. Jest decyzja ws. gwiazdy F1"},"content":{"rendered":"\n<p class=\"contentpart contentpart--default contentpart--text\" data-position=\"0\"><a href=\"https:\/\/sportowefakty.wp.pl\/wyscigi-samochodowe\/felipe-massa\" rel=\"nofollow noopener\" target=\"_blank\">Felipe Massa<\/a>\u00a0dochodzi roszcze\u0144 wobec <a href=\"https:\/\/sportowefakty.wp.pl\/formula-1\" rel=\"nofollow noopener\" target=\"_blank\">Formu\u0142y 1<\/a>, <a href=\"https:\/\/sportowefakty.wp.pl\/moto\/fia\" rel=\"nofollow noopener\" target=\"_blank\">FIA<\/a>\u00a0i <a href=\"https:\/\/sportowefakty.wp.pl\/moto\/bernie-ecclestone\" rel=\"nofollow noopener\" target=\"_blank\">Berniego Ecclestone&#8217;a<\/a>\u00a0w zwi\u0105zku z wynikiem mistrzostw \u015bwiata z 2008 roku. Brazylijczyk domaga si\u0119 ok. 64 mln funt\u00f3w (ok. 85 mln dolar\u00f3w) odszkodowania, twierdz\u0105c, \u017ce straci\u0142 tytu\u0142 przez wydarzenia w\u00a0<a href=\"https:\/\/sportowefakty.wp.pl\/wyscigi-samochodowe\/gp-singapuru\" rel=\"nofollow noopener\" target=\"_blank\">GP Singapuru<\/a>.<\/p>\n<p class=\"contentpart contentpart--default contentpart--text\" data-position=\"1\">W Singapurze <a href=\"https:\/\/sportowefakty.wp.pl\/wyscigi-samochodowe\/nelson-piquet-jr\" rel=\"nofollow noopener\" target=\"_blank\">Nelson Piquet Jr<\/a>\u00a0celowo uderzy\u0142 w \u015bcian\u0119 na zakr\u0119cie numer siedemna\u015bcie, wykonuj\u0105c polecenie zespo\u0142u Renault, aby wywo\u0142a\u0107 okres neutralizacji i pom\u00f3c <a href=\"https:\/\/sportowefakty.wp.pl\/wyscigi-samochodowe\/fernando-alonso\" rel=\"nofollow noopener\" target=\"_blank\">Fernando Alonso<\/a>\u00a0w zwyci\u0119stwie. Felipe Massa prowadzi\u0142 na pocz\u0105tku wy\u015bcigu, ale podczas pit-stopu <a href=\"https:\/\/sportowefakty.wp.pl\/wyscigi-samochodowe\/scuderia-ferrari\" rel=\"nofollow noopener\" target=\"_blank\">Ferrari<\/a>\u00a0wypu\u015bci\u0142o go przedwcze\u015bnie ze stanowiska ze wci\u0105\u017c pod\u0142\u0105czonym w\u0119\u017cem paliwowym. Ten b\u0142\u0105d wykluczy\u0142 go nawet z walki o podium.<\/p>\n<p>  <img decoding=\"async\" src=\"https:\/\/v.wpimg.pl\/X3dwLnN2d1IFFTpdYUl6R0ZNbgcnEHQREVV2TGEGbUtRT2MdOlZ2RBQUKABgQjQcDRotCStBd1IAAWMeIlM7VgwYIAorQAdEFFk_GCkQJQ\" alt=\"\" width=\"45\" height=\"58\" loading=\"lazy\"\/>  <\/p>\n<p class=\"contentpart contentpart--default contentpart--text\" data-position=\"2\">ZOBACZ WIDEO: Wyst\u0105pi w mistrzostwach \u015bwiata. O zarobieniu pieni\u0119dzy mo\u017ce zapomnie\u0107<\/p>\n<p class=\"contentpart contentpart--default contentpart--text\" data-position=\"4\">Brazylijczyk przegra\u0142 ostatecznie mistrzostwo z\u00a0<a href=\"https:\/\/sportowefakty.wp.pl\/wyscigi-samochodowe\/lewis-hamilton\" rel=\"nofollow noopener\" target=\"_blank\">Lewisem Hamiltonem<\/a>\u00a0o jeden punkt. Przez lata fina\u0142 sezonu 2008 nie budzi\u0142 spor\u00f3w, a\u017c do wywiadu Berniego Ecclestone&#8217;a dla &#8222;F1 Insider&#8221; w 2023 roku. By\u0142y szef Formu\u0142y 1 stwierdzi\u0142, \u017ce on i \u00f3wczesny prezydent FIA <a href=\"https:\/\/sportowefakty.wp.pl\/wyscigi-samochodowe\/max-mosley\" rel=\"nofollow noopener\" target=\"_blank\">Max Mosley<\/a>\u00a0dowiedzieli si\u0119 o tzw. &#8222;crashgate&#8221;, ale nie zareagowali, aby nie zaszkodzi\u0107 wizerunkowi F1. P\u00f3\u017aniej Ecclestone przekonywa\u0142, \u017ce jego s\u0142owa zosta\u0142y b\u0142\u0119dnie przet\u0142umaczone.<\/p>\n<p class=\"contentpart contentpart--default contentpart--text\" data-position=\"5\">Po tamtym wywiadzie Massa z\u0142o\u017cy\u0142 pozew, a jego prawnicy o\u015bwiadczyli, \u017ce ich klient by\u0142 &#8222;ofiar\u0105 spisku&#8221;, kt\u00f3ry kosztowa\u0142 go &#8222;dziesi\u0105tki milion\u00f3w euro&#8221;. Sam kierowca podkre\u015bla\u0142, \u017ce szuka &#8222;sprawiedliwo\u015bci&#8221;.<\/p>\n<p class=\"contentpart contentpart--default contentpart--text\" data-position=\"6\">Pod koniec 2025 roku sprawa trafi\u0142a do S\u0105du Najwy\u017cszego w Londynie. S\u0119dzia Robert Jay odrzuci\u0142 w\u00f3wczas wnioski strony pozwanej o zako\u0144czenie post\u0119powania. Teraz s\u0105d nakaza\u0142 pozwanym zap\u0142at\u0119 250 tys. funt\u00f3w (ponad 330 tys. dolar\u00f3w) tytu\u0142em cz\u0119\u015bci koszt\u00f3w s\u0105dowych Massy &#8211; informuje motorsport.com.<\/p>\n<p>  <img decoding=\"async\" src=\"https:\/\/v.wpimg.pl\/X3dwLnN2d1IFFTpdYUl6R0ZNbgcnEHQREVV2TGEGbUtRT2MdOlZ2RBQUKABgQjQcDRotCStBd1IAAWMeIlM7VgwYIAorQAdEFFk_GCkQJQ\" alt=\"\" width=\"45\" height=\"58\" loading=\"lazy\"\/>  <\/p>\n<p class=\"contentpart contentpart--default contentpart--text\" data-position=\"7\">Wed\u0142ug argumentacji Massy i jego pe\u0142nomocnik\u00f3w nie powinno ju\u017c dochodzi\u0107 do kolejnych odwo\u0142a\u0144. Domagaj\u0105 si\u0119, aby sprawa przesz\u0142a do etapu procesu, co wymaga od strony pozwanej przedstawienia pe\u0142nego materia\u0142u dowodowego.<\/p>\n","protected":false},"excerpt":{"rendered":"Felipe Massa\u00a0dochodzi roszcze\u0144 wobec Formu\u0142y 1, FIA\u00a0i Berniego Ecclestone&#8217;a\u00a0w zwi\u0105zku z wynikiem mistrzostw \u015bwiata z 2008 roku. Brazylijczyk&hellip;\n","protected":false},"author":2,"featured_media":297491,"comment_status":"","ping_status":"","sticky":false,"template":"","format":"standard","meta":{"footnotes":"","_share_on_mastodon":"0"},"categories":[24],"tags":[18041,19316,2901,42,38,40,39,41,127,126,750,2902],"class_list":["post-297490","post","type-post","status-publish","format-standard","has-post-thumbnail","category-sport","tag-bernie-ecclestone","tag-felipe-massa","tag-formula-1","tag-pl","tag-poland","tag-polish","tag-polska","tag-polski","tag-sport","tag-sports","tag-sporty-motorowe","tag-wyscigi-samochodowe"],"share_on_mastodon":{"url":"https:\/\/pubeurope.com\/@pl\/116200923727518296","error":""},"_links":{"self":[{"href":"https:\/\/www.europesays.com\/pl\/wp-json\/wp\/v2\/posts\/297490","targetHints":{"allow":["GET"]}}],"collection":[{"href":"https:\/\/www.europesays.com\/pl\/wp-json\/wp\/v2\/posts"}],"about":[{"href":"https:\/\/www.europesays.com\/pl\/wp-json\/wp\/v2\/types\/post"}],"author":[{"embeddable":true,"href":"https:\/\/www.europesays.com\/pl\/wp-json\/wp\/v2\/users\/2"}],"replies":[{"embeddable":true,"href":"https:\/\/www.europesays.com\/pl\/wp-json\/wp\/v2\/comments?post=297490"}],"version-history":[{"count":0,"href":"https:\/\/www.europesays.com\/pl\/wp-json\/wp\/v2\/posts\/297490\/revisions"}],"wp:featuredmedia":[{"embeddable":true,"href":"https:\/\/www.europesays.com\/pl\/wp-json\/wp\/v2\/media\/297491"}],"wp:attachment":[{"href":"https:\/\/www.europesays.com\/pl\/wp-json\/wp\/v2\/media?parent=297490"}],"wp:term":[{"taxonomy":"category","embeddable":true,"href":"https:\/\/www.europesays.com\/pl\/wp-json\/wp\/v2\/categories?post=297490"},{"taxonomy":"post_tag","embeddable":true,"href":"https:\/\/www.europesays.com\/pl\/wp-json\/wp\/v2\/tags?post=297490"}],"curies":[{"name":"wp","href":"https:\/\/api.w.org\/{rel}","templated":true}]}}