{"id":297574,"date":"2026-03-09T20:50:07","date_gmt":"2026-03-09T20:50:07","guid":{"rendered":"https:\/\/www.europesays.com\/pl\/297574\/"},"modified":"2026-03-09T20:50:07","modified_gmt":"2026-03-09T20:50:07","slug":"iga-lis-zachwycila-na-czerwonym-dywanie-elegancja-z-indywidualnym-wyczuciem-stylu-onet","status":"publish","type":"post","link":"https:\/\/www.europesays.com\/pl\/297574\/","title":{"rendered":"Iga Lis zachwyci\u0142a na czerwonym dywanie. Elegancja z indywidualnym wyczuciem stylu &#8211; Onet"},"content":{"rendered":"<ol>\n<li><a href=\"https:\/\/news.google.com\/rss\/articles\/CBMi0wFBVV95cUxQcUR2OVBDdnQzZnVjTk9LQVFfNGtxc0xxOHFzYVhwVFdSbmRBUXd5RjlFaFdHS1BlYlFDNUhwUHVaV082a1E4VFhOelVjUlloRzRTaklMVFczcEJFcUhHSFhHZC1TVUNhd2tTejViSTQ3b0c3a2VSdk5LTlFqNENQNUdYNmFoTDJZOWotMTN6bWNvbXluMGNoV0JQdmk3cEI5UzJEWEdsOFEyQ0xSdGhLX1R3MmJuM2hfX1F6c1cyY2FyS1BMT1hCWkYtVFRtRFFORGp3?oc=5\" target=\"_blank\" rel=\"nofollow noopener\">Iga Lis zachwyci\u0142a na czerwonym dywanie. Elegancja z indywidualnym wyczuciem stylu<\/a>&nbsp;&nbsp;Onet<\/li>\n<li><a href=\"https:\/\/news.google.com\/rss\/articles\/CBMi3gFBVV95cUxNUmVPb1pTVjhaM2ZNRUlBeUlPTDFHLXhTUlliZ3FmZ2FzZUhIQ0lxRlprWUhYUkhWTVh3cnFlQmpyX2NCQWxReTNmSkk1VU5QRmcwNFM0WklKYy1MeXU3NE5BbElqczc0Ymk4R3RMYnJUR3JrVVRmc0xXMGtWQklXUVhHODJ3RGJXRXZYMUM2SVNGV2JxbmFUbFk1UXRjb0E5UVhMUG9jVkdkd0FOSkZjWF9aTFl4LWx2THZaY19uZ2p4WWk5eEJ6MmtISVZhUUdJVGVDMVE3Ym1fRDlqZ2c?oc=5\" target=\"_blank\" rel=\"nofollow noopener\">Or\u0142y 2026. Zatrz\u0119sienie gwiazd na gali: eteryczna Iga Lis, szykowna Krystyna Janda, Karolina Gruszka (ZDJ\u0118CIA)<\/a>&nbsp;&nbsp;Pudelek<\/li>\n<li><a href=\"https:\/\/news.google.com\/rss\/articles\/CBMiywFBVV95cUxQRXdnTGlIY0hLQzl6dWhwVDJvNVUyS21aYXJNUThkRERwanJvUUFwRTFQZlVYZ0tHY3gtMWh3MUgxdXdWVmRvanlVN3hLakZLUm9mZTZyRW5pbUVTcXU4dWtfOEdBUk1MZW5MYTFLWWIxeDYtTmgtYzdUWC1QUzBCR1ZyTzZaWFVWSC1WZ2xFUlhxYWFiZHhRZ3g0aEpVbk9iTGh3RVJNWG91dzlQVEprWEU5NDFmVTFrTHJxV1F2WEZwZ2xsOVp6bWphWQ?oc=5\" target=\"_blank\" rel=\"nofollow noopener\">Poruszaj\u0105cy moment na gali rozdania Or\u0142\u00f3w. Tak oddano ho\u0142d zmar\u0142ym artystom<\/a>&nbsp;&nbsp;Onet<\/li>\n<li><a href=\"https:\/\/news.google.com\/rss\/articles\/CBMiiwFBVV95cUxQMWZLaHdIUDdjcVBXd3JfQTFDckdzYlhhT2pKa3pEMi1McnhYLVA0eWFESlp4d2R1eHRiVk5WWXQtUEE3RlF6dlAtLXlISEZFS0M4YVdvT08ycThDVFJRSER6WmlwNDBGTFNqV3B2YzdkellWM1hQTnl6MWJvcjBoQmM3U283Ymw2ai1j?oc=5\" target=\"_blank\" rel=\"nofollow noopener\">Polskie nagrody filmowe Or\u0142y. Poznaj zwyci\u0119zc\u00f3w<\/a>&nbsp;&nbsp;WP Film<\/li>\n<li><a href=\"https:\/\/news.google.com\/rss\/articles\/CBMiqwFBVV95cUxNaW9EYnZQdzh0Nm9vVHhPcWgzeDRFczRRbnlBc1NsNzY2eERRbDhaTWRsMzd4S01SXzhtMVZ4R0dsbUloOTdPU3hvck5XLWFkRW5Sa1ZVUTRXQUUzcGt4QWMwNm9VU19WV1d2dXlkLVE1Y0lTdDNpUGhyZVZJS0lIaEdSLXNBemFucTJkT0Y3SmdxaExlLV9ubVpsZ0NuZzFuWDdndy1lVHVmWE0?oc=5\" target=\"_blank\" rel=\"nofollow noopener\">Gwiazdy kina 28. gali Or\u0142\u00f3w. Kto zaskoczy\u0142 na czerwonym dywanie?<\/a>&nbsp;&nbsp;Film Interia<\/li>\n<\/ol>\n","protected":false},"excerpt":{"rendered":"Iga Lis zachwyci\u0142a na czerwonym dywanie. Elegancja z indywidualnym wyczuciem stylu&nbsp;&nbsp;Onet Or\u0142y 2026. Zatrz\u0119sienie gwiazd na gali: eteryczna&hellip;\n","protected":false},"author":2,"featured_media":297575,"comment_status":"","ping_status":"","sticky":false,"template":"","format":"standard","meta":{"footnotes":"","_share_on_mastodon":"0"},"categories":[5],"tags":[32,33,244,36,37,30897,27,31802,67,34,35,28,31,53,25,52,68,51,43820,55,42,38,40,39,41,47,196,10522,1607,29,30,65,50,26],"class_list":["post-297574","post","type-post","status-publish","format-standard","has-post-thumbnail","category-naglowki","tag-breaking-news","tag-breakingnews","tag-ctr_tst","tag-featured-news","tag-featurednews","tag-gwiazdy_na_czerwonym_dywanie","tag-headlines","tag-iga_lis","tag-intextvideo_splayer","tag-latest-news","tag-latestnews","tag-naglowki","tag-najwazniejsze-artykuly","tag-new_header","tag-news","tag-onet3","tag-onet3d","tag-onet3d_2i","tag-orly_polska_nagroda_filmowa","tag-phx","tag-pl","tag-poland","tag-polish","tag-polska","tag-polski","tag-screening_general","tag-styl_zycia","tag-stylizacje_gwiazd","tag-time_limited","tag-top-stories","tag-topstories","tag-update_me","tag-v2021","tag-wiadomosci"],"share_on_mastodon":{"url":"","error":"Validation failed: Text character limit of 500 exceeded"},"_links":{"self":[{"href":"https:\/\/www.europesays.com\/pl\/wp-json\/wp\/v2\/posts\/297574","targetHints":{"allow":["GET"]}}],"collection":[{"href":"https:\/\/www.europesays.com\/pl\/wp-json\/wp\/v2\/posts"}],"about":[{"href":"https:\/\/www.europesays.com\/pl\/wp-json\/wp\/v2\/types\/post"}],"author":[{"embeddable":true,"href":"https:\/\/www.europesays.com\/pl\/wp-json\/wp\/v2\/users\/2"}],"replies":[{"embeddable":true,"href":"https:\/\/www.europesays.com\/pl\/wp-json\/wp\/v2\/comments?post=297574"}],"version-history":[{"count":0,"href":"https:\/\/www.europesays.com\/pl\/wp-json\/wp\/v2\/posts\/297574\/revisions"}],"wp:featuredmedia":[{"embeddable":true,"href":"https:\/\/www.europesays.com\/pl\/wp-json\/wp\/v2\/media\/297575"}],"wp:attachment":[{"href":"https:\/\/www.europesays.com\/pl\/wp-json\/wp\/v2\/media?parent=297574"}],"wp:term":[{"taxonomy":"category","embeddable":true,"href":"https:\/\/www.europesays.com\/pl\/wp-json\/wp\/v2\/categories?post=297574"},{"taxonomy":"post_tag","embeddable":true,"href":"https:\/\/www.europesays.com\/pl\/wp-json\/wp\/v2\/tags?post=297574"}],"curies":[{"name":"wp","href":"https:\/\/api.w.org\/{rel}","templated":true}]}}