{"id":297862,"date":"2026-03-10T01:16:12","date_gmt":"2026-03-10T01:16:12","guid":{"rendered":"https:\/\/www.europesays.com\/pl\/297862\/"},"modified":"2026-03-10T01:16:12","modified_gmt":"2026-03-10T01:16:12","slug":"iga-lis-zachwycila-na-czerwonym-dywanie-elegancja-z-indywidualnym-wyczuciem-stylu","status":"publish","type":"post","link":"https:\/\/www.europesays.com\/pl\/297862\/","title":{"rendered":"Iga Lis zachwyci\u0142a na czerwonym dywanie. Elegancja z indywidualnym wyczuciem stylu"},"content":{"rendered":"<p>W poniedzia\u0142kowy wiecz\u00f3r oczy polskiego \u015bwiata filmu skierowa\u0142y si\u0119 na gal\u0119 rozdania Or\u0142\u00f3w \u2014 wydarzenia, podczas kt\u00f3rego Polska Akademia Filmowa wyr\u00f3\u017cnia najwa\u017cniejsze postaci rodzimej kinematografii. <a href=\"https:\/\/plejada.pl\/newsy\/gala-rozdania-orlow-pierwsze-gwiazdy-na-czerwonym-dywanie\/jcjk4de\" id=\"03f6db24-7a65-49ea-beb7-2d52f3a66e4c\" rel=\"nofollow noopener\" target=\"_blank\">W\u015br\u00f3d nominowanych<\/a> pojawi\u0142a si\u0119 Iga Lis, c\u00f3rka Kingi Rusin i Tomasza Lisa, kt\u00f3ra w tym roku walczy\u0142a o statuetk\u0119 w kategorii <a href=\"https:\/\/plejada.pl\/zdjecia-gwiazd\/iga-lis-nominowana-do-orla-moze-zostac-odkryciem-tego-roku\/0h6vl4t\" id=\"6cc05e9d-3cea-4ce6-8ebf-b53b72f6c773\" rel=\"nofollow noopener\" target=\"_blank\">Odkrycie Roku za film &#8222;Ba\u0142tyk&#8221;<\/a> (w tej kategorii wygra\u0142a Emi Buchwald za film &#8222;Nie ma duch\u00f3w w mieszkaniu na dobrej&#8221;).<a href=\"https:\/\/plejada.pl\/temat\/iga-lis\/m0ym6qr\" id=\"44387fb3-ed50-4462-9e09-ba92e71e6098\" rel=\"nofollow noopener\" target=\"_blank\">Iga Lis,<\/a> znana z dyskrecji i niech\u0119ci do dzielenia si\u0119 \u017cyciem prywatnym w mediach, tym razem przyci\u0105gn\u0119\u0142a uwag\u0119 nie tylko swoim dorobkiem artystycznym. Ju\u017c na czerwonym dywanie wzbudzi\u0142a sensacj\u0119 wyrafinowan\u0105 stylizacj\u0105 \u2014 sukni\u0105 z be\u017cowym gorsetem pokryt\u0105 czarn\u0105 koronk\u0105, uzupe\u0142nion\u0105 czarn\u0105, drapowan\u0105 sp\u00f3dnic\u0105. Ca\u0142o\u015b\u0107 dope\u0142ni\u0142y rozpuszczone w\u0142osy, subtelny makija\u017c i z\u0142ote kolczyki.<\/p>\n<p>Debiutuj\u0105ca re\u017cyserka po raz kolejny udowodni\u0142a, \u017ce potrafi \u0142\u0105czy\u0107 elegancj\u0119 z indywidualnym wyczuciem stylu, nie rezygnuj\u0105c przy tym z w\u0142asnej autentyczno\u015bci. Jej obecno\u015b\u0107 na gali Or\u0142\u00f3w to nie tylko wydarzenie towarzyskie, ale tak\u017ce symbol nowego pokolenia tw\u00f3rc\u00f3w, kt\u00f3rzy coraz \u015bmielej zaznaczaj\u0105 swoj\u0105 obecno\u015b\u0107 na polskiej scenie filmowej.<\/p>\n","protected":false},"excerpt":{"rendered":"W poniedzia\u0142kowy wiecz\u00f3r oczy polskiego \u015bwiata filmu skierowa\u0142y si\u0119 na gal\u0119 rozdania Or\u0142\u00f3w \u2014 wydarzenia, podczas kt\u00f3rego Polska&hellip;\n","protected":false},"author":2,"featured_media":297863,"comment_status":"","ping_status":"","sticky":false,"template":"","format":"standard","meta":{"footnotes":"","_share_on_mastodon":"0"},"categories":[5],"tags":[32,33,36,37,42025,30897,27,31802,34,35,28,31,48,25,125,46,44325,42,38,40,39,41,47,10522,29,30,26],"class_list":["post-297862","post","type-post","status-publish","format-standard","has-post-thumbnail","category-naglowki","tag-breaking-news","tag-breakingnews","tag-featured-news","tag-featurednews","tag-float_tst1","tag-gwiazdy_na_czerwonym_dywanie","tag-headlines","tag-iga_lis","tag-latest-news","tag-latestnews","tag-naglowki","tag-najwazniejsze-artykuly","tag-nat_styl","tag-news","tag-newsy","tag-omp","tag-orly_nagroda_filmowa","tag-pl","tag-poland","tag-polish","tag-polska","tag-polski","tag-screening_general","tag-stylizacje_gwiazd","tag-top-stories","tag-topstories","tag-wiadomosci"],"share_on_mastodon":{"url":"https:\/\/pubeurope.com\/@pl\/116202241086854383","error":""},"_links":{"self":[{"href":"https:\/\/www.europesays.com\/pl\/wp-json\/wp\/v2\/posts\/297862","targetHints":{"allow":["GET"]}}],"collection":[{"href":"https:\/\/www.europesays.com\/pl\/wp-json\/wp\/v2\/posts"}],"about":[{"href":"https:\/\/www.europesays.com\/pl\/wp-json\/wp\/v2\/types\/post"}],"author":[{"embeddable":true,"href":"https:\/\/www.europesays.com\/pl\/wp-json\/wp\/v2\/users\/2"}],"replies":[{"embeddable":true,"href":"https:\/\/www.europesays.com\/pl\/wp-json\/wp\/v2\/comments?post=297862"}],"version-history":[{"count":0,"href":"https:\/\/www.europesays.com\/pl\/wp-json\/wp\/v2\/posts\/297862\/revisions"}],"wp:featuredmedia":[{"embeddable":true,"href":"https:\/\/www.europesays.com\/pl\/wp-json\/wp\/v2\/media\/297863"}],"wp:attachment":[{"href":"https:\/\/www.europesays.com\/pl\/wp-json\/wp\/v2\/media?parent=297862"}],"wp:term":[{"taxonomy":"category","embeddable":true,"href":"https:\/\/www.europesays.com\/pl\/wp-json\/wp\/v2\/categories?post=297862"},{"taxonomy":"post_tag","embeddable":true,"href":"https:\/\/www.europesays.com\/pl\/wp-json\/wp\/v2\/tags?post=297862"}],"curies":[{"name":"wp","href":"https:\/\/api.w.org\/{rel}","templated":true}]}}