{"id":297882,"date":"2026-03-10T01:37:08","date_gmt":"2026-03-10T01:37:08","guid":{"rendered":"https:\/\/www.europesays.com\/pl\/297882\/"},"modified":"2026-03-10T01:37:08","modified_gmt":"2026-03-10T01:37:08","slug":"leszek-lichota-nagle-wypalil-do-prowadzacego-myslalem-ze-nie-trzeba-bedzie-pajacowac-2","status":"publish","type":"post","link":"https:\/\/www.europesays.com\/pl\/297882\/","title":{"rendered":"Leszek Lichota nagle wypali\u0142 do prowadz\u0105cego. &#8222;My\u015bla\u0142em, \u017ce nie trzeba b\u0119dzie pajacowa\u0107&#8221;"},"content":{"rendered":"<p>Tegoroczn\u0105 gal\u0119 rozdania Or\u0142\u00f3w <a href=\"https:\/\/plejada.pl\/newsy\/zaskakujace-otwarcie-rozdania-orlow-publicznosc-nie-kryla-rozbawienia\/q215xjm\" id=\"82ce5dd8-e083-4071-abf7-e07eafd3131b\" rel=\"nofollow noopener\" target=\"_blank\">poprowadzi\u0142 Andrzej Konopka<\/a>, kt\u00f3ry od samego pocz\u0105tku wydarzenia zaskakiwa\u0142 publiczno\u015b\u0107 humorystycznymi anegdotami nawi\u0105zuj\u0105cymi do bran\u017cy filmowej. Jedn\u0105 z \u017cartobliwych rozm\u00f3w rozpocz\u0105\u0142 z kolei Leszek Lichota, kt\u00f3ry wr\u0119cza\u0142 statuetk\u0119 za Najlepszy D\u017awi\u0119k. Dalszy ci\u0105g artyku\u0142u pod materia\u0142em wideo    <\/p>\n<p> Co Leszek Lichota powiedzia\u0142 do Andrzeja Konopki? <\/p>\n<p> Jak\u0105 statuetk\u0119 wr\u0119cza\u0142 Leszek Lichota? <\/p>\n<p> Kto prowadzi\u0142 gal\u0119 rozdania Or\u0142\u00f3w? <\/p>\n<p> Jak zareagowa\u0142 Leszek Lichota na humor prowadz\u0105cego? <\/p>\n<p>  Leszek Lichota nagle wypali\u0142 do prowadz\u0105cego Or\u0142\u00f3w. &#8222;My\u015bla\u0142em, \u017ce nie trzeba b\u0119dzie pajacowa\u0107&#8221;<\/p>\n<p>\u2014 Aktor dysponuj\u0105cy tak perlist\u0105 dykcj\u0105 i tak rozbudowanym aparatem mowy, \u017ce na planie nie trzeba powtarza\u0107 dubli. Nawet gdyby d\u017awi\u0119kowiec nie wy\u0142\u0105czy\u0142 magnetofonu. Przed wami charyzmatyczny i enigmatyczny Lechu Lichota \u2014 zapowiada\u0142 prowadz\u0105cy wej\u015bcie na scen\u0119 Leszka Lichoty.<\/p>\n<blockquote class=\"ods-o-quote\">\n<p class=\"ods-o-quote__paragraph\">Andrzej, ty naprawd\u0119 wierzysz, \u017ce to, co tu robisz, jest zabawne?<\/p>\n<\/blockquote>\n<p>\u2014 powiedzia\u0142 aktor tu\u017c po przywitaniu si\u0119 z publiczno\u015bci\u0105. \u2014 Mam nadziej\u0119, \u017ce ludzie na widowni dobrze si\u0119 bawi\u0105. (&#8230;) Agata [Kulesza] \u015bmia\u0142a si\u0119. A ty drogi Leszku? \u2014 m\u00f3wi\u0142 Konopka.<\/p>\n<p> <img decoding=\"async\" src=\"https:\/\/cdn.plejada.pl\/1\/r4Pk9lBaHR0cHM6Ly9vY2RuLmV1L3B1bHNjbXMvTURBXy8yMTBkNTc5YmEyZjE3N2EwOWVjYzllMDg2ZjI1YWIwZC5wbmeRlQLNB1jNBATCw94AAqEwB6ExBA\" height=\"339\" width=\"621\" alt=\"Leszek Lichota\" loading=\"lazy\" class=\"ods-c-image__img ods-c-image__img--viewport-width\"\/> <\/p>\n<p>Leszek LichotaTVP<\/p>\n<blockquote class=\"ods-o-quote\">\n<p class=\"ods-o-quote__paragraph\">Ja \u015brednio. My\u015bla\u0142em po prostu, \u017ce w naszym wieku nie trzeba ju\u017c b\u0119dzie pajacowa\u0107, wiesz?<\/p>\n<\/blockquote>\n<p>\u2014 kontynuowa\u0142 Lichota. \u2014 Chyba m\u00f3wisz tak, bo jeste\u015b zazdrosny, \u017ce to nie ty wygra\u0142e\u015b casting na prowadz\u0105cego gal\u0119, prawda? Przyznaj si\u0119 \u2014 za\u017cartowa\u0142 gospodarz wydarzenia. \u2014 Tak, w tym roku wygra\u0142e\u015b. Zobaczymy, co b\u0119dzie w nast\u0119pnym \u2014 skwitowa\u0142 gwiazdor.<\/p>\n<blockquote class=\"ods-o-quote\">\n<p class=\"ods-o-quote__paragraph\">Nie wiadomo, czy w og\u00f3le b\u0119dzie jaki\u015b casting. Wiesz, um\u00f3wi\u0142em si\u0119 z panem prezydentem [Polskiej Akademii Filmowej], \u017ce je\u017celi mi dzisiaj dobrze p\u00f3jdzie, to podpisujemy kontrakt na pi\u0119\u0107 sezon\u00f3w. Prosz\u0119 pa\u0144stwa, tak\u017ce trzymajcie kciuki<\/p>\n<\/blockquote>\n<p>\u2014 stwierdzi\u0142 Konopka. \u2014 Dobrze kochany, tylko \u017ce ty si\u0119 pocisz, wi\u0119c pomy\u015bl o dublerze \u2014 doda\u0142 Lichota, na co prowadz\u0105cy odpowiedzia\u0142, \u017ce nie zamierza u\u017cywa\u0107 dublera przy prowadzeniu gali i poprosi\u0142 o odczytanie werdyktu.<\/p>\n<blockquote class=\"ods-o-quote\">\n<p class=\"ods-o-quote__paragraph\">Or\u0142a za Najlepszy D\u017awi\u0119k otrzymuj\u0105 tw\u00f3rcy filmu &#8222;Ch\u0142opi. Ch\u0142opi&#8221;. Przepraszam! &#8222;Chopin, Chopin&#8221; <\/p>\n<\/blockquote>\n<p>\u2014 og\u0142osi\u0142 aktor, zapraszaj\u0105c laureat\u00f3w na scen\u0119.<\/p>\n<p> <img decoding=\"async\" src=\"https:\/\/cdn.plejada.pl\/1\/5Kek9lBaHR0cHM6Ly9vY2RuLmV1L3B1bHNjbXMvTURBXy8xNGVlNzk2YzQ1Y2JhODBhZjNiYTA0OThlNmE5NTVlNi5qcGeRlQLNBCrNBkDCw94AAqEwB6ExBA\" height=\"750\" width=\"500\" alt=\"Andzej Konopka\" loading=\"lazy\" class=\"ods-c-image__img ods-c-image__img--vertical\"\/> <\/p>\n<p>Andzej KonopkaPodlewski \/ AKPA<\/p>\n<p> Dzi\u0119kujemy, \u017ce przeczyta\u0142a\u015b\/e\u015b nasz artyku\u0142 do ko\u0144ca. W serwisie Plejada.pl ka\u017cdego dnia piszemy o najwa\u017cniejszych wydarzeniach show-biznesowych. B\u0105d\u017a na bie\u017c\u0105co!<a rel=\"nofollow noopener\" href=\"https:\/\/profile.google.com\/cp\/Cg0vZy8xMWJ6X19wdHBx\" id=\"e16a0326-5ef1-4b38-8875-2f0dffd9051d\" target=\"_blank\"> Obserwuj<\/a> Plejad\u0119 w Google. Odwied\u017a nas tak\u017ce na<a rel=\"nofollow noopener\" href=\"https:\/\/www.facebook.com\/plejadapl\" id=\"aed066be-6218-478f-bde5-5c082e0f0f69\" target=\"_blank\"> Facebooku<\/a>,<a rel=\"nofollow noopener\" href=\"https:\/\/www.instagram.com\/plejadapl\/\" id=\"44c68c94-cb8e-4c64-bffb-8fdf9fa23c8c\" target=\"_blank\"> Instagramie<\/a>,<a rel=\"nofollow noopener\" href=\"https:\/\/www.youtube.com\/c\/plejada\" id=\"e20843ae-a981-45bb-a750-f705f745462c\" target=\"_blank\"> YouTubie<\/a> oraz<a rel=\"nofollow noopener\" href=\"https:\/\/www.tiktok.com\/@plejada_pl\" id=\"72536d92-f2b7-434e-a09c-3bd39366e517\" target=\"_blank\"> TikToku<\/a>.Chcesz podzieli\u0107 si\u0119 ciekawym newsem lub zaproponowa\u0107 temat? Skontaktuj si\u0119 z nami, pisz\u0105c maila na adres: <a rel=\"nofollow noopener\" href=\"https:\/\/plejada.pl\/newsy\/leszek-lichota-nagle-wypalil-do-prowadzacego-myslalem-ze-nie-trzeba-bedzie-pajacowac\/mailto:plejada@redakcjaonet.pl\" id=\"0a655f87-c125-4b25-9ab7-f9145ab420b4\" target=\"_blank\">plejada@redakcjaonet.pl<\/a>.<script async src=\"\/\/www.instagram.com\/embed.js\"><\/script><script async src=\"\/\/www.tiktok.com\/embed.js\"><\/script><\/p>\n","protected":false},"excerpt":{"rendered":"Tegoroczn\u0105 gal\u0119 rozdania Or\u0142\u00f3w poprowadzi\u0142 Andrzej Konopka, kt\u00f3ry od samego pocz\u0105tku wydarzenia zaskakiwa\u0142 publiczno\u015b\u0107 humorystycznymi anegdotami nawi\u0105zuj\u0105cymi do&hellip;\n","protected":false},"author":2,"featured_media":297883,"comment_status":"","ping_status":"","sticky":false,"template":"","format":"standard","meta":{"footnotes":"","_share_on_mastodon":"0"},"categories":[5],"tags":[32,33,36,37,42025,27,34,35,8489,28,31,48,25,125,46,44325,42,38,40,39,41,47,29,30,26],"class_list":["post-297882","post","type-post","status-publish","format-standard","has-post-thumbnail","category-naglowki","tag-breaking-news","tag-breakingnews","tag-featured-news","tag-featurednews","tag-float_tst1","tag-headlines","tag-latest-news","tag-latestnews","tag-leszek_lichota","tag-naglowki","tag-najwazniejsze-artykuly","tag-nat_styl","tag-news","tag-newsy","tag-omp","tag-orly_nagroda_filmowa","tag-pl","tag-poland","tag-polish","tag-polska","tag-polski","tag-screening_general","tag-top-stories","tag-topstories","tag-wiadomosci"],"share_on_mastodon":{"url":"https:\/\/pubeurope.com\/@pl\/116202323639816549","error":""},"_links":{"self":[{"href":"https:\/\/www.europesays.com\/pl\/wp-json\/wp\/v2\/posts\/297882","targetHints":{"allow":["GET"]}}],"collection":[{"href":"https:\/\/www.europesays.com\/pl\/wp-json\/wp\/v2\/posts"}],"about":[{"href":"https:\/\/www.europesays.com\/pl\/wp-json\/wp\/v2\/types\/post"}],"author":[{"embeddable":true,"href":"https:\/\/www.europesays.com\/pl\/wp-json\/wp\/v2\/users\/2"}],"replies":[{"embeddable":true,"href":"https:\/\/www.europesays.com\/pl\/wp-json\/wp\/v2\/comments?post=297882"}],"version-history":[{"count":0,"href":"https:\/\/www.europesays.com\/pl\/wp-json\/wp\/v2\/posts\/297882\/revisions"}],"wp:featuredmedia":[{"embeddable":true,"href":"https:\/\/www.europesays.com\/pl\/wp-json\/wp\/v2\/media\/297883"}],"wp:attachment":[{"href":"https:\/\/www.europesays.com\/pl\/wp-json\/wp\/v2\/media?parent=297882"}],"wp:term":[{"taxonomy":"category","embeddable":true,"href":"https:\/\/www.europesays.com\/pl\/wp-json\/wp\/v2\/categories?post=297882"},{"taxonomy":"post_tag","embeddable":true,"href":"https:\/\/www.europesays.com\/pl\/wp-json\/wp\/v2\/tags?post=297882"}],"curies":[{"name":"wp","href":"https:\/\/api.w.org\/{rel}","templated":true}]}}