{"id":29821,"date":"2025-10-03T16:20:08","date_gmt":"2025-10-03T16:20:08","guid":{"rendered":"https:\/\/www.europesays.com\/pl\/29821\/"},"modified":"2025-10-03T16:20:08","modified_gmt":"2025-10-03T16:20:08","slug":"taki-transparent-na-meczu-z-ukraincami-wywiesili-w-lublinie-anglicy","status":"publish","type":"post","link":"https:\/\/www.europesays.com\/pl\/29821\/","title":{"rendered":"Taki transparent na meczu z Ukrai\u0144cami wywiesili w Lublinie Anglicy"},"content":{"rendered":"\n<p class=\"contentpart contentpart--default contentpart--text\" data-position=\"0\">W czwartek w Lublinie rozegrano mecz pierwszej rundy <a href=\"https:\/\/sportowefakty.wp.pl\/pilka-nozna\/liga-konferencji-europy\" rel=\"nofollow noopener\" target=\"_blank\">Liga Konferencji<\/a>, w kt\u00f3rym <a href=\"https:\/\/sportowefakty.wp.pl\/pilka-nozna\/dynamo-kijow\" rel=\"nofollow noopener\" target=\"_blank\">Dynamo Kij\u00f3w<\/a>\u00a0zmierzy\u0142o si\u0119 z\u00a0<a href=\"https:\/\/sportowefakty.wp.pl\/pilka-nozna\/crystal-palace\" rel=\"nofollow noopener\" target=\"_blank\">Crystal Palace<\/a>. Mecz zako\u0144czy\u0142 si\u0119 wygran\u0105 go\u015bci 2:0 po trafieniach Daniela Munoza i Eddie Nketiaha.<\/p>\n<p class=\"contentpart contentpart--default contentpart--text\" data-position=\"1\">W trakcie meczu uwag\u0119 zwr\u00f3ci\u0142a nietypowa przy\u015bpiewka angielskich fan\u00f3w. Ju\u017c w 12. minucie spotkania zaintonowali piosenk\u0119 nawi\u0105zuj\u0105c\u0105 do aktualnych wydarze\u0144 w regionie.<\/p>\n<p class=\"contentpart contentpart--default contentpart--text\" data-position=\"2\">ZOBACZ WIDEO: Kulisy s\u0142ynnego w Polsce viralu. &#8222;Nie by\u0142am w stanie wyj\u015b\u0107 z toalety w TVP&#8221;<\/p>\n<p class=\"contentpart contentpart--default contentpart--text\" data-position=\"4\">&#8222;W powietrzu by\u0142o pi\u0119\u0107 rosyjskich dron\u00f3w! A Jean-Philippe Mateta zestrzeli\u0142 jednego z nich&#8221; &#8211; \u015bpiewali kibice Crystal Palace. Nagranie mo\u017cna zobaczy\u0107 poni\u017cej.<\/p>\n<p class=\"contentpart contentpart--default contentpart--text\" data-position=\"5\"><a href=\"https:\/\/sportowefakty.wp.pl\/pilka-nozna\/jean-philippe-mateta\" rel=\"nofollow noopener\" target=\"_blank\">Jean-Philippe Mateta<\/a>, o kt\u00f3rym mowa w przy\u015bpiewce, to napastnik angielskiego zespo\u0142u. Nagranie z tego momentu opublikowa\u0142 w mediach spo\u0142eczno\u015bciowych Krzysztof Bielecki.<\/p>\n<p class=\"contentpart contentpart--default contentpart--text\" data-position=\"6\">Warto przypomnie\u0107, \u017ce niedawno na Lubelszczy\u017anie dosz\u0142o do naruszenia polskiej przestrzeni powietrznej przez rosyjskie drony, co nada\u0142o przy\u015bpiewce dodatkowego znaczenia.<\/p>\n<p class=\"contentpart contentpart--default contentpart--text\" data-position=\"7\">Opr\u00f3cz oryginalnej oprawy wokalnej, kibice Crystal Palace wyrazili solidarno\u015b\u0107 z Ukrain\u0105. Na trybunach pojawi\u0142 si\u0119 baner z napisem &#8222;Slava Ukraine \u2013 Chwa\u0142a Ukrainie&#8221;, co by\u0142o wyra\u017anym gestem wsparcia dla kraju pogr\u0105\u017conego w wojnie.<\/p>\n<p>  Rozwi\u0144  <\/p>\n<blockquote class=\"twitter\"><p>  <a class=\"link\" href=\"https:\/\/twitter.com\/KchampK\/status\/1973797108621996337\" target=\"_blank\" rel=\"nofollow noopener\">    <img decoding=\"async\" src=\"https:\/\/v.wpimg.pl\/Ymx1ZS5zdgwZUyxgGgF7GVoLeDpcWHVPDRNgcRpIbBVKBHUgRRUrGRdGPzVUES0UVkYqMFEUdx0UHiklUlU1Ah9eKXxBDTAZDFQoflcWLAhWQiw0Fwc\" alt=\"twitter\" width=\"25\" height=\"25\" loading=\"lazy\"\/>       <\/a>  <\/p><\/blockquote>\n<p>            <script async src=\"https:\/\/platform.twitter.com\/widgets.js\" charset=\"utf-8\"><\/script><\/p>\n","protected":false},"excerpt":{"rendered":"W czwartek w Lublinie rozegrano mecz pierwszej rundy Liga Konferencji, w kt\u00f3rym Dynamo Kij\u00f3w\u00a0zmierzy\u0142o si\u0119 z\u00a0Crystal Palace. Mecz&hellip;\n","protected":false},"author":2,"featured_media":29822,"comment_status":"","ping_status":"","sticky":false,"template":"","format":"standard","meta":{"footnotes":""},"categories":[24],"tags":[8918,8919,693,8920,5635,269,42,38,40,39,41,127,268,126],"class_list":{"0":"post-29821","1":"post","2":"type-post","3":"status-publish","4":"format-standard","5":"has-post-thumbnail","7":"category-sport","8":"tag-crystal-palace","9":"tag-dynamo-kijow","10":"tag-europejskie-puchary","11":"tag-jean-philippe-mateta","12":"tag-liga-konferencji","13":"tag-pilka-nozna","14":"tag-pl","15":"tag-poland","16":"tag-polish","17":"tag-polska","18":"tag-polski","19":"tag-sport","20":"tag-sportowybar","21":"tag-sports"},"share_on_mastodon":{"url":"","error":""},"_links":{"self":[{"href":"https:\/\/www.europesays.com\/pl\/wp-json\/wp\/v2\/posts\/29821","targetHints":{"allow":["GET"]}}],"collection":[{"href":"https:\/\/www.europesays.com\/pl\/wp-json\/wp\/v2\/posts"}],"about":[{"href":"https:\/\/www.europesays.com\/pl\/wp-json\/wp\/v2\/types\/post"}],"author":[{"embeddable":true,"href":"https:\/\/www.europesays.com\/pl\/wp-json\/wp\/v2\/users\/2"}],"replies":[{"embeddable":true,"href":"https:\/\/www.europesays.com\/pl\/wp-json\/wp\/v2\/comments?post=29821"}],"version-history":[{"count":0,"href":"https:\/\/www.europesays.com\/pl\/wp-json\/wp\/v2\/posts\/29821\/revisions"}],"wp:featuredmedia":[{"embeddable":true,"href":"https:\/\/www.europesays.com\/pl\/wp-json\/wp\/v2\/media\/29822"}],"wp:attachment":[{"href":"https:\/\/www.europesays.com\/pl\/wp-json\/wp\/v2\/media?parent=29821"}],"wp:term":[{"taxonomy":"category","embeddable":true,"href":"https:\/\/www.europesays.com\/pl\/wp-json\/wp\/v2\/categories?post=29821"},{"taxonomy":"post_tag","embeddable":true,"href":"https:\/\/www.europesays.com\/pl\/wp-json\/wp\/v2\/tags?post=29821"}],"curies":[{"name":"wp","href":"https:\/\/api.w.org\/{rel}","templated":true}]}}