{"id":298350,"date":"2026-03-10T09:40:16","date_gmt":"2026-03-10T09:40:16","guid":{"rendered":"https:\/\/www.europesays.com\/pl\/298350\/"},"modified":"2026-03-10T09:40:16","modified_gmt":"2026-03-10T09:40:16","slug":"tomasz-stockinger-wprost-o-wynagrodzeniu-za-klan-dzieki-niemu-zostal-milionerem-2","status":"publish","type":"post","link":"https:\/\/www.europesays.com\/pl\/298350\/","title":{"rendered":"Tomasz Stockinger wprost o wynagrodzeniu za &#8222;Klan&#8221;. Dzi\u0119ki niemu zosta\u0142 milionerem?"},"content":{"rendered":"<p>W najnowszym odcinku podcastu <a href=\"https:\/\/plejada.pl\/temat\/wojewodzkikedzierski\/h7vqynl\" id=\"c0a7b655-ce49-4820-b9b4-3af3f895f354\" rel=\"nofollow noopener\" target=\"_blank\">&#8222;Wojew\u00f3dzkiK\u0119dzierski&#8221;<\/a> w studiu pojawili si\u0119 Robert i Tomasz Stockingerowie. Ojciec prezentera &#8222;Pytania na \u015bniadanie&#8221; od niemal 30 lat wciela si\u0119 w rol\u0119 Paw\u0142a Lubicza w &#8222;Klanie&#8221; \u2014 tego tematu nie zabrak\u0142o w trakcie rozmowy. Kuba Wojew\u00f3dzki zapyta\u0142 wprost: \u2014 Czy &#8222;Klan&#8221; zrobi\u0142 z ciebie milionera?<\/p>\n<p>\u2014 Nie no, oczywi\u015bcie. Pracuj\u0119, zarabiam, odk\u0142adam, wi\u0119c Charlie do mnie dzwoni co pewien czas \u2014 odpowiedzia\u0142 Tomasz Stockinger, a prowadz\u0105cy wywiad kontynuowa\u0142 temat zarobk\u00f3w.<\/p>\n<p> Dalszy ci\u0105g artyku\u0142u pod materia\u0142em wideo    <\/p>\n<p> Jak d\u0142ugo Tomasz Stockinger gra w 'Klanie&#8217;? <\/p>\n<p> Czy Tomasz Stockinger zamierza odej\u015b\u0107 z 'Klanu&#8217;? <\/p>\n<p> Jakie wynagrodzenie otrzymuje Tomasz Stockinger za 'Klan&#8217;? <\/p>\n<p> Jakie zdanie ma Tomasz Stockinger o pracy w zespole 'Klanu&#8217;? <\/p>\n<p>  Tomasz Stockinger wprost o wynagrodzeniu za &#8222;Klan&#8221;. &#8222;Jest to najwy\u017csza p\u00f3\u0142ka&#8221;<\/p>\n<p>Kuba Wojew\u00f3dzki dopytywa\u0142, czy &#8222;Klan&#8221; jest serialem, kt\u00f3ry daje dobre wynagrodzenie aktorom. \u2014 Czy docenia, \u017ce jeste\u015b nestorem i wybitnym aktorem? \u2014 m\u00f3wi\u0142.<\/p>\n<blockquote class=\"ods-o-quote\">\n<p class=\"ods-o-quote__paragraph\">Nie, czego\u015b takiego nie odczuwam jako\u015b specjalnie, ale odczuwam wdzi\u0119czno\u015b\u0107 i szacunek produkcji. Moja stawka dzienna, kt\u00f3ra nie jest \u017cadn\u0105 jak\u0105\u015b super stawk\u0105, to najwy\u017csza p\u00f3\u0142ka, je\u015bli chodzi o te zas\u0142u\u017cone nazwiska. My\u015bl\u0119 o Grabarczyku \u2014 do jakiego\u015b czasu. Do niedawna Bursztynowicz i Trojanowska \u2014 czyli podstawa obsady<\/p>\n<\/blockquote>\n<p>\u2014 wyjawi\u0142 aktor.<\/p>\n<p>Kolejne pytanie dotyczy\u0142o transferu do innego serialu, jednak emitowanego przez stacj\u0119 TVN. \u2014 A gdyby\u015b dosta\u0142 kontrakt z dobr\u0105 ofert\u0105, garderob\u0105, samochodem i ciuchami za\u0142atwionymi przez stylist\u00f3w, \u017ceby przej\u015b\u0107 do &#8222;Na Wsp\u00f3lnej&#8221;, to by\u015b si\u0119 zgodzi\u0142? \u2014 dr\u0105\u017cy\u0142 temat Wojew\u00f3dzki. Go\u015b\u0107 programu nie kry\u0142 zdziwienia.<\/p>\n<blockquote class=\"ods-o-quote\">\n<p class=\"ods-o-quote__paragraph\">To \u017cart? (&#8230;) Po pierwsze to jest nierealne, co ty mi tu namalowa\u0142e\u015b. Wsz\u0119dzie jest tak samo. Wsz\u0119dzie jest walka o widza [i \u017ceby by\u0142o] jak najtaniej<\/p>\n<\/blockquote>\n<p>\u2014 To jest niestety przekle\u0144stwo tej pracy, \u017ce nigdy nie us\u0142ysza\u0142em: &#8222;Zr\u00f3bmy troszk\u0119 dro\u017cej, a to przyniesie nam dwa, trzy razy tyle efektu&#8221;. Tylko przez ca\u0142y czas jest my\u015blenie: &#8222;Ach, gdyby si\u0119 uda\u0142o jeszcze taniej&#8221; \u2014 zdradzi\u0142.<\/p>\n<p> <img decoding=\"async\" src=\"https:\/\/www.europesays.com\/pl\/wp-content\/uploads\/2026\/03\/AzAk9lBaHR0cHM6Ly9vY2RuLmV1L3B1bHNjbXMvTURBXy85ZmE5ZGFmNGE2MmYwNmVlOTNhMWY2YTk1NGU0ODI3Yi5qcGeRlQLNB.jpeg\" height=\"627\" width=\"940\" alt=\"Tomasz Stockinger\" loading=\"lazy\" class=\"ods-c-image__img ods-c-image__img--viewport-width\"\/> <\/p>\n<p>Tomasz StockingerMaciej Kr\u00fcger \/ Onet \/ Onet<\/p>\n<p>\u2014 Ale zobacz, Basia Bursztynowicz (&#8230;) jak odesz\u0142a, co by\u0142o aktem odwagi, to od\u015bwie\u017cy\u0142o jej nazwisko na rynku medialnym. Nigdy ci nie przysz\u0142o do g\u0142owy, \u017ceby odej\u015b\u0107? \u2014 zwr\u00f3ci\u0142 si\u0119 do aktora Wojew\u00f3dzki. Stockinger stanowczo zaznaczy\u0142, \u017ce nie zamierza ko\u0144czy\u0107 wsp\u00f3\u0142pracy z serialem.<\/p>\n<blockquote class=\"ods-o-quote\">\n<p class=\"ods-o-quote__paragraph\">Po pierwsze jestem bardzo zwi\u0105zany z Paw\u0142em Karpi\u0144skim i ca\u0142\u0105 ekip\u0105. To jest rodzina. Przez tyle lat nie musimy ze sob\u0105 rozmawia\u0107, wiemy, o co chodzi. Cudownie si\u0119 pracuje w takim zespole<\/p>\n<\/blockquote>\n<p>\u2014 Druga sprawa to pewnego rodzaju moja lojalno\u015b\u0107, nie tylko wobec produkcji, ale [tak\u017ce] wobec siebie. Zacz\u0105\u0142em t\u0119 rol\u0119 i moim marzeniem jest do\u017cy\u0107 ostatniego odcinka \u2014 podsumowa\u0142.<\/p>\n<p> <img decoding=\"async\" src=\"https:\/\/www.europesays.com\/pl\/wp-content\/uploads\/2026\/03\/5Ipk9lCaHR0cHM6Ly9vY2RuLmV1L3B1bHNjbXMvTURBXy83MGI0MTdiYzQxMmRiMmMxMzliNTViZjAyNDc0MGM3NC5qcGVnkZUCz.jpeg\" height=\"534\" width=\"800\" alt=\"Robert Stockinger, Tomasz Stockinger\" loading=\"lazy\" class=\"ods-c-image__img ods-c-image__img--viewport-width\"\/> <\/p>\n<p>Robert Stockinger, Tomasz StockingerMaciej Kr\u00fcger \/ Onet<\/p>\n<p>  Dzi\u0119kujemy, \u017ce przeczyta\u0142a\u015b\/e\u015b nasz artyku\u0142 do ko\u0144ca. W serwisie Plejada.pl ka\u017cdego dnia piszemy o najwa\u017cniejszych wydarzeniach show-biznesowych. B\u0105d\u017a na bie\u017c\u0105co!<a rel=\"nofollow noopener\" href=\"https:\/\/profile.google.com\/cp\/Cg0vZy8xMWJ6X19wdHBx\" id=\"dee17138-32c5-476b-bc28-1172271247a0\" target=\"_blank\"> Obserwuj<\/a> Plejad\u0119 w Google. Odwied\u017a nas tak\u017ce na<a rel=\"nofollow noopener\" href=\"https:\/\/www.facebook.com\/plejadapl\" id=\"f1c6988f-9a80-4180-a2d8-da3c8e9a168a\" target=\"_blank\"> Facebooku<\/a>,<a rel=\"nofollow noopener\" href=\"https:\/\/www.instagram.com\/plejadapl\/\" id=\"ffa52480-5791-4b63-836e-a073c2442ebf\" target=\"_blank\"> Instagramie<\/a>,<a rel=\"nofollow noopener\" href=\"https:\/\/www.youtube.com\/c\/plejada\" id=\"fa255df0-a9fb-4d61-b8ba-a047d80a8b6d\" target=\"_blank\"> YouTubie<\/a> oraz<a rel=\"nofollow noopener\" href=\"https:\/\/www.tiktok.com\/@plejada_pl\" id=\"f4c264a4-a869-4f74-880d-6c267eb71512\" target=\"_blank\"> TikToku<\/a>.     Chcesz podzieli\u0107 si\u0119 ciekawym newsem lub zaproponowa\u0107 temat? Skontaktuj si\u0119 z nami, pisz\u0105c maila na adres: <a rel=\"nofollow noopener\" href=\"https:\/\/plejada.pl\/newsy\/tomasz-stockinger-wprost-o-wynagrodzeniu-za-klan-dzieki-niemu-zostal-milionerem\/mailto:plejada@redakcjaonet.pl\" id=\"7d9d983f-2d95-4136-bfa8-103ca037960f\" target=\"_blank\">plejada@redakcjaonet.pl<\/a>.<script async src=\"\/\/www.instagram.com\/embed.js\"><\/script><script async src=\"\/\/www.tiktok.com\/embed.js\"><\/script><\/p>\n","protected":false},"excerpt":{"rendered":"W najnowszym odcinku podcastu &#8222;Wojew\u00f3dzkiK\u0119dzierski&#8221; w studiu pojawili si\u0119 Robert i Tomasz Stockingerowie. Ojciec prezentera &#8222;Pytania na \u015bniadanie&#8221;&hellip;\n","protected":false},"author":2,"featured_media":298351,"comment_status":"","ping_status":"","sticky":false,"template":"","format":"standard","meta":{"footnotes":"","_share_on_mastodon":"0"},"categories":[5],"tags":[4604,32,33,36,37,42025,27,34,35,28,31,48,25,125,46,42,38,40,39,41,47,13801,29,30,338,26,2658],"class_list":["post-298350","post","type-post","status-publish","format-standard","has-post-thumbnail","category-naglowki","tag-_klan_","tag-breaking-news","tag-breakingnews","tag-featured-news","tag-featurednews","tag-float_tst1","tag-headlines","tag-latest-news","tag-latestnews","tag-naglowki","tag-najwazniejsze-artykuly","tag-nat_styl","tag-news","tag-newsy","tag-omp","tag-pl","tag-poland","tag-polish","tag-polska","tag-polski","tag-screening_general","tag-tomasz_stockinger","tag-top-stories","tag-topstories","tag-tylko_w_plejadzie","tag-wiadomosci","tag-wojewodzkikedzierski"],"share_on_mastodon":{"url":"https:\/\/pubeurope.com\/@pl\/116204222887356706","error":""},"_links":{"self":[{"href":"https:\/\/www.europesays.com\/pl\/wp-json\/wp\/v2\/posts\/298350","targetHints":{"allow":["GET"]}}],"collection":[{"href":"https:\/\/www.europesays.com\/pl\/wp-json\/wp\/v2\/posts"}],"about":[{"href":"https:\/\/www.europesays.com\/pl\/wp-json\/wp\/v2\/types\/post"}],"author":[{"embeddable":true,"href":"https:\/\/www.europesays.com\/pl\/wp-json\/wp\/v2\/users\/2"}],"replies":[{"embeddable":true,"href":"https:\/\/www.europesays.com\/pl\/wp-json\/wp\/v2\/comments?post=298350"}],"version-history":[{"count":0,"href":"https:\/\/www.europesays.com\/pl\/wp-json\/wp\/v2\/posts\/298350\/revisions"}],"wp:featuredmedia":[{"embeddable":true,"href":"https:\/\/www.europesays.com\/pl\/wp-json\/wp\/v2\/media\/298351"}],"wp:attachment":[{"href":"https:\/\/www.europesays.com\/pl\/wp-json\/wp\/v2\/media?parent=298350"}],"wp:term":[{"taxonomy":"category","embeddable":true,"href":"https:\/\/www.europesays.com\/pl\/wp-json\/wp\/v2\/categories?post=298350"},{"taxonomy":"post_tag","embeddable":true,"href":"https:\/\/www.europesays.com\/pl\/wp-json\/wp\/v2\/tags?post=298350"}],"curies":[{"name":"wp","href":"https:\/\/api.w.org\/{rel}","templated":true}]}}