{"id":299155,"date":"2026-03-10T20:06:18","date_gmt":"2026-03-10T20:06:18","guid":{"rendered":"https:\/\/www.europesays.com\/pl\/299155\/"},"modified":"2026-03-10T20:06:18","modified_gmt":"2026-03-10T20:06:18","slug":"tomasz-stockinger-wyemigrowal-do-kanady-za-chlebem-musialo-byc-zle","status":"publish","type":"post","link":"https:\/\/www.europesays.com\/pl\/299155\/","title":{"rendered":"Tomasz Stockinger wyemigrowa\u0142 do Kanady za chlebem. &#8222;Musia\u0142o by\u0107 \u017ale&#8221;"},"content":{"rendered":"<p class=\"Paragraph_desktopParagraph__U31Gm\"><a href=\"https:\/\/plejada.pl\/newsy\/wojewodzkikedzierski-tomasz-stockinger-i-robert-stockinger-goscmi-podcastu\/hbg0twv\" id=\"2b34788d-e654-4d7b-a73a-beb0b3794ad9\" rel=\"nofollow noopener\" target=\"_blank\">W najnowszym odcinku<\/a> podcastu <a href=\"https:\/\/plejada.pl\/temat\/wojewodzkikedzierski\/h7vqynl\" id=\"d11aa230-1283-41f8-9181-335cb8971f05\" rel=\"nofollow noopener\" target=\"_blank\">&#8222;Wojew\u00f3dzkiK\u0119dzierski&#8221;<\/a><a href=\"https:\/\/plejada.pl\/temat\/tomasz-stockinger\/vm85je6\" id=\"44601ad9-455f-4fa7-b74f-5993458b7280\" rel=\"nofollow noopener\" target=\"_blank\"> Tomasz Stockinger<\/a> \u2014 jeden z najbardziej rozpoznawalnych aktor\u00f3w lat 80. \u2014 wspomina\u0142 lata sp\u0119dzone na emigracji w Kanadzie. W rozmowie uczestniczy\u0142 r\u00f3wnie\u017c jego syn, <a href=\"https:\/\/plejada.pl\/temat\/robert-stockinger\/90c78cl\" id=\"620c9ec4-d844-4cfa-8128-a8a5f914186d\" rel=\"nofollow noopener\" target=\"_blank\">Robert Stockinger<\/a>, kt\u00f3ry urodzi\u0142 si\u0119 ju\u017c za oceanem.<\/p>\n<ul class=\"OchatFollowUps_wrapper__1ry7X\">\n<li class=\"OchatFollowUps_item__Dhyly OchatFollowUps_itemDesktop__R6aBv\">Dlaczego Tomasz Stockinger wyemigrowa\u0142 do Kanady?<\/li>\n<li class=\"OchatFollowUps_item__Dhyly OchatFollowUps_itemDesktop__R6aBv\">Jak d\u0142ugo Tomasz Stockinger sp\u0119dzi\u0142 w Kanadzie?<\/li>\n<li class=\"OchatFollowUps_item__Dhyly OchatFollowUps_itemDesktop__R6aBv\">Kto uczestniczy\u0142 w rozmowie z Tomaszem Stockingerem?<\/li>\n<li class=\"OchatFollowUps_item__Dhyly OchatFollowUps_itemDesktop__R6aBv\">Jakie wspomnienia ma Tomasz Stockinger z \u017cycia w Kanadzie?<\/li>\n<\/ul>\n<p>Tomasz Stockinger o \u017cyciu na emigracji. &#8222;Nic, czego bym \u017ca\u0142owa\u0142&#8221; <\/p>\n<p class=\"Paragraph_desktopParagraph__U31Gm\">W pewnym momencie rozmowy <a href=\"https:\/\/plejada.pl\/temat\/kuba-wojewodzki-dziennikarz-jakub-wojewodzki\/x310yht\" id=\"a6cdcbed-7bb2-4ff2-9194-147ff8a18d41\" rel=\"nofollow noopener\" target=\"_blank\">Kuba Wojew\u00f3dzki<\/a> zapyta\u0142 Tomasza Stockingera o jego emigracj\u0119 i sytuacj\u0119 w Polsce w latach 80.<\/p>\n<blockquote>\n<p class=\"Paragraph_desktopParagraph__U31Gm\">Jak bardzo musia\u0142o by\u0107 \u017ale i nieciekawie, skoro taki cz\u0142owiek jak ja, z takim dorobkiem, decyduje si\u0119 spakowa\u0107 wszystko i razem z \u017con\u0105 wyjecha\u0107 w nieznane<\/p>\n<\/blockquote>\n<p class=\"Paragraph_desktopParagraph__U31Gm\">\u2014 m\u00f3wi\u0142 Tomasz Stockinger, opisuj\u0105c atmosfer\u0119, kt\u00f3ra sk\u0142oni\u0142a go do wyjazdu. Decyzja o emigracji nie by\u0142a \u0142atwa, zw\u0142aszcza dla artysty u szczytu kariery.<\/p>\n<blockquote>\n<p class=\"Paragraph_desktopParagraph__U31Gm\">G\u0142\u00f3wny plan by\u0142 taki, \u017ce jedziemy, przygl\u0105damy si\u0119, a decyzje podejmujemy ju\u017c na miejscu<\/p>\n<\/blockquote>\n<p class=\"Paragraph_desktopParagraph__U31Gm\">\u2014 doda\u0142.<\/p>\n<p><img decoding=\"async\" class=\"Image_image__0tuHp Image_autoHeight__f2n87 \" height=\"587\" width=\"881\" src=\"https:\/\/www.europesays.com\/pl\/wp-content\/uploads\/2026\/03\/vCzk9kqTURBXy84YzNjYWE1MDQ2OGVmZjIzMjU5ZTlkYzg2M2Y3NTNhYy5qcGVnkpUCzQOsAMLDlQIAzQJLwsPeAAOhMAGhMQGhM.jpeg\" alt=\"Tomasz Stockinger (w tle Robert Stockinger)\" loading=\"lazy\" \/>Maciej Kr\u00fcger \/ Onet<\/p>\n<p>Tomasz Stockinger (w tle Robert Stockinger)<\/p>\n<p class=\"Paragraph_desktopParagraph__U31Gm\">Robert Stockinger przywo\u0142a\u0142 kulisy rodzinnej emigracji: \u2014 Ponad p\u00f3\u0142 roku rodzice byli w Londynie. Czekali, \u017ceby dosta\u0107 si\u0119 na sta\u0142e do Kanady, mama ju\u017c pojecha\u0142a wcze\u015bniej zrobi\u0107 rekonesans, dojechali rodzice i jeszcze cztery lata sp\u0119dzili w Toronto \u2014 opowiedzia\u0142.<\/p>\n<p class=\"Paragraph_desktopParagraph__U31Gm\">W Kanadzie Tomasz Stockinger musia\u0142 odnale\u017a\u0107 si\u0119 w zupe\u0142nie nowej rzeczywisto\u015bci.<\/p>\n<blockquote>\n<p class=\"Paragraph_desktopParagraph__U31Gm\">Nic takiego, czym warto si\u0119 chwali\u0107, ale te\u017c nic czego bym \u017ca\u0142owa\u0142 albo si\u0119 wstydzi\u0142<\/p>\n<\/blockquote>\n<p class=\"Paragraph_desktopParagraph__U31Gm\">\u2014 przyzna\u0142, odnosz\u0105c si\u0119 do plotek o pracy, jako lokaj u milionera. \u2014 To bardzo podkoloryzowane. B\u0119d\u0105c z \u017con\u0105 w trudnej sytuacji w Toronto, spotkali\u015bmy zupe\u0142nie przypadkowo ameryka\u0144sk\u0105 rodzin\u0119 mieszkaj\u0105c\u0105 pod Toronto. Wspaniali ludzie \u2014 podkre\u015bli\u0142.<\/p>\n<p class=\"Paragraph_desktopParagraph__U31Gm\">\u2014 Jestem wdzi\u0119czny losowi, \u017ce sp\u0119dzili\u015bmy tam w sumie oko\u0142o trzech lat z tymi lud\u017ami. Bardzo wiele si\u0119 od nich nauczyli\u015bmy. Bardzo pobo\u017cni, \u015bwietni, uczciwi, dobrzy, wra\u017cliwi ludzie, mocno religijni. Dzi\u0119ki nim poznali\u015bmy prawdziw\u0105 dusz\u0119 ameryka\u0144sk\u0105, tak\u0105 oryginaln\u0105 ameryka\u0144sk\u0105 rodzin\u0119. Moje \u017cycie by\u0142oby niepe\u0142ne&#8230; Tak bym si\u0119 czu\u0142, gdybym na swojej drodze nie spotka\u0142 tej ameryka\u0144skiej rodziny \u2014 opisa\u0142 Tomasz Stockinger.<\/p>\n<p><img decoding=\"async\" class=\"Image_image__0tuHp Image_autoHeight__f2n87 \" height=\"587\" width=\"880\" src=\"https:\/\/www.europesays.com\/pl\/wp-content\/uploads\/2026\/03\/CZpk9kqTURBXy9iNmFmMzNiNDg4MTY1ZWJkN2I2YjgzMDA5MDgxMGJiZC5qcGVnkpUCzQOsAMLDlQIAzQJLwsPeAAOhMAGhMQGhM.jpeg\" alt=\"Tomasz Stockinger\" loading=\"lazy\" \/>Maciej Kr\u00fcger \/ Onet<\/p>\n<p>Tomasz Stockinger<\/p>\n<p class=\"Paragraph_desktopParagraph__U31Gm\">Powr\u00f3t do Polski nie by\u0142 oczywisty. \u2014 Chyba odpowied\u017a jest oczywista. Nie mo\u017cna by\u0107 jednocze\u015bnie tu i tam. Podj\u0119li\u015bmy decyzj\u0119 o powrocie, kt\u00f3ra nieco si\u0119 przesun\u0119\u0142a w czasie w\u0142a\u015bnie dlatego, \u017ce pojawi\u0142 si\u0119 Robert. Postanowi\u0142 si\u0119 urodzi\u0107 w\u0142a\u015bnie tam. To chyba przeznaczenie. To prawda, kiedy o tym m\u00f3wi\u0119, mam dreszcze. Bardzo cierpia\u0142em, \u017ce nie jestem w swoim \u015brodowisku, \u017ce nie wykonuj\u0119 swojego zawodu, bardzo mnie to upokarza\u0142o, ale wiedzia\u0142em, \u017ce mog\u0119 tam wr\u00f3ci\u0107 i wr\u00f3c\u0119. Mo\u017ce nawet, jak si\u0119 okaza\u0142o, wr\u00f3c\u0119 z now\u0105 energi\u0105, now\u0105 wiar\u0105 \u2014 wspomina\u0142 aktor.<\/p>\n<p class=\"Paragraph_desktopParagraph__U31Gm\">Moment powrotu zbieg\u0142 si\u0119 z prze\u0142omem w historii Polski. \u2014 Wr\u00f3cili\u015bmy w momencie, gdy w Magdalence ju\u017c polerowano Okr\u0105g\u0142y St\u00f3\u0142, bo to by\u0142 stycze\u0144, a Magdalenka, marzec. Bilet mia\u0142em na 10 stycznia. 8 stycznia, to by\u0142 pi\u0105tek, poszed\u0142em na poranny rozruch, wtedy cz\u0119sto biega\u0142em. Wracam, a \u017cona m\u00f3wi: &#8222;by\u0142 do ciebie telefon z Warszawy&#8221;. M\u00f3wi\u0119: &#8222;\u017cartujesz, nikt stamt\u0105d nigdy nie dzwoni&#8221;. Pytam: &#8222;kto? Tu?&#8221; Ona m\u00f3wi: &#8222;jaki\u015b kierownik produkcji&#8221;. M\u00f3wi\u0119: &#8222;nie, to \u017cart&#8221;. Odpowiada: &#8222;nie, powa\u017cnie&#8221;. &#8222;I co odpowiedzia\u0142a\u015b?&#8221;. &#8222;\u017be b\u0119dziesz za p\u00f3\u0142 godziny, bo biegasz&#8221;. Zadzwoni\u0142 telefon. R\u0119ka dr\u017cy. Serce wali. &#8222;Dzie\u0144 dobry, czy pan Tomasz Stockinger?&#8221;. M\u00f3wi\u0119: &#8222;tak, s\u0142ucham&#8221;. S\u0142ysz\u0119: &#8222;drugi kierownik produkcji filmu \u00bbPogranicze w ogniu\u00ab . Pan Andrzej Konic marzy o tym, \u017ceby pan&#8230; podobno wkr\u00f3tce wraca pan do Warszawy, bo dowiedzieli\u015bmy si\u0119 od pana rodzic\u00f3w, \u017ce takie s\u0105 plany&#8221;. Odpowiadam: &#8222;tak, za trzy dni b\u0119d\u0119 w Warszawie&#8221;. Taka klamra \u2014 zako\u0144czy\u0142 swoj\u0105 opowie\u015b\u0107 Tomasz Stockinger o powrocie do Polski z emigracji.<\/p>\n<p><img decoding=\"async\" class=\"Image_image__0tuHp Image_autoHeight__f2n87 \" height=\"587\" width=\"881\" src=\"https:\/\/www.europesays.com\/pl\/wp-content\/uploads\/2026\/03\/94Hk9kqTURBXy9lY2Y5MGIwYTNjYjc4ODhkMjQxN2Q4Nzg0YzM3YWM0YS5qcGVnkpUCzQOsAMLDlQIAzQJLwsPeAAOhMAGhMQGhM.jpeg\" alt=\"Tomasz Stockinger\" loading=\"lazy\" \/>Maciej Kr\u00fcger \/ Onet<\/p>\n<p>Tomasz Stockinger<\/p>\n<p class=\"Paragraph_desktopParagraph__U31Gm\">Dzi\u0119kujemy, \u017ce przeczyta\u0142a\u015b\/e\u015b nasz artyku\u0142 do ko\u0144ca. W serwisie Plejada.pl ka\u017cdego dnia piszemy o najwa\u017cniejszych wydarzeniach show-biznesowych. B\u0105d\u017a na bie\u017c\u0105co! <a rel=\"nofollow noopener\" href=\"https:\/\/news.google.com\/publications\/CAAiEF0PeAlb7W1llpV_mwV2rL4qFAgKIhBdD3gJW-1tZZaVf5sFdqy-?hl=pl&amp;gl=PL&amp;ceid=PL%3Apl\" id=\"1c78c0fb-5c76-412e-ae00-b2dc9ca709ed\" target=\"_blank\">Obserwuj<\/a> Plejad\u0119 w Wiadomo\u015bciach Google. Odwied\u017a nas tak\u017ce na <a rel=\"nofollow noopener\" href=\"https:\/\/www.facebook.com\/plejadapl\" id=\"e332b622-1272-45af-a76b-17bae80e0025\" target=\"_blank\">Facebooku<\/a>, <a rel=\"nofollow noopener\" href=\"https:\/\/www.instagram.com\/plejadapl\/\" id=\"98008150-5b8e-4ee9-a868-899c1fc34c8f\" target=\"_blank\">Instagramie<\/a>, <a rel=\"nofollow noopener\" href=\"https:\/\/www.youtube.com\/c\/plejada\" id=\"3e49ce8e-c62c-4dd6-acc3-1a16814d5dfd\" target=\"_blank\">YouTubie<\/a> oraz <a rel=\"nofollow noopener\" href=\"https:\/\/www.tiktok.com\/@plejada_pl\" id=\"df0199c1-bfe3-4205-b9a6-d26b34d5a2e0\" target=\"_blank\">TikToku<\/a>.<\/p>\n<p class=\"Paragraph_desktopParagraph__U31Gm\">Chcesz podzieli\u0107 si\u0119 ciekawym newsem lub zaproponowa\u0107 temat? Skontaktuj si\u0119 z nami, pisz\u0105c maila na adres: plejada@redakcjaonet.pl.<\/p>\n<p><script async src=\"\/\/www.instagram.com\/embed.js\"><\/script><script async src=\"\/\/www.tiktok.com\/embed.js\"><\/script><\/p>\n","protected":false},"excerpt":{"rendered":"W najnowszym odcinku podcastu &#8222;Wojew\u00f3dzkiK\u0119dzierski&#8221; Tomasz Stockinger \u2014 jeden z najbardziej rozpoznawalnych aktor\u00f3w lat 80. \u2014 wspomina\u0142 lata&hellip;\n","protected":false},"author":2,"featured_media":299156,"comment_status":"","ping_status":"","sticky":false,"template":"","format":"standard","meta":{"footnotes":"","_share_on_mastodon":"0"},"categories":[22],"tags":[122,719,261,53,52,68,51,55,4368,42,38,40,39,41,13800,123,47,1607,13801,341,338,65,50,4578,2658],"class_list":["post-299155","post","type-post","status-publish","format-standard","has-post-thumbnail","category-rozrywka","tag-entertainment","tag-kuba_wojewodzki_dziennikarz_jakub_wojewodzki","tag-kultura","tag-new_header","tag-onet3","tag-onet3d","tag-onet3d_2i","tag-phx","tag-piotr_kedzierski","tag-pl","tag-poland","tag-polish","tag-polska","tag-polski","tag-robert_stockinger","tag-rozrywka","tag-screening_general","tag-time_limited","tag-tomasz_stockinger","tag-tylko_w_onecie","tag-tylko_w_plejadzie","tag-update_me","tag-v2021","tag-video_article","tag-wojewodzkikedzierski"],"share_on_mastodon":{"url":"https:\/\/pubeurope.com\/@pl\/116206684410769536","error":""},"_links":{"self":[{"href":"https:\/\/www.europesays.com\/pl\/wp-json\/wp\/v2\/posts\/299155","targetHints":{"allow":["GET"]}}],"collection":[{"href":"https:\/\/www.europesays.com\/pl\/wp-json\/wp\/v2\/posts"}],"about":[{"href":"https:\/\/www.europesays.com\/pl\/wp-json\/wp\/v2\/types\/post"}],"author":[{"embeddable":true,"href":"https:\/\/www.europesays.com\/pl\/wp-json\/wp\/v2\/users\/2"}],"replies":[{"embeddable":true,"href":"https:\/\/www.europesays.com\/pl\/wp-json\/wp\/v2\/comments?post=299155"}],"version-history":[{"count":0,"href":"https:\/\/www.europesays.com\/pl\/wp-json\/wp\/v2\/posts\/299155\/revisions"}],"wp:featuredmedia":[{"embeddable":true,"href":"https:\/\/www.europesays.com\/pl\/wp-json\/wp\/v2\/media\/299156"}],"wp:attachment":[{"href":"https:\/\/www.europesays.com\/pl\/wp-json\/wp\/v2\/media?parent=299155"}],"wp:term":[{"taxonomy":"category","embeddable":true,"href":"https:\/\/www.europesays.com\/pl\/wp-json\/wp\/v2\/categories?post=299155"},{"taxonomy":"post_tag","embeddable":true,"href":"https:\/\/www.europesays.com\/pl\/wp-json\/wp\/v2\/tags?post=299155"}],"curies":[{"name":"wp","href":"https:\/\/api.w.org\/{rel}","templated":true}]}}